{"id":160521,"date":"2025-12-19T19:52:14","date_gmt":"2025-12-19T19:52:14","guid":{"rendered":"https:\/\/www.europesays.com\/pl\/160521\/"},"modified":"2025-12-19T19:52:14","modified_gmt":"2025-12-19T19:52:14","slug":"amerykanskie-bomby-na-nic-iran-wykazuje-aktywnosc-w-zakladach-jadrowych","status":"publish","type":"post","link":"https:\/\/www.europesays.com\/pl\/160521\/","title":{"rendered":"Ameryka\u0144skie bomby na nic? Iran wykazuje aktywno\u015b\u0107 w zak\u0142adach j\u0105drowych"},"content":{"rendered":"<p>2025-12-19 14:46<\/p>\n<p>publikacja<br \/>2025-12-19 14:46<\/p>\n<p>Podziel si\u0119<\/p>\n<p>Zdj\u0119cia satelitarne wykaza\u0142y, \u017ce  w ira\u0144skim zak\u0142adzie wzbogacania uranu, zbombardowanym w czerwcu br., trwa o\u017cywiona dzia\u0142alno\u015b\u0107, poinformowa\u0142 w pi\u0105tek portal Iran International. Mo\u017ce to oznacza\u0107, \u017ce Teheran stara si\u0119 odzyska\u0107 zapasy wysoko wzbogaconego uranu.<\/p>\n<p><img decoding=\"async\" class=\"o-graphics-multiobject__inner-blurry-picture-img\" src=\"https:\/\/www.europesays.com\/pl\/wp-content\/uploads\/2025\/12\/da8d85d3df4932-948-568-7-7-992-595.jpg\" width=\"948\" height=\"568\" alt=\"Ameryka\u0144skie bomby na nic? Iran wykazuje aktywno\u015b\u0107 w zak\u0142adach j\u0105drowych\" loading=\"lazy\"\/><img decoding=\"async\" class=\"o-graphics-multiobject__item webfeedsFeaturedVisual\" src=\"https:\/\/www.europesays.com\/pl\/wp-content\/uploads\/2025\/12\/da8d85d3df4932-948-568-7-7-992-595.jpg\" width=\"948\" height=\"568\" alt=\"Ameryka\u0144skie bomby na nic? Iran wykazuje aktywno\u015b\u0107 w zak\u0142adach j\u0105drowych\" loading=\"lazy\"\/>fot. Inspired By Maps \/ \/\u00a0Shutterstock<\/p>\n<p>Portal, powo\u0142uj\u0105c si\u0119 na analizy ameryka\u0144skiego think tanku Instytut Nauki i Bezpiecze\u0144stwa Mi\u0119dzynarodowego (ISIS), poinformowa\u0142, \u017ce zdj\u0119cia satelitarne wykonane w ostatni weekend ukazuj\u0105 aktywno\u015b\u0107 w w jednym z kluczowych obiekt\u00f3w ira\u0144skiego programu nuklearnego w Natanz.<\/p>\n<p>\u201eZdj\u0119cia satelitarne z 13 grudnia 2025 r. pokazuj\u0105, \u017ce Iran umie\u015bci\u0142 panele zamykaj\u0105ce uszkodzon\u0105 konstrukcj\u0119 przeciwdronow\u0105, tym samym zapewniaj\u0105c zniszczonemu obiektowi os\u0142on\u0119\u201d &#8211; wyja\u015bni\u0142 Iran International. Sugeruje to, \u017ce Iran mo\u017ce pr\u00f3bowa\u0107 uzyska\u0107 dost\u0119p do pozosta\u0142o\u015bci obiektu, jednocze\u015bnie kryj\u0105c swoje dzia\u0142ania przed obserwacj\u0105 z zewn\u0105trz.<\/p>\n<p>\u201eOznacza to, \u017ce Iran chce zbada\u0107 obiekt z dala od w\u015bcibskich oczu\u201d &#8211; zauwa\u017cy\u0142 think tank.<\/p>\n<p>W ci\u0105gu 12-dniowej kampanii w czerwcu br. Izrael, a nast\u0119pnie USA zbombardowa\u0142y kluczowe obiekty ira\u0144skiego programu nuklearnego w Fordo, Parczinie, Isfahanie i Natanz. Skutki bombardowania pozostaj\u0105 niejasne.<\/p>\n<p>Iran jest od dawna oskar\u017cany przez pa\u0144stwa zachodnie o d\u0105\u017cenie do stworzenia broni atomowej. Teheran zaprzecza\u0142, dowodz\u0105c, \u017ce jego celem jest wy\u0142\u0105cznie cywilne wykorzystanie energii j\u0105drowej, jednak jednocze\u015bnie intensywnie wzbogaca\u0142 uran do poziom\u00f3w, kt\u00f3rych nie da si\u0119 wykorzysta\u0107 przy pokojowych zastosowaniach.<\/p>\n<p>Wed\u0142ug ONZ Iran ma oko\u0142o 440 kg uranu wzbogaconego do 60 proc., co &#8211; po wzbogaceniu do 90 proc. &#8211; pozwoli\u0142oby na zbudowanie od o\u015bmiu do dziesi\u0119ciu bomb atomowych. Zgodnie z porozumieniem z 2015 r. stopie\u0144 wzbogacenia uranu w ira\u0144skim programie j\u0105drowym nie mo\u017ce przekracza\u0107 3,67 proc.<\/p>\n<p>W pa\u017adzierniku ameryka\u0144ski think tank alarmowa\u0142 o trwaj\u0105cych pracach konstrukcyjnych tocz\u0105cych si\u0119 r\u00f3wnie\u017c w Parczinie.(PAP)<\/p>\n<p>os\/ kar\/<\/p>\n","protected":false},"excerpt":{"rendered":"2025-12-19 14:46 publikacja2025-12-19 14:46 Podziel si\u0119 Zdj\u0119cia satelitarne wykaza\u0142y, \u017ce w ira\u0144skim zak\u0142adzie wzbogacania uranu, zbombardowanym w czerwcu&hellip;\n","protected":false},"author":2,"featured_media":160522,"comment_status":"","ping_status":"","sticky":false,"template":"","format":"standard","meta":{"footnotes":""},"categories":[14],"tags":[32,33,27,34,35,28,31,25,40,41,80,29,30,26,82,83,84],"class_list":{"0":"post-160521","1":"post","2":"type-post","3":"status-publish","4":"format-standard","5":"has-post-thumbnail","7":"category-swiat","8":"tag-breaking-news","9":"tag-breakingnews","10":"tag-headlines","11":"tag-latest-news","12":"tag-latestnews","13":"tag-naglowki","14":"tag-najwazniejsze-artykuly","15":"tag-news","16":"tag-polish","17":"tag-polski","18":"tag-swiat","19":"tag-top-stories","20":"tag-topstories","21":"tag-wiadomosci","22":"tag-world","23":"tag-world-news","24":"tag-worldnews"},"share_on_mastodon":{"url":"https:\/\/pubeurope.com\/@pl\/115747982527086244","error":""},"_links":{"self":[{"href":"https:\/\/www.europesays.com\/pl\/wp-json\/wp\/v2\/posts\/160521","targetHints":{"allow":["GET"]}}],"collection":[{"href":"https:\/\/www.europesays.com\/pl\/wp-json\/wp\/v2\/posts"}],"about":[{"href":"https:\/\/www.europesays.com\/pl\/wp-json\/wp\/v2\/types\/post"}],"author":[{"embeddable":true,"href":"https:\/\/www.europesays.com\/pl\/wp-json\/wp\/v2\/users\/2"}],"replies":[{"embeddable":true,"href":"https:\/\/www.europesays.com\/pl\/wp-json\/wp\/v2\/comments?post=160521"}],"version-history":[{"count":0,"href":"https:\/\/www.europesays.com\/pl\/wp-json\/wp\/v2\/posts\/160521\/revisions"}],"wp:featuredmedia":[{"embeddable":true,"href":"https:\/\/www.europesays.com\/pl\/wp-json\/wp\/v2\/media\/160522"}],"wp:attachment":[{"href":"https:\/\/www.europesays.com\/pl\/wp-json\/wp\/v2\/media?parent=160521"}],"wp:term":[{"taxonomy":"category","embeddable":true,"href":"https:\/\/www.europesays.com\/pl\/wp-json\/wp\/v2\/categories?post=160521"},{"taxonomy":"post_tag","embeddable":true,"href":"https:\/\/www.europesays.com\/pl\/wp-json\/wp\/v2\/tags?post=160521"}],"curies":[{"name":"wp","href":"https:\/\/api.w.org\/{rel}","templated":true}]}}