{"id":160539,"date":"2025-12-19T20:07:09","date_gmt":"2025-12-19T20:07:09","guid":{"rendered":"https:\/\/www.europesays.com\/pl\/160539\/"},"modified":"2025-12-19T20:07:09","modified_gmt":"2025-12-19T20:07:09","slug":"napad-na-jubilera-na-osiedlu-w-tysiaclecia-w-krakowie-duze-sily-policyjne","status":"publish","type":"post","link":"https:\/\/www.europesays.com\/pl\/160539\/","title":{"rendered":"Napad na jubilera na osiedlu w Tysi\u0105clecia w Krakowie. &#8222;Du\u017ce si\u0142y policyjne&#8221;"},"content":{"rendered":"<p class=\"ods-c-paragraph \">Do napadu dosz\u0142o w pi\u0105tek ok. godz. 16:40 na osiedlu Tysi\u0105clecia w Krakowie. Zamaskowani napastnicy mieli wej\u015b\u0107 do zak\u0142adu jubilerskiego.<\/p>\n<p class=\"ods-c-paragraph \">\u2014 Z tre\u015bci zawiadomienia wynika\u0142o, \u017ce zamaskowani sprawcy pos\u0142ugiwali si\u0119 przedmiotami, kt\u00f3rymi wystraszyli pracownik\u00f3w i dopu\u015bcili si\u0119 kradzie\u017cy \u2014 opisa\u0142a w rozmowie z TVN24 rzeczniczka krakowskiej policji Iwona Szelichiewicz.<\/p>\n<p>Dalszy ci\u0105g artyku\u0142u pod materia\u0142em wideo<\/p>\n<p> Gdzie dosz\u0142o do napadu? <\/p>\n<p> Ilu sprawc\u00f3w bra\u0142o udzia\u0142 w napadzie? <\/p>\n<p> Co si\u0119 sta\u0142o z jednym z pracownik\u00f3w? <\/p>\n<p> Czy sprawcy u\u017cyli broni? <\/p>\n<p>  Napad na jubilera w Krakowie. &#8222;Du\u017ce si\u0142y policyjne&#8221;<\/p>\n<p class=\"ods-c-paragraph \">W momencie zdarzenia w salonie by\u0142o dw\u00f3ch pracownik\u00f3w. Jeden z nich obs\u0142ugiwa\u0142 klient\u00f3w, a drugi mia\u0142 znajdowa\u0107 si\u0119 na zapleczu. W sumie sprawc\u00f3w by\u0142o trzech lub czterech.<\/p>\n<p class=\"ods-c-paragraph \">\u2014 Jeden z pracownik\u00f3w zosta\u0142 uderzony w g\u0142ow\u0119. W czasie trwania przest\u0119pstwa s\u0142yszalny by\u0142 huk. Nie wiemy jeszcze, czy sprawcy u\u017cyli pistoletu hukowego, czy te\u017c u\u017cyli petard \u2014 zaznaczy\u0142a policjantka.<\/p>\n<p class=\"ods-c-paragraph \">Iwona Szelichiewicz opisa\u0142a w rozmowie ze stacj\u0105, \u017ce &#8222;na miejsce skierowane zosta\u0142y du\u017ce si\u0142y policyjne&#8221;. \u2014 Funkcjonariusze na miejscu prowadz\u0105 dzia\u0142ania. Trwaj\u0105 te\u017c czynno\u015bci maj\u0105ce na celu ustalenie to\u017csamo\u015bci sprawc\u00f3w i ich zatrzymanie \u2014 opisa\u0142a.<\/p>\n","protected":false},"excerpt":{"rendered":"Do napadu dosz\u0142o w pi\u0105tek ok. godz. 16:40 na osiedlu Tysi\u0105clecia w Krakowie. Zamaskowani napastnicy mieli wej\u015b\u0107 do&hellip;\n","protected":false},"author":2,"featured_media":160540,"comment_status":"","ping_status":"","sticky":false,"template":"","format":"standard","meta":{"footnotes":""},"categories":[12],"tags":[32,33,36,37,27,31815,1304,34,35,28,31,16249,48,25,46,42,38,414,40,39,41,47,29,30,26],"class_list":{"0":"post-160539","1":"post","2":"type-post","3":"status-publish","4":"format-standard","5":"has-post-thumbnail","7":"category-polska","8":"tag-breaking-news","9":"tag-breakingnews","10":"tag-featured-news","11":"tag-featurednews","12":"tag-headlines","13":"tag-jubiler","14":"tag-krakow","15":"tag-latest-news","16":"tag-latestnews","17":"tag-naglowki","18":"tag-najwazniejsze-artykuly","19":"tag-napad","20":"tag-nat_styl","21":"tag-news","22":"tag-omp","23":"tag-pl","24":"tag-poland","25":"tag-policja","26":"tag-polish","27":"tag-polska","28":"tag-polski","29":"tag-screening_general","30":"tag-top-stories","31":"tag-topstories","32":"tag-wiadomosci"},"share_on_mastodon":{"url":"https:\/\/pubeurope.com\/@pl\/115748041051272027","error":""},"_links":{"self":[{"href":"https:\/\/www.europesays.com\/pl\/wp-json\/wp\/v2\/posts\/160539","targetHints":{"allow":["GET"]}}],"collection":[{"href":"https:\/\/www.europesays.com\/pl\/wp-json\/wp\/v2\/posts"}],"about":[{"href":"https:\/\/www.europesays.com\/pl\/wp-json\/wp\/v2\/types\/post"}],"author":[{"embeddable":true,"href":"https:\/\/www.europesays.com\/pl\/wp-json\/wp\/v2\/users\/2"}],"replies":[{"embeddable":true,"href":"https:\/\/www.europesays.com\/pl\/wp-json\/wp\/v2\/comments?post=160539"}],"version-history":[{"count":0,"href":"https:\/\/www.europesays.com\/pl\/wp-json\/wp\/v2\/posts\/160539\/revisions"}],"wp:featuredmedia":[{"embeddable":true,"href":"https:\/\/www.europesays.com\/pl\/wp-json\/wp\/v2\/media\/160540"}],"wp:attachment":[{"href":"https:\/\/www.europesays.com\/pl\/wp-json\/wp\/v2\/media?parent=160539"}],"wp:term":[{"taxonomy":"category","embeddable":true,"href":"https:\/\/www.europesays.com\/pl\/wp-json\/wp\/v2\/categories?post=160539"},{"taxonomy":"post_tag","embeddable":true,"href":"https:\/\/www.europesays.com\/pl\/wp-json\/wp\/v2\/tags?post=160539"}],"curies":[{"name":"wp","href":"https:\/\/api.w.org\/{rel}","templated":true}]}}