{"id":160543,"date":"2025-12-19T20:10:11","date_gmt":"2025-12-19T20:10:11","guid":{"rendered":"https:\/\/www.europesays.com\/pl\/160543\/"},"modified":"2025-12-19T20:10:11","modified_gmt":"2025-12-19T20:10:11","slug":"agnieszka-kotonska-w-zalobie-w-duszy-ogromny-smutek","status":"publish","type":"post","link":"https:\/\/www.europesays.com\/pl\/160543\/","title":{"rendered":"Agnieszka Koto\u0144ska w \u017ca\u0142obie. &#8222;W duszy ogromny smutek&#8221;"},"content":{"rendered":"<p class=\"ods-c-paragraph \"><a href=\"https:\/\/plejada.pl\/newsy\/agnieszka-kotonska-wspomina-dzien-slubu-pokazala-zdjecia-sprzed-30-lat\/vvmt12x\" id=\"de343877-5824-4d5e-956e-5c3cefe5688c\" rel=\"nofollow noopener\" target=\"_blank\">Agnieszka Koto\u0144ska od lat tworzy trwa\u0142y zwi\u0105zek z Arturem Koto\u0144skim<\/a>. Razem dali si\u0119 pozna\u0107 widzom programu &#8222;Gogglebox. Przed telewizorem&#8221;, a w tym roku \u015bwi\u0119towali 30. rocznic\u0119 \u015blubu. Celebrytka zdoby\u0142a tak\u017ce nowe grono fan\u00f3w po udziale w drugim sezonie &#8222;Kr\u00f3lowej przetrwania&#8221;.<\/p>\n<p>Dalszy ci\u0105g artyku\u0142u pod materia\u0142em wideo<\/p>\n<p> Kto przeszed\u0142 w \u017ca\u0142ob\u0119? <\/p>\n<p> Jak Agnieszka Koto\u0144ska po\u017cegna\u0142a te\u015bcia? <\/p>\n<p> Z kim zwi\u0105zana jest Agnieszka Koto\u0144ska? <\/p>\n<p> Co Agnieszka Koto\u0144ska napisa\u0142a o swoim te\u015bciu? <\/p>\n<p>  Agnieszka Koto\u0144ska w \u017ca\u0142obie. &#8222;W duszy ogromny smutek&#8221;<\/p>\n<p class=\"ods-c-paragraph \">Agnieszka Koto\u0144ska przekaza\u0142a smutn\u0105 wiadomo\u015b\u0107 \u2014 odszed\u0142 jej ukochany te\u015b\u0107, kt\u00f3rego po\u017cegna\u0142a w poruszaj\u0105cym wpisie w mediach spo\u0142eczno\u015bciowych.<\/p>\n<blockquote class=\"ods-o-quota\">\n<p class=\"ods-o-quota__paragraph\">Dzi\u015b odszed\u0142 m\u00f3j ukochany te\u015bciu. W sercu pustka, w g\u0142owie cisza, w duszy ogromny smutek. Zostawi\u0142 po sobie dobro, kt\u00f3rego nie da si\u0119 zmierzy\u0107 s\u0142owami \u2014 dobro, kt\u00f3re zostaje na zawsze<\/p>\n<\/blockquote>\n<p class=\"ods-c-paragraph \">&#8222;B\u0119d\u0119 o nim pami\u0119ta\u0107 w ka\u017cdym wspomnieniu, w ka\u017cdej my\u015bli i w ka\u017cdej modlitwie. Jego mi\u0142o\u015b\u0107 b\u0119dzie mi towarzyszy\u0107 ju\u017c zawsze. Spoczywaj w pokoju, tato. Do zobaczenia&#8221; \u2014 przekaza\u0142a.<\/p>\n<p>   <img decoding=\"async\" src=\"https:\/\/www.europesays.com\/pl\/wp-content\/uploads\/2025\/12\/7enk9lBaHR0cHM6Ly9vY2RuLmV1L3B1bHNjbXMvTURBXy84NDFhZjUyMjRhMWYyYjM3MWMxNTI2MWI0MDM4ZTRiMy5wbmeRlQLNA.jpeg\" height=\"529\" width=\"940\" alt=\"Agnieszka Koto\u0144ska na Instagramie\" loading=\"lazy\" class=\"ods-c-image__img ods-c-image__img--vertical\"\/><\/p>\n<p>Agnieszka Koto\u0144ska na InstagramieInstagram<\/p>\n<p> <img decoding=\"async\" src=\"https:\/\/www.europesays.com\/pl\/wp-content\/uploads\/2025\/12\/r5Ek9lBaHR0cHM6Ly9vY2RuLmV1L3B1bHNjbXMvTURBXy8wN2FiOWZmYzlhMTIwMWMwZGY2MDgwOTE3OWI2ZjhhYy5qcGeRlQLNA.jpeg\" height=\"529\" width=\"940\" alt=\"Agnieszka Koto\u0144ska\" loading=\"lazy\" class=\"ods-c-image__img ods-c-image__img--vertical\"\/><\/p>\n<p>Agnieszka Koto\u0144skaAndras Szilagyi \/ MW Media<\/p>\n<p class=\"ods-c-paragraph \">Dzi\u0119kujemy, \u017ce przeczyta\u0142a\u015b\/e\u015b nasz artyku\u0142 do ko\u0144ca. W serwisie Plejada.pl ka\u017cdego dnia piszemy o najwa\u017cniejszych wydarzeniach show-biznesowych. B\u0105d\u017a na bie\u017c\u0105co! <a rel=\"nofollow noopener\" href=\"https:\/\/profile.google.com\/cp\/Cg0vZy8xMWJ6X19wdHBx\" id=\"77735db6-d8ab-4f9e-92bb-b7ed904b8b14\" target=\"_blank\">Obserwuj<\/a> Plejad\u0119 w Google. Odwied\u017a nas tak\u017ce na <a rel=\"nofollow noopener\" href=\"https:\/\/www.facebook.com\/plejadapl\" id=\"602d2526-1ebc-4637-a721-46e5e2cf0b24\" target=\"_blank\">Facebooku<\/a>, <a rel=\"nofollow noopener\" href=\"https:\/\/www.instagram.com\/plejadapl\/\" id=\"001511d2-b105-4d88-8404-49af3f9c7469\" target=\"_blank\">Instagramie<\/a>, <a rel=\"nofollow noopener\" href=\"https:\/\/www.youtube.com\/c\/plejada\" id=\"187d3f3b-5f62-45e6-856a-825ed8ad7cf4\" target=\"_blank\">YouTubie<\/a> oraz <a rel=\"nofollow noopener\" href=\"https:\/\/www.tiktok.com\/@plejada_pl\" id=\"b6b79f9a-c150-4f3a-9502-5a0040f9eeda\" target=\"_blank\">TikToku<\/a>.<\/p>\n<p class=\"ods-c-paragraph \">Chcesz podzieli\u0107 si\u0119 ciekawym newsem lub zaproponowa\u0107 temat? Skontaktuj si\u0119 z nami, pisz\u0105c maila na adres: <a rel=\"nofollow noopener\" href=\"https:\/\/plejada.pl\/newsy\/agnieszka-kotonska-w-zalobie-w-duszy-ogromny-smutek\/mailto:plejada@redakcjaonet.pl\" id=\"e76074f6-8a39-49fc-8057-fa71ffb2536d\" target=\"_blank\">plejada@redakcjaon<\/a><a rel=\"nofollow noopener\" href=\"https:\/\/et.pl\/\" id=\"37e9deaa-ceb3-4a47-a8c7-7ecab38f5e7f\" target=\"_blank\">et.pl<\/a>.<\/p>\n<p><script async src=\"\/\/www.instagram.com\/embed.js\"><\/script><script async src=\"\/\/www.tiktok.com\/embed.js\"><\/script><\/p>\n","protected":false},"excerpt":{"rendered":"Agnieszka Koto\u0144ska od lat tworzy trwa\u0142y zwi\u0105zek z Arturem Koto\u0144skim. Razem dali si\u0119 pozna\u0107 widzom programu &#8222;Gogglebox. Przed&hellip;\n","protected":false},"author":2,"featured_media":160544,"comment_status":"","ping_status":"","sticky":false,"template":"","format":"standard","meta":{"footnotes":""},"categories":[22],"tags":[31816,122,48,125,46,42,38,40,39,41,123,47],"class_list":{"0":"post-160543","1":"post","2":"type-post","3":"status-publish","4":"format-standard","5":"has-post-thumbnail","7":"category-rozrywka","8":"tag-agnieszka_kotonska","9":"tag-entertainment","10":"tag-nat_styl","11":"tag-newsy","12":"tag-omp","13":"tag-pl","14":"tag-poland","15":"tag-polish","16":"tag-polska","17":"tag-polski","18":"tag-rozrywka","19":"tag-screening_general"},"share_on_mastodon":{"url":"https:\/\/pubeurope.com\/@pl\/115748053189583066","error":""},"_links":{"self":[{"href":"https:\/\/www.europesays.com\/pl\/wp-json\/wp\/v2\/posts\/160543","targetHints":{"allow":["GET"]}}],"collection":[{"href":"https:\/\/www.europesays.com\/pl\/wp-json\/wp\/v2\/posts"}],"about":[{"href":"https:\/\/www.europesays.com\/pl\/wp-json\/wp\/v2\/types\/post"}],"author":[{"embeddable":true,"href":"https:\/\/www.europesays.com\/pl\/wp-json\/wp\/v2\/users\/2"}],"replies":[{"embeddable":true,"href":"https:\/\/www.europesays.com\/pl\/wp-json\/wp\/v2\/comments?post=160543"}],"version-history":[{"count":0,"href":"https:\/\/www.europesays.com\/pl\/wp-json\/wp\/v2\/posts\/160543\/revisions"}],"wp:featuredmedia":[{"embeddable":true,"href":"https:\/\/www.europesays.com\/pl\/wp-json\/wp\/v2\/media\/160544"}],"wp:attachment":[{"href":"https:\/\/www.europesays.com\/pl\/wp-json\/wp\/v2\/media?parent=160543"}],"wp:term":[{"taxonomy":"category","embeddable":true,"href":"https:\/\/www.europesays.com\/pl\/wp-json\/wp\/v2\/categories?post=160543"},{"taxonomy":"post_tag","embeddable":true,"href":"https:\/\/www.europesays.com\/pl\/wp-json\/wp\/v2\/tags?post=160543"}],"curies":[{"name":"wp","href":"https:\/\/api.w.org\/{rel}","templated":true}]}}