{"id":160556,"date":"2025-12-19T20:31:09","date_gmt":"2025-12-19T20:31:09","guid":{"rendered":"https:\/\/www.europesays.com\/pl\/160556\/"},"modified":"2025-12-19T20:31:09","modified_gmt":"2025-12-19T20:31:09","slug":"janja-lesar-i-katarzyna-zillmann-oglosily-to-juz-oficjalnie-jest-happy-end-rmf-fm","status":"publish","type":"post","link":"https:\/\/www.europesays.com\/pl\/160556\/","title":{"rendered":"Janja Lesar i Katarzyna Zillmann og\u0142osi\u0142y to ju\u017c oficjalnie. \u201eJest happy end\u201d :: RMF FM"},"content":{"rendered":"<p>Katarzyna Zillmann i Janja Lesar podzieli\u0142y si\u0119 nowin\u0105. Mog\u0142y ju\u017c oficjalnie og\u0142osi\u0107 fanom elektryzuj\u0105ce zawodowe wie\u015bci. Wszystko opatrzy\u0142y nagraniem kipi\u0105cym blisko\u015bci\u0105. Posypa\u0142y si\u0119 komentarze, a tancerka z \u201eTa\u0144ca z gwiazdami\u201d w odpowiedzi zdecydowa\u0142a si\u0119 jeszcze bardziej uchyli\u0107 r\u0105bka tajemnicy.<\/p>\n<p><img decoding=\"async\" alt=\"\" src=\"https:\/\/www.europesays.com\/pl\/wp-content\/uploads\/2025\/12\/03b0ad4432bfa48310d48f77a3342389.jpg\" class=\"w-100\"\/><\/p>\n<p>fot. Pawe\u0142 Wrzecion\/AKPA<\/p>\n<p>&#13;<br \/>\n\tCo \u0142\u0105czy Katarzyn\u0119 Zillmann i Janj\u0119 Lesar po \u201eTa\u0144cu z gwiazdami\u201d?<\/p>\n<p>&#13;<br \/>\n\tCho\u0107 od fina\u0142u jubileuszowego sezonu \u201e<a href=\"https:\/\/www.rmf.fm\/magazyn\/tag,Dancing%20with%20the%20Stars.%20Taniec%20z%20gwiazdami.html\" rel=\"nofollow noopener\" target=\"_blank\">Dancing with the Stars. Taniec z gwiazdami<\/a>\u201d min\u0105\u0142 ju\u017c ponad miesi\u0105c, nazwiska Katarzyny Zillmann i Janji Lesar nadal s\u0105 na ustach wszystkich. Mimo \u017ce pierwszej w historii polskich edycji \u017ce\u0144skiej parze nie uda\u0142o si\u0119 wygra\u0107 tanecznego show, o wio\u015blarce i tancerce jest wyj\u0105tkowo g\u0142o\u015bno. To m.in. z uwagi na spekulacje dotycz\u0105ce ich relacji.<\/p>\n<p>&#13;<br \/>\n\tPrzypomnijmy, \u017ce po udziale w tanecznym show Polsatu obie sportsmenki ujawni\u0142y, \u017ce w ostatnim czasie zako\u0144czy\u0142y d\u0142ugoletnie zwi\u0105zki. Nie ukrywa\u0142y te\u017c, \u017ce dzi\u0119ki \u201eTa\u0144cowi z gwiazdami\u201d nawi\u0105za\u0142y bardzo blisk\u0105 wi\u0119\u017a. \u201eMam wra\u017cenie, \u017ce jest bardzo fajna relacja, ci\u0119\u017cko tak okre\u015bla\u0107, jakiego s\u0142owa mo\u017cna by tutaj u\u017cy\u0107. Na razie jest super, \u0142\u0105czy nas taniec i wielka pasja, i przyja\u017a\u0144. Lubimy nie tylko ta\u0144czy\u0107, ale te\u017c gotowa\u0107, gdzie si\u0119 okaza\u0142o, \u017ce ja dobrze gotuj\u0119, \u017ce Kasia lubi \u2013 wyzna\u0142a w pi\u0105tek w \u201eHalo, tu Polsat\u201d tancerka.<\/p>\n<p>&#13;<br \/>\n\tLesar i Zillmann przekaza\u0142y nowe wie\u015bci. \u201eJest happy end\u201d<\/p>\n<p>&#13;<br \/>\n\tLesar i Zillmann nadal ch\u0119tnie sp\u0119dzaj\u0105 razem czas i \u2013 jak si\u0119 teraz okazuje \u2013 ich spotkania maj\u0105 charakter nie tylko prywatny, ale i zawodowy. Taneczne partnerki z \u201eTa\u0144ca z gwiazdami\u201d mog\u0142y ju\u017c oficjalnie pochwali\u0107 si\u0119, \u017ce pracowa\u0142y ostatnio nad kolejnym wsp\u00f3lnym projektem. Wszystko wskazuje na to, \u017ce wyst\u0105pi\u0142y we dwie w teledysku.<\/p>\n<p>&#13;<br \/>\n\tPod opublikowanym na Instagramie nagraniem z planu, na kt\u00f3rym w wielu momentach ich twarze s\u0105 oddalone od siebie o jedynie o milimetry, wio\u015blarka zastrzeg\u0142a: \u201eNasz temat wyst\u0119pu w klipie muzycznym to \u201enami\u0119tno\u015b\u0107\u201d, jakby co\u201d. Pod spodem posypa\u0142y si\u0119 komentarze. \u201eJak ty grasz t\u0119 nami\u0119tno\u015b\u0107, a nie czujesz jej, to jest jakie\u015b mistrzostwo \u015bwiata\u201d \u2013 stwierdzi\u0142a jedna z komentuj\u0105cych os\u00f3b.<\/p>\n<p>&#13;<br \/>\n\t\u201eJest w olimpijskiej formie\u201d \u2013 odpar\u0142a na to znienacka <a href=\"https:\/\/www.rmf.fm\/magazyn\/tag,Janja%20Lesar.html\" rel=\"nofollow noopener\" target=\"_blank\">Janja Lesar<\/a>, komplementuj\u0105c srebrn\u0105 medalistk\u0119 z Tokio. W odpowiedzi na inny komentarz uchyli\u0142a te\u017c r\u0105bka tajemnicy w temacie fabu\u0142y klipu. \u201eCo z kiss? Z happy end?\u201d [Co z poca\u0142unkiem? Ze szcz\u0119\u015bliwym zako\u0144czeniem? \u2013 przyp. red.] \u2013 zapyta\u0142a fanka.<\/p>\n<blockquote><p>&#13;<\/p>\n<p>&#13;<br \/>\n\t\tJest happy end. To be continued [ci\u0105g dalszy nast\u0105pi \u2013 przyp. red.] \u2013 zdradzi\u0142a Lesar.<\/p>\n<p>&#13;\n<\/p><\/blockquote>\n<blockquote class=\"instagram-media\" data-instgrm-captioned=\"\" data-instgrm-permalink=\"https:\/\/www.instagram.com\/p\/DSajFxajGKE\/?utm_source=ig_embed&amp;utm_campaign=loading\" data-instgrm-version=\"14\" style=\" background:#FFF; border:0; border-radius:3px; box-shadow:0 0 1px 0 rgba(0,0,0,0.5),0 1px 10px 0 rgba(0,0,0,0.15); margin: 1px; max-width:540px; min-width:326px; padding:0; width:99.375%; width:-webkit-calc(100% - 2px); width:calc(100% - 2px);\"\/>\n<p>\t\t\t\t\t\t<script async src=\"\/\/www.instagram.com\/embed.js\"><\/script><\/p>\n","protected":false},"excerpt":{"rendered":"Katarzyna Zillmann i Janja Lesar podzieli\u0142y si\u0119 nowin\u0105. Mog\u0142y ju\u017c oficjalnie og\u0142osi\u0107 fanom elektryzuj\u0105ce zawodowe wie\u015bci. Wszystko opatrzy\u0142y&hellip;\n","protected":false},"author":2,"featured_media":160557,"comment_status":"","ping_status":"","sticky":false,"template":"","format":"standard","meta":{"footnotes":""},"categories":[22],"tags":[7315,122,17599,7319,29143,42,38,40,39,41,123,4930,7314],"class_list":{"0":"post-160556","1":"post","2":"type-post","3":"status-publish","4":"format-standard","5":"has-post-thumbnail","7":"category-rozrywka","8":"tag-dancing-with-the-stars-taniec-z-gwiazdami","9":"tag-entertainment","10":"tag-janja-lesar","11":"tag-katarzyna-zillmann","12":"tag-katarzyna-zillmann-i-janja-lesar","13":"tag-pl","14":"tag-poland","15":"tag-polish","16":"tag-polska","17":"tag-polski","18":"tag-rozrywka","19":"tag-taniec-z-gwiazdami","20":"tag-taniec-z-gwiazdami-17"},"share_on_mastodon":{"url":"https:\/\/pubeurope.com\/@pl\/115748135708681700","error":""},"_links":{"self":[{"href":"https:\/\/www.europesays.com\/pl\/wp-json\/wp\/v2\/posts\/160556","targetHints":{"allow":["GET"]}}],"collection":[{"href":"https:\/\/www.europesays.com\/pl\/wp-json\/wp\/v2\/posts"}],"about":[{"href":"https:\/\/www.europesays.com\/pl\/wp-json\/wp\/v2\/types\/post"}],"author":[{"embeddable":true,"href":"https:\/\/www.europesays.com\/pl\/wp-json\/wp\/v2\/users\/2"}],"replies":[{"embeddable":true,"href":"https:\/\/www.europesays.com\/pl\/wp-json\/wp\/v2\/comments?post=160556"}],"version-history":[{"count":0,"href":"https:\/\/www.europesays.com\/pl\/wp-json\/wp\/v2\/posts\/160556\/revisions"}],"wp:featuredmedia":[{"embeddable":true,"href":"https:\/\/www.europesays.com\/pl\/wp-json\/wp\/v2\/media\/160557"}],"wp:attachment":[{"href":"https:\/\/www.europesays.com\/pl\/wp-json\/wp\/v2\/media?parent=160556"}],"wp:term":[{"taxonomy":"category","embeddable":true,"href":"https:\/\/www.europesays.com\/pl\/wp-json\/wp\/v2\/categories?post=160556"},{"taxonomy":"post_tag","embeddable":true,"href":"https:\/\/www.europesays.com\/pl\/wp-json\/wp\/v2\/tags?post=160556"}],"curies":[{"name":"wp","href":"https:\/\/api.w.org\/{rel}","templated":true}]}}