{"id":160578,"date":"2025-12-19T20:54:24","date_gmt":"2025-12-19T20:54:24","guid":{"rendered":"https:\/\/www.europesays.com\/pl\/160578\/"},"modified":"2025-12-19T20:54:24","modified_gmt":"2025-12-19T20:54:24","slug":"daria-ladocha-o-rozstaniu-po-24-letnim-zwiazku-trudnosci-przyszly-dopiero-w-tym-roku","status":"publish","type":"post","link":"https:\/\/www.europesays.com\/pl\/160578\/","title":{"rendered":"Daria \u0141adocha o rozstaniu po 24-letnim zwi\u0105zku. &#8222;Trudno\u015bci przysz\u0142y dopiero w tym roku&#8221;"},"content":{"rendered":"<p class=\"ods-c-paragraph \"><a href=\"https:\/\/plejada.pl\/temat\/daria-ladocha\/dpxct1r\" id=\"1281b4c7-4db0-45a1-bfee-dc99569deca5\" rel=\"nofollow noopener\" target=\"_blank\">Daria \u0141adocha<\/a> i Bartek Kulita poznali si\u0119 w 2005 r. Wsp\u00f3lnie wychowywali dwie c\u00f3rki. Jak zdradzi\u0142a <a href=\"https:\/\/plejada.pl\/wywiady\/daria-ladocha-rozstala-sie-z-partnerem-po-24-latach-mowi-o-tym-po-raz-pierwszy\/vyhl1tb\" id=\"89c731a5-e5dd-4ef6-9821-4f1bfeb37a9e\" rel=\"nofollow noopener\" target=\"_blank\">w kwietniowej rozmowie z Plejad\u0105 <\/a>dziennikarka, impulsem do rozstania by\u0142a praca na planie programu &#8222;Azja Express&#8221;. Ju\u017c wtedy okre\u015bli\u0142a swoj\u0105 decyzj\u0119 jako niezwykle bolesn\u0105 i por\u00f3wnywa\u0142a j\u0105 do zabiegu chirurgicznego bez znieczulenia.<\/p>\n<p>Dalszy ci\u0105g artyku\u0142u pod materia\u0142em wideo<\/p>\n<p> Kiedy Daria \u0141adocha rozsta\u0142a si\u0119 z partnerem? <\/p>\n<p> Jak d\u0142ugo Daria \u0141adocha by\u0142a w zwi\u0105zku? <\/p>\n<p> Jakie trudno\u015bci wyst\u0105pi\u0142y po rozstaniu Darii \u0141adochy? <\/p>\n<p> Czy Daria \u0141adocha szuka nowego zwi\u0105zku? <\/p>\n<p>  Daria \u0141adocha o rozstaniu z partnerem po 24 latach<\/p>\n<p class=\"ods-c-paragraph \">Teraz Daria \u0141adocha ponownie skomentowa\u0142a zesz\u0142oroczne rozstanie, kt\u00f3re nale\u017ca\u0142o do jednych z najwi\u0119kszych zmian w jej \u017cyciu.<\/p>\n<p>   Zobacz tak\u017ce<\/p>\n<ul class=\"ods-m-bullet-list\">\n<li class=\"ods-a-bullet ods-a-bullet--normal\"> Rozsta\u0142am si\u0119 z ojcem moich dzieci po 24 latach. Rozstali\u015bmy si\u0119 w zesz\u0142ym roku, ale trudno\u015bci do nas przysz\u0142y dopiero w tym. (&#8230;) To jest jak operacja na otwartym sercu bez znieczulenia. (&#8230;) Ja podj\u0119\u0142am t\u0119 decyzj\u0119, ona by\u0142a bardzo trudna <\/li>\n<\/ul>\n<p class=\"ods-c-paragraph \">\u2014 wyzna\u0142a dziennikarka, nie kryj\u0105c emocji.<\/p>\n<p class=\"ods-c-paragraph \">Obecnie byli partnerzy s\u0105 na etapie budowania nowej relacji, tym razem wy\u0142\u0105cznie jako rodzice. Daria \u0141adocha podkre\u015bla, \u017ce to proces wymagaj\u0105cy czasu, cierpliwo\u015bci i zrozumienia.<\/p>\n<blockquote class=\"ods-o-quota\">\n<p class=\"ods-o-quota__paragraph\">My jeste\u015bmy w etapie budowania tej nowej naszej relacji jako rodzic\u00f3w. Ca\u0142y czas jeste\u015bmy w tym procesie <\/p>\n<\/blockquote>\n<p class=\"ods-c-paragraph \">\u2014 m\u00f3wi\u0142a w podca\u015bcie.<\/p>\n<p class=\"ods-c-paragraph \">Dziennikarka nie ukrywa\u0142a, \u017ce rozstanie po tylu latach to nie tylko zmiana relacji, ale tak\u017ce konfrontacja z w\u0142asn\u0105 to\u017csamo\u015bci\u0105. &#8222;Ca\u0142e moje doros\u0142e \u017cycie by\u0142am z nim. (&#8230;) Bardzo trudno pogodzi\u0107 si\u0119 z tym, \u017ce osobno jeste\u015bmy innymi lud\u017ami, trudno si\u0119 pogodzi\u0107 z tym, \u017ce warto\u015bci, kt\u00f3re by\u0142y nasze wsp\u00f3lne, po rozstaniu ca\u0142kowicie si\u0119 zmieniaj\u0105&#8221; \u2014 przyzna\u0142a.<\/p>\n<p class=\"ods-c-paragraph \">Jak podkre\u015bli\u0142a, obecnie nie szuka nowego zwi\u0105zku. Najwa\u017cniejsza jest dla niej rola matki oraz praca, kt\u00f3r\u0105 okre\u015bla jako swoje hobby. <\/p>\n<p><img decoding=\"async\" src=\"https:\/\/www.europesays.com\/pl\/wp-content\/uploads\/2025\/12\/eG8k9lBaHR0cHM6Ly9vY2RuLmV1L3B1bHNjbXMvTURBXy9lNjAzMDcxNmQzYzBmM2Y4Y2MwZDg4ZWZlODZiODJlZi5qcGeRlQLNA.jpeg\" height=\"529\" width=\"940\" alt=\"Daria \u0141adocha\" loading=\"lazy\" class=\"ods-c-image__img ods-c-image__img--vertical\"\/><\/p>\n<p>Daria \u0141adochaAndras Szilagyi \/ MW Media<\/p>\n<p class=\"ods-c-paragraph \">Dzi\u0119kujemy, \u017ce przeczyta\u0142a\u015b\/e\u015b nasz artyku\u0142 do ko\u0144ca. W serwisie Plejada.pl ka\u017cdego dnia piszemy o najwa\u017cniejszych wydarzeniach show-biznesowych. B\u0105d\u017a na bie\u017c\u0105co! <a rel=\"nofollow noopener\" href=\"https:\/\/news.google.com\/publications\/CAAiEF0PeAlb7W1llpV_mwV2rL4qFAgKIhBdD3gJW-1tZZaVf5sFdqy-?hl=pl&amp;gl=PL&amp;ceid=PL%3Apl\" id=\"66d09c43-4e48-4851-92d2-88f2ceb66a11\" target=\"_blank\">Obserwuj<\/a> Plejad\u0119 w Wiadomo\u015bciach Google. Odwied\u017a nas tak\u017ce na <a rel=\"nofollow noopener\" href=\"https:\/\/www.facebook.com\/plejadapl\" id=\"1b03daf5-5c7c-4553-8276-80b9b5ad9ee5\" target=\"_blank\">Facebooku<\/a>, <a rel=\"nofollow noopener\" href=\"https:\/\/www.instagram.com\/plejadapl\/\" id=\"b0332e45-d0ae-456d-a76f-e5e7e89382e0\" target=\"_blank\">Instagramie<\/a>, <a rel=\"nofollow noopener\" href=\"https:\/\/www.youtube.com\/c\/plejada\" id=\"fe839355-3e6c-448e-b0d4-19ed941dfa9f\" target=\"_blank\">YouTubie<\/a> oraz <a rel=\"nofollow noopener\" href=\"https:\/\/www.tiktok.com\/@plejada_pl\" id=\"89b6f173-efba-4b29-8e4d-c141ac151672\" target=\"_blank\">TikToku<\/a>.<\/p>\n<p class=\"ods-c-paragraph \">Chcesz podzieli\u0107 si\u0119 ciekawym newsem lub zaproponowa\u0107 temat? Skontaktuj si\u0119 z nami, pisz\u0105c maila na adres: plejada@redakcjaonet.pl.<\/p>\n<p><script async src=\"\/\/www.instagram.com\/embed.js\"><\/script><script async src=\"\/\/www.tiktok.com\/embed.js\"><\/script><\/p>\n","protected":false},"excerpt":{"rendered":"Daria \u0141adocha i Bartek Kulita poznali si\u0119 w 2005 r. Wsp\u00f3lnie wychowywali dwie c\u00f3rki. Jak zdradzi\u0142a w kwietniowej&hellip;\n","protected":false},"author":2,"featured_media":160579,"comment_status":"","ping_status":"","sticky":false,"template":"","format":"standard","meta":{"footnotes":""},"categories":[22],"tags":[31820,122,5077,48,125,46,42,38,40,39,41,123,47,2115],"class_list":{"0":"post-160578","1":"post","2":"type-post","3":"status-publish","4":"format-standard","5":"has-post-thumbnail","7":"category-rozrywka","8":"tag-daria_ladocha","9":"tag-entertainment","10":"tag-milosc","11":"tag-nat_styl","12":"tag-newsy","13":"tag-omp","14":"tag-pl","15":"tag-poland","16":"tag-polish","17":"tag-polska","18":"tag-polski","19":"tag-rozrywka","20":"tag-screening_general","21":"tag-zwiazki_gwiazd"},"share_on_mastodon":{"url":"https:\/\/pubeurope.com\/@pl\/115748226883544684","error":""},"_links":{"self":[{"href":"https:\/\/www.europesays.com\/pl\/wp-json\/wp\/v2\/posts\/160578","targetHints":{"allow":["GET"]}}],"collection":[{"href":"https:\/\/www.europesays.com\/pl\/wp-json\/wp\/v2\/posts"}],"about":[{"href":"https:\/\/www.europesays.com\/pl\/wp-json\/wp\/v2\/types\/post"}],"author":[{"embeddable":true,"href":"https:\/\/www.europesays.com\/pl\/wp-json\/wp\/v2\/users\/2"}],"replies":[{"embeddable":true,"href":"https:\/\/www.europesays.com\/pl\/wp-json\/wp\/v2\/comments?post=160578"}],"version-history":[{"count":0,"href":"https:\/\/www.europesays.com\/pl\/wp-json\/wp\/v2\/posts\/160578\/revisions"}],"wp:featuredmedia":[{"embeddable":true,"href":"https:\/\/www.europesays.com\/pl\/wp-json\/wp\/v2\/media\/160579"}],"wp:attachment":[{"href":"https:\/\/www.europesays.com\/pl\/wp-json\/wp\/v2\/media?parent=160578"}],"wp:term":[{"taxonomy":"category","embeddable":true,"href":"https:\/\/www.europesays.com\/pl\/wp-json\/wp\/v2\/categories?post=160578"},{"taxonomy":"post_tag","embeddable":true,"href":"https:\/\/www.europesays.com\/pl\/wp-json\/wp\/v2\/tags?post=160578"}],"curies":[{"name":"wp","href":"https:\/\/api.w.org\/{rel}","templated":true}]}}