{"id":160628,"date":"2025-12-19T21:29:23","date_gmt":"2025-12-19T21:29:23","guid":{"rendered":"https:\/\/www.europesays.com\/pl\/160628\/"},"modified":"2025-12-19T21:29:23","modified_gmt":"2025-12-19T21:29:23","slug":"sensacyjny-sojusz-wewnatrz-pis-beata-szydlo-i-mateusz-morawiecki-lacza-sily","status":"publish","type":"post","link":"https:\/\/www.europesays.com\/pl\/160628\/","title":{"rendered":"Sensacyjny sojusz wewn\u0105trz PiS. Beata Szyd\u0142o i Mateusz Morawiecki \u0142\u0105cz\u0105 si\u0142y"},"content":{"rendered":"<p>On by\u0142 od 2015 r. wicepremierem w jej rz\u0105dzie. I robi\u0142 wszystko by j\u0105 zast\u0105pi\u0107 \u2014 co mu si\u0119 uda\u0142o pod koniec 2017 r. Wtedy to z kolei ona zosta\u0142a wicepremierk\u0105 w jego rz\u0105dzie \u2014 i cierpia\u0142a, dlatego zdecydowa\u0142a si\u0119 wyjecha\u0107 do Europarlamentu. Od tego czasu mi\u0119dzy Beat\u0105 Szyd\u0142o a Mateuszem Morawieckim kwit\u0142a czysta nienawi\u015b\u0107. <a href=\"https:\/\/wiadomosci.onet.pl\/kraj\/afterparty-morawieckiego-prawie-setka-gosci-na-liscie-wielu-w-pis-sie-boi\/22s9p78\" id=\"ea531c4c-870e-481c-a64c-c45ec6ece3e1\" rel=\"nofollow noopener\" target=\"_blank\">Dzi\u015b oboje na bok odk\u0142adaj\u0105 dawne wa\u015bnie i zwieraj\u0105 szyki<\/a>. M\u00f3wi cz\u0142owiek Morawieckiego: \u2014 Sytuacja w partii jest taka, \u017ce musimy zawi\u0105zywa\u0107 nieoczywiste sojusze.<\/p>\n<p class=\"ods-c-paragraph \"><a href=\"https:\/\/wiadomosci.onet.pl\/kraj\/maslarze-kontra-margaryniarze-stan-wyjatkowy-w-pis-caly-czas-kipi\/0x2fymn\" id=\"7ff060ff-9e83-4362-ac2a-868615b617a6\" rel=\"nofollow noopener\" target=\"_blank\">W PiS od tygodni trwa gor\u0105ca dyskusja na temat kierunk\u00f3w programowych, jakie powinna obra\u0107 partia<\/a>. Jedna grupa, tzw. ma\u015blarze \u2014 Czarnek, Jaki, Sasin, Boche\u0144ski \u2014 jest za tym, by skr\u0119ci\u0107 w prawo i powalczy\u0107 o bardziej radykalny elektorat z Konfederacj\u0105 i Grzegorzem Braunem. Inni \u2014 tzw. harcerze, czyli ludzie Morawieckiego \u2014 s\u0105 bardziej umiarkowani i przekonuj\u0105, \u017ce nowych g\u0142os\u00f3w trzeba raczej szuka\u0107 w politycznym centrum.<\/p>\n<p>   <img decoding=\"async\" src=\"https:\/\/www.europesays.com\/pl\/wp-content\/uploads\/2025\/11\/p2Ik9lBaHR0cHM6Ly9vY2RuLmV1L3B1bHNjbXMvTURBXy8wYjBhYWYzNzZiYjc1NDE3MWQ5YTJkMGI2ZGRmZDc0NS5qcGeRlQLNB.jpeg\" height=\"529\" width=\"940\" alt=\"Przemys\u0142aw Czarnek, Patryk Jaki, Jacek Sasin i Tomasz Boche\u0144ski \" loading=\"lazy\" class=\"ods-c-image__img ods-c-image__img--viewport-width\"\/><\/p>\n<p>Przemys\u0142aw Czarnek, Patryk Jaki, Jacek Sasin i Tomasz Boche\u0144skiProfil Jacka Sasina\/Facebook<\/p>\n<p class=\"ods-c-paragraph \">&#8222;Ma\u015blarze&#8221; robi\u0105 wszystko, by zmarginalizowa\u0107 Morawieckiego. Obwiniaj\u0105 jego rz\u0105d za to, \u017ce swymi dzia\u0142aniami \u2014 zw\u0142aszcza polityk\u0105 rzekomych ust\u0119pstw wobec Brukseli \u2014 doprowadzi\u0142 do odp\u0142ywu elektoratu na prawo. I szepc\u0105 do ucha prezesa, \u017ce tylko zaostrzenie kursu pozwoli PiS utrzyma\u0107 dominuj\u0105c\u0105 pozycj\u0119 na prawicy. Morawiecki jest w tej rozgrywce w mniejszo\u015bci. Dlatego szuka sojusznik\u00f3w w ka\u017cdym zakamarku partii. Beata Szyd\u0142o i jej ludzie czekali na taki moment od dawna.<\/p>\n<p>   Szyd\u0142o da\u0142a Morawieckiemu alibi do rozgrywki z Kaczy\u0144skim<\/p>\n<p class=\"ods-c-paragraph \">Jest pi\u0105tek 12 grudnia. Jaros\u0142aw Kaczy\u0144ski organizuje na Nowogrodzkiej spotkanie \u2014 to ma by\u0107 stracie walcz\u0105cych ze sob\u0105 frakcji &#8222;ma\u015blarzy&#8221; oraz &#8222;harcerzy&#8221;.<\/p>\n<p>Dalszy ci\u0105g artyku\u0142u pod materia\u0142em wideo<\/p>\n<p class=\"ods-c-paragraph \">Morawiecki \u2014 kt\u00f3ry wie, \u017ce ma mniejszo\u015b\u0107 we w\u0142adzach PiS \u2014 nie przyje\u017cd\u017ca. Czuje, \u017ce narada w siedzibie PiS zamieni si\u0119 w s\u0105d nad nim. Stosuje wybieg: t\u0142umaczy, \u017ce ma zaplanowane spotkanie z wyborcami na Podkarpaciu. Zorganizowa\u0142 je podkarpacki europose\u0142 PiS Daniel Obajtek, kt\u00f3ry poza Morawieckim zaprosi\u0142 tak\u017ce Beat\u0119 Szyd\u0142o.<\/p>\n<p class=\"ods-c-paragraph \"><a href=\"https:\/\/wiadomosci.onet.pl\/kraj\/pilne-spotkanie-w-pis-jaroslaw-kaczynski-oczekuje-przybycia-mateusza-morawieckiego\/19x4vy7\" id=\"0a8391e9-e06a-4c83-9fe4-ea240baf97c7\" rel=\"nofollow noopener\" target=\"_blank\">Tyle \u017ce Kaczy\u0144ski o tym spotkaniu wiedzia\u0142 i mimo to publicznie wzywa\u0142 Morawieckiego na dywanik<\/a>. Gdyby Szyd\u0142o by\u0142a lojalna wobec prezesa PiS, odwo\u0142a\u0142aby sw\u00f3j udzia\u0142 w spotkaniu na Podkarpaciu, \u017ceby pozbawi\u0107 Morawieckiego alibi. I jako wiceprezeska PiS stawi\u0142aby si\u0119 w siedzibie partii, by wzi\u0105\u0107 udzia\u0142 w s\u0105dzie nad &#8222;harcerzami&#8221;. Teoretycznie tak powinna zrobi\u0107 \u2014 wszak latami czeka\u0142a na rewan\u017c za to, \u017ce Morawiecki pozbawi\u0142 j\u0105 premierostwa.<\/p>\n<p class=\"ods-c-paragraph \">Ale Szyd\u0142o wyjazdu nie odwo\u0142a\u0142a. <a href=\"https:\/\/wiadomosci.onet.pl\/rzeszow\/spor-w-pis-mateusz-morawiecki-nie-stawil-sie-w-siedzibie-partii-apeluje-o-jednosc\/409pj67\" id=\"65ecc8c6-577d-4c1c-8803-10216c539843\" rel=\"nofollow noopener\" target=\"_blank\">Wraz z Morawieckim ostentacyjnie demonstrowali na Podkarpaciu jedno\u015b\u0107<\/a>. To by\u0142a pierwsza sytuacja, w kt\u00f3rej zadzia\u0142a\u0142 taktyczny sojusz dwojga by\u0142ych premier\u00f3w z PiS. P\u00f3\u017aniej w sieci Morawiecki opublikowa\u0142 wsp\u00f3lne zdj\u0119cie z Szyd\u0142o i Obajtkiem. Napisa\u0142: &#8222;Wszyscy jeste\u015bmy w tym razem&#8221;.<\/p>\n<p> Zawieraj\u0105c sojusz z Morawieckim, Szyd\u0142o wraca do gry<\/p>\n<p class=\"ods-c-paragraph \">Teoretycznie Szyd\u0142o powinno by\u0107 bli\u017cej do &#8222;ma\u015blarzy&#8221;. S\u0105 w tym gronie dawni ziobry\u015bci, z kt\u00f3rymi zawsze mia\u0142a dobre relacje \u2014 tak\u017ce dlatego, \u017ce walczyli z Morawieckim.<\/p>\n<p class=\"ods-c-paragraph \">Czemu zatem by\u0142a premier dokona\u0142a wolty? \u2014 Szyd\u0142o jest w partii na marginesie. Uk\u0142ad z &#8222;ma\u015blarzami&#8221; nic by jej nie da\u0142, poza kolejn\u0105 pr\u00f3b\u0105 zemsty na Morawieckim. &#8222;Ma\u015blarze&#8221; nie daj\u0105 jej \u017cadnych szans na powr\u00f3t do gry w krajowej polityce \u2014 m\u00f3wi nam bliski wsp\u00f3\u0142pracownik Morawieckiego.<\/p>\n<p class=\"ods-c-paragraph \">Zawieraj\u0105c sojusz z Morawieckim, Szyd\u0142o \u2014 paradoksalnie \u2014 wraca do gry. Pokazuje autonomiczn\u0105 pozycj\u0119 i staje si\u0119 jednym z graczy w rozgrywce wewn\u0105trz PiS. &#8222;Ma\u015blarzom&#8221; trudno b\u0119dzie zwalcza\u0107 sojusz by\u0142ych premier\u00f3w, tym bardziej, \u017ce Szyd\u0142o trudno obwinia\u0107 za decyzj\u0119 rz\u0105d\u00f3w Morawieckiego.<\/p>\n<p><img decoding=\"async\" src=\"https:\/\/www.europesays.com\/pl\/wp-content\/uploads\/2025\/12\/Pdjk9lBaHR0cHM6Ly9vY2RuLmV1L3B1bHNjbXMvTURBXy8zYWM4ZDdlZTQ2MmVjZWRhOWE1MWYzOTQxMWIzYjAzMC5qcGeRlQLNB.jpeg\" height=\"627\" width=\"940\" alt=\"Mateusz Morawiecki, Jaros\u0142aw Kaczy\u0144ski, Beata Szyd\u0142o\" loading=\"lazy\" class=\"ods-c-image__img ods-c-image__img--viewport-width\"\/><\/p>\n<p>Mateusz Morawiecki, Jaros\u0142aw Kaczy\u0144ski, Beata Szyd\u0142oAndrzej Iwa\u0144czuk\/Reporter \/ East News<\/p>\n<p class=\"ods-c-paragraph \">Szyd\u0142o i Morawiecki graj\u0105 te\u017c wizerunkowo: elektorat PiS widzi zgod\u0119 dwojga by\u0142ych, skonfliktowanych wcze\u015bniej premier\u00f3w, co stoi w kontrze do dzia\u0142a\u0144 &#8222;ma\u015blarzy&#8221;, kt\u00f3rzy nakr\u0119caj\u0105 wojn\u0119 wewn\u0119trzn\u0105.<\/p>\n<p class=\"ods-c-paragraph \">By\u0142a premier ju\u017c kilka lat temu zosta\u0142a zepchni\u0119ta na polityczny margines w PiS. Cho\u0107 formalnie jest wiceprezesk\u0105 partii, jej zdanie praktycznie si\u0119 dla prezesa nie liczy. Nie uczestniczy we wszystkich zebraniach w\u0142adz partii, a nawet je\u015bli jest, to cz\u0119sto nie zabiera g\u0142osu.<\/p>\n<p>&#8222;Beata chcia\u0142aby wr\u00f3ci\u0107, a Mateusz poda\u0142 jej r\u0119k\u0119&#8221;   <\/p>\n<p class=\"ods-c-paragraph \">Cho\u0107 Szyd\u0142o nie jest ju\u017c silna w strukturach PiS, to wci\u0105\u017c wielu wyborc\u00f3w prawicy darzy j\u0105 sentymentem, jako matk\u0119 polityki spo\u0142ecznej, w tym &#8222;500 Plus&#8221;. Dla niej to ostatni moment, by t\u0119 popularno\u015b\u0107 zdyskontowa\u0107 do poprawy swej pozycji w partii. \u2014 Premier Szyd\u0142o wci\u0105\u017c kojarzy si\u0119 naszym wyborcom z najlepszymi czasami rz\u0105d\u00f3w PiS i wci\u0105\u017c potrafi zgromadzi\u0107 wok\u00f3\u0142 siebie ludzi \u2014 przekonuje jeden ze stronnik\u00f3w Szyd\u0142o. Ludzie Szyd\u0142o nie zapominaj\u0105, jak dar\u0142a koty z Mateuszem Morawieckim. Ale dzisiejszy sojusz ich nie dziwi, a cieszy.<\/p>\n<p class=\"ods-c-paragraph \">\u2014 Jak zaznaczy\u0107 swoj\u0105 obecno\u015b\u0107? Zrobi\u0107 wsp\u00f3lne spotkanie zwalczaj\u0105cych si\u0119 dot\u0105d ludzi i pokaza\u0107, \u017ce da si\u0119 wsp\u00f3\u0142pracowa\u0107 w czasie, gdy wszyscy k\u0142\u00f3c\u0105 si\u0119 ze wszystkimi \u2014 m\u00f3wi jeden z dzia\u0142aczy PiS bliski Beacie Szyd\u0142o.<\/p>\n<p class=\"ods-c-paragraph \">Podobne nastroje s\u0105 w\u015br\u00f3d &#8222;harcerzy&#8221;. \u2014 Beata chcia\u0142aby wr\u00f3ci\u0107, a Mateusz poda\u0142 jej r\u0119k\u0119 \u2014 m\u00f3wi sojusznik Morawieckiego. Nigdy nie pa\u0142a\u0142 sympati\u0105 do by\u0142ej premier, ale teraz m\u00f3wi, \u017ce oboje polityk\u00f3w po\u0142\u0105czy\u0142a ch\u0119\u0107 &#8222;odwr\u00f3cenia trendu&#8221;, jaki zaczyna dominowa\u0107 w partii. Chodzi o radykalizacj\u0119 PiS. \u2014 Komu\u015b si\u0119 chyba pomiesza\u0142y szyki, bo nie mo\u017ce by\u0107 tak, \u017ce by\u0142a premier i by\u0142y premier s\u0105 marginalizowani, g\u0142os &#8222;normals\u00f3w&#8221; ignorowany, a radyka\u0142owie chc\u0105 przej\u0105\u0107 parti\u0119 \u2014 denerwuje si\u0119 pose\u0142 PiS.<\/p>\n<p>   Obajtek zeswata\u0142 Szyd\u0142o z Morawieckim<\/p>\n<p class=\"ods-c-paragraph \">Jak s\u0142yszymy w PiS \u0142\u0105cznikiem pomi\u0119dzy Szyd\u0142o i Morawieckim sta\u0142 si\u0119 wspomniany Daniel Obajtek. Pasuje do tej roli idealnie. Z Szyd\u0142o poznali si\u0119 jeszcze, gdy oboje byli samorz\u0105dowcami w Ma\u0142opolsce: ona burmistrzyni\u0105 Brzeszcz (powiat o\u015bwi\u0119cimski), on w\u00f3jtem Pcimia (powiat my\u015blenicki). Po doj\u015bciu PiS do w\u0142adzy Szyd\u0142o da\u0142a mu gigantyczny awans, powo\u0142uj\u0105c najpierw na szefa Agencji Restrukturyzacji i Modernizacji Rolnictwa, a potem na prezesa energetycznej sp\u00f3\u0142ki Energa. Morawiecki awansowa\u0142 go jeszcze bardziej, powierzaj\u0105c fotel prezesa Orlenu. Obajtek trzyma si\u0119 z dala od &#8222;ma\u015blarzy&#8221; \u2014 cho\u0107 za rz\u0105d\u00f3w PiS mia\u0142 dobre relacje z ziobrystami, <a href=\"https:\/\/wiadomosci.onet.pl\/tylko-w-onecie\/tasmy-obajtka-prezes-orlenu-o-jacku-sasinie-trzeba-zrobic-tak-zeby-go-za\/p0exw8s\" id=\"9f40d250-9f92-4d57-977c-915aae51cf4c\" rel=\"nofollow noopener\" target=\"_blank\">to brutalnie walczy\u0142 z Jackiem Sasinem, kt\u00f3ry by\u0142 jego zwierzchnikiem jako minister od sp\u00f3\u0142ek pa\u0144stwowych<\/a>.<\/p>\n<p><img decoding=\"async\" src=\"https:\/\/www.europesays.com\/pl\/wp-content\/uploads\/2025\/12\/8i2k9lBaHR0cHM6Ly9vY2RuLmV1L3B1bHNjbXMvTURBXy84NTgwODA2YzBiMjcwM2IzYTc2ZDRjNzNmNjNiOWEzMS5qcGeRlQLNB.jpeg\" height=\"627\" width=\"940\" alt=\"Jacek Sasin i Daniel Obajtek\" loading=\"lazy\" class=\"ods-c-image__img ods-c-image__img--viewport-width\"\/><\/p>\n<p>Jacek Sasin i Daniel ObajtekAndrzej Iwa\u0144czuk\/Reporter \/ East News<\/p>\n<p class=\"ods-c-paragraph \">\u2014 Obajtek wymy\u015bli\u0142, \u017ce po\u0142\u0105czy \u015brodowiska Morawieckiego i Szyd\u0142o, kt\u00f3re s\u0105 w partii marginalizowane. W imi\u0119 zasady, \u017ce nic tak nie \u0142\u0105czy jak wsp\u00f3lny wr\u00f3g \u2014 m\u00f3wi nam pose\u0142 PiS znaj\u0105cy i \u015brodowisko by\u0142ej premier i otoczenie by\u0142ego premiera.<\/p>\n<p class=\"ods-c-paragraph \">Pakt o nieagresji wykuwa\u0142 si\u0119 w Parlamencie Europejskim. Obajtek negocjowa\u0142 z europos\u0142ami PiS kojarzonymi z Morawieckim: Micha\u0142em Dworczykiem, Piotrem M\u00fcllerem oraz Waldemarem Bud\u0105. \u2014 Obajtek sta\u0142 si\u0119 ulubie\u0144cem Morawieckiego. Spotykaj\u0105 si\u0119 w warszawskim biurze Morawieckiego \u2014 m\u00f3wi nam nasze \u017ar\u00f3d\u0142o w PiS.<\/p>\n<p><img decoding=\"async\" src=\"https:\/\/www.europesays.com\/pl\/wp-content\/uploads\/2025\/12\/J5ek9lBaHR0cHM6Ly9vY2RuLmV1L3B1bHNjbXMvTURBXy82MDM1NmVhZDM2YzYwMjA0YzljZjM0ODIwNzQ2ZWUzMi5qcGeRlQLNB.jpeg\" height=\"627\" width=\"940\" alt=\"Micha\u0142 Dworczyk, Piotr Muller\" loading=\"lazy\" class=\"ods-c-image__img ods-c-image__img--viewport-width\"\/><\/p>\n<p>Micha\u0142 Dworczyk, Piotr MullerAndrzej Iwa\u0144czuk\/Reporter \/ East News<\/p>\n<p class=\"ods-c-paragraph \">Czy ta niepisana koalicja Szyd\u0142o i Morawieckiego b\u0119dzie mia\u0142a swoje kolejne ods\u0142ony? Politycy z obu oboz\u00f3w unikaj\u0105 deklaracji o twardym sojuszu. S\u0142yszymy, \u017ce wszystko zale\u017cy od tego, jak daleko posun\u0105 si\u0119 &#8222;ma\u015blarze&#8221;.<\/p>\n","protected":false},"excerpt":{"rendered":"On by\u0142 od 2015 r. wicepremierem w jej rz\u0105dzie. I robi\u0142 wszystko by j\u0105 zast\u0105pi\u0107 \u2014 co mu&hellip;\n","protected":false},"author":2,"featured_media":160629,"comment_status":"","ping_status":"","sticky":false,"template":"","format":"standard","meta":{"footnotes":"","_share_on_mastodon":"0"},"categories":[12],"tags":[56,25655,32,33,4477,36,37,27,49,34,35,3946,28,31,48,25,46,529,42,38,40,39,41,47,29,30,26],"class_list":["post-160628","post","type-post","status-publish","format-standard","has-post-thumbnail","category-polska","tag-article_premium","tag-beata_szydlo","tag-breaking-news","tag-breakingnews","tag-daniel_obajtek","tag-featured-news","tag-featurednews","tag-headlines","tag-kraj","tag-latest-news","tag-latestnews","tag-mateusz_morawiecki","tag-naglowki","tag-najwazniejsze-artykuly","tag-nat_styl","tag-news","tag-omp","tag-pis","tag-pl","tag-poland","tag-polish","tag-polska","tag-polski","tag-screening_general","tag-top-stories","tag-topstories","tag-wiadomosci"],"share_on_mastodon":{"url":"https:\/\/pubeurope.com\/@pl\/115748363955072799","error":""},"_links":{"self":[{"href":"https:\/\/www.europesays.com\/pl\/wp-json\/wp\/v2\/posts\/160628","targetHints":{"allow":["GET"]}}],"collection":[{"href":"https:\/\/www.europesays.com\/pl\/wp-json\/wp\/v2\/posts"}],"about":[{"href":"https:\/\/www.europesays.com\/pl\/wp-json\/wp\/v2\/types\/post"}],"author":[{"embeddable":true,"href":"https:\/\/www.europesays.com\/pl\/wp-json\/wp\/v2\/users\/2"}],"replies":[{"embeddable":true,"href":"https:\/\/www.europesays.com\/pl\/wp-json\/wp\/v2\/comments?post=160628"}],"version-history":[{"count":0,"href":"https:\/\/www.europesays.com\/pl\/wp-json\/wp\/v2\/posts\/160628\/revisions"}],"wp:featuredmedia":[{"embeddable":true,"href":"https:\/\/www.europesays.com\/pl\/wp-json\/wp\/v2\/media\/160629"}],"wp:attachment":[{"href":"https:\/\/www.europesays.com\/pl\/wp-json\/wp\/v2\/media?parent=160628"}],"wp:term":[{"taxonomy":"category","embeddable":true,"href":"https:\/\/www.europesays.com\/pl\/wp-json\/wp\/v2\/categories?post=160628"},{"taxonomy":"post_tag","embeddable":true,"href":"https:\/\/www.europesays.com\/pl\/wp-json\/wp\/v2\/tags?post=160628"}],"curies":[{"name":"wp","href":"https:\/\/api.w.org\/{rel}","templated":true}]}}