{"id":160783,"date":"2025-12-19T23:34:11","date_gmt":"2025-12-19T23:34:11","guid":{"rendered":"https:\/\/www.europesays.com\/pl\/160783\/"},"modified":"2025-12-19T23:34:11","modified_gmt":"2025-12-19T23:34:11","slug":"usa-uderzyly-w-cele-w-syrii-zabilismy-wielu-wrogow","status":"publish","type":"post","link":"https:\/\/www.europesays.com\/pl\/160783\/","title":{"rendered":"USA uderzy\u0142y w cele w Syrii. &#8222;Zabili\u015bmy wielu wrog\u00f3w&#8221;"},"content":{"rendered":"<p class=\"typography ids-typeset-body ids-typeset-body--preset-large link paragraph ids-paragraph ids-paragraph--default\">&#8222;Je\u015bli zaatakujesz Amerykan\u00f3w &#8211; gdziekolwiek na \u015bwiecie &#8211; sp\u0119dzisz reszt\u0119 swojego kr\u00f3tkiego, pe\u0142nego l\u0119ku \u017cycia, wiedz\u0105c, \u017ce Stany Zjednoczone b\u0119d\u0105 ci\u0119 \u015bciga\u0107, odnajd\u0105 ci\u0119 i bezwzgl\u0119dnie zabij\u0105&#8221; &#8211; napisa\u0142 <a href=\"https:\/\/wydarzenia.interia.pl\/tematy-pete-hegseth,gsbi,6431\" rel=\"nofollow noopener\" target=\"_blank\">Pete Hegseth<\/a> w serwisie X.<\/p>\n<p class=\"typography ids-typeset-body ids-typeset-body--preset-large link paragraph ids-paragraph ids-paragraph--default\">&#8222;To nie jest pocz\u0105tek wojny &#8211; to deklaracja zemsty. Dzi\u015b polowali\u015bmy i zabili\u015bmy naszych wrog\u00f3w. Wielu. I b\u0119dziemy to kontynuowa\u0107&#8221; &#8211; doda\u0142.<\/p>\n<p class=\"typography ids-typeset-body ids-typeset-body--preset-large link paragraph ids-paragraph ids-paragraph--default\">Dw\u00f3ch ameryka\u0144skich urz\u0119dnik\u00f3w, pragn\u0105cych zachowa\u0107 anonimowo\u015b\u0107, poinformowa\u0142o agencj\u0119 Reutera, \u017ce naloty obj\u0119\u0142y dziesi\u0105tki cel\u00f3w Pa\u0144stwa Islamskiego w \u015brodkowej <a href=\"https:\/\/wydarzenia.interia.pl\/tematy-syria,gsbi,4416\" rel=\"nofollow noopener\" target=\"_blank\">Syrii<\/a>.<\/p>\n<p>Syria. USA uderzy\u0142y w cele Pa\u0144stwa Islamskiego. &#8222;Zabili\u015bmy naszych wrog\u00f3w&#8221;<\/p>\n<p class=\"typography ids-typeset-body ids-typeset-body--preset-large link paragraph ids-paragraph ids-paragraph--default\">Szef <a href=\"https:\/\/wydarzenia.interia.pl\/tematy-pentagon,gsbi,2363\" rel=\"nofollow noopener\" target=\"_blank\">Pentagonu<\/a> doda\u0142, \u017ce jest to odpowied\u017a na atak na konw\u00f3j wojskowy, do kt\u00f3rego dosz\u0142o 13 grudnia w Palmyrze. Zgin\u0119\u0142o w\u00f3wczas trzech Amerykan\u00f3w &#8211; dw\u00f3ch \u017co\u0142nierzy i t\u0142umacz. W ataku rannych zosta\u0142o r\u00f3wnie\u017c trzech innych ameryka\u0144skich \u017co\u0142nierzy.<\/p>\n<p class=\"typography ids-typeset-body ids-typeset-body--preset-large link paragraph ids-paragraph ids-paragraph--default\">Jak poda\u0142o syryjskie ministerstwo spraw wewn\u0119trznych napastnikiem by\u0142 cz\u0142onek tamtejszych si\u0142 bezpiecze\u0144stwa, podejrzewany o sympatyzowanie z Pa\u0144stwem Islamskim.<\/p>\n<p class=\"typography ids-typeset-body ids-typeset-body--preset-large link paragraph ids-paragraph ids-paragraph--default\"><a href=\"https:\/\/wydarzenia.interia.pl\/tematy-donald-trump,gsbi,16\" rel=\"nofollow noopener\" target=\"_blank\">Donald Trump<\/a> zapowiedzia\u0142 w\u00f3wczas odwet wobec Pa\u0144stwa Islamskiego.<\/p>\n<p class=\"typography ids-typeset-body ids-typeset-body--preset-large link paragraph ids-paragraph ids-paragraph--default\">&#8222;Uderzamy z pe\u0142n\u0105 si\u0142\u0105 w bastiony ISIS w Syrii &#8211; miejscu przesi\u0105kni\u0119tym krwi\u0105, kt\u00f3re ma wiele problem\u00f3w, ale tak\u017ce jasn\u0105 przysz\u0142o\u015b\u0107, je\u015bli ISIS zostanie wykorzenione&#8221; &#8211; napisa\u0142 prezydent USA na Truth Social.<\/p>\n<p class=\"typography ids-typeset-body ids-typeset-body--preset-large link paragraph ids-paragraph ids-paragraph--default\">Syryjskie ministerstwo spraw zagranicznych potwierdzi\u0142o zaanga\u017cowanie w\u0142adz w walk\u0119 z Pa\u0144stwem Islamskim oraz zapowiedzia\u0142o intensyfikacj\u0119 operacji wojskowych przeciwko tej grupie.<\/p>\n<p class=\"typography ids-typeset-body ids-typeset-body--preset-large link paragraph ids-paragraph ids-paragraph--default\">Wkr\u00f3tce wi\u0119cej informacji&#8230;<\/p>\n<p>&#8222;Graffiti&#8221;: Czy Ziobro mo\u017ce liczy\u0107 na uczciwy proces? Wiceminister sprawiedliwo\u015bci t\u0142umaczyPolsat NewsPolsat News<\/p>\n<p>Przydacz w &#8221;Go\u015bciu Wydarz\u0119\u0144&#8221; o rozmowach Nawrockiego z Ze\u0142enskim: Element nowego otwarcia i urealnienie stosunk\u00f3wPolsat NewsPolsat News<\/p>\n<p><a class=\"ids-undecorated-link source ids-page-info--source__link\" href=\"https:\/\/p.iplsc.com\/-\/000L0SCEGA4O3ESS.pdf\" rel=\"nofollow noopener\" target=\"_blank\"><img decoding=\"async\" class=\"ids-image-holder__img\" loading=\"lazy\" alt=\"\" title=\"\" height=\"24px\" src=\"https:\/\/www.europesays.com\/pl\/wp-content\/uploads\/2025\/12\/1766118973_628_0009A6098CYXTC6T-C202-F4.webp.webp\"\/><\/a><\/p>\n<p>Masz sugestie, uwagi albo widzisz b\u0142\u0105d? Napisz do nas<\/p>\n","protected":false},"excerpt":{"rendered":"&#8222;Je\u015bli zaatakujesz Amerykan\u00f3w &#8211; gdziekolwiek na \u015bwiecie &#8211; sp\u0119dzisz reszt\u0119 swojego kr\u00f3tkiego, pe\u0142nego l\u0119ku \u017cycia, wiedz\u0105c, \u017ce Stany&hellip;\n","protected":false},"author":2,"featured_media":160784,"comment_status":"","ping_status":"","sticky":false,"template":"","format":"standard","meta":{"footnotes":""},"categories":[14],"tags":[32,33,27,34,35,28,31,25,40,41,80,29,30,26,82,83,84],"class_list":{"0":"post-160783","1":"post","2":"type-post","3":"status-publish","4":"format-standard","5":"has-post-thumbnail","7":"category-swiat","8":"tag-breaking-news","9":"tag-breakingnews","10":"tag-headlines","11":"tag-latest-news","12":"tag-latestnews","13":"tag-naglowki","14":"tag-najwazniejsze-artykuly","15":"tag-news","16":"tag-polish","17":"tag-polski","18":"tag-swiat","19":"tag-top-stories","20":"tag-topstories","21":"tag-wiadomosci","22":"tag-world","23":"tag-world-news","24":"tag-worldnews"},"share_on_mastodon":{"url":"https:\/\/pubeurope.com\/@pl\/115748855500249158","error":""},"_links":{"self":[{"href":"https:\/\/www.europesays.com\/pl\/wp-json\/wp\/v2\/posts\/160783","targetHints":{"allow":["GET"]}}],"collection":[{"href":"https:\/\/www.europesays.com\/pl\/wp-json\/wp\/v2\/posts"}],"about":[{"href":"https:\/\/www.europesays.com\/pl\/wp-json\/wp\/v2\/types\/post"}],"author":[{"embeddable":true,"href":"https:\/\/www.europesays.com\/pl\/wp-json\/wp\/v2\/users\/2"}],"replies":[{"embeddable":true,"href":"https:\/\/www.europesays.com\/pl\/wp-json\/wp\/v2\/comments?post=160783"}],"version-history":[{"count":0,"href":"https:\/\/www.europesays.com\/pl\/wp-json\/wp\/v2\/posts\/160783\/revisions"}],"wp:featuredmedia":[{"embeddable":true,"href":"https:\/\/www.europesays.com\/pl\/wp-json\/wp\/v2\/media\/160784"}],"wp:attachment":[{"href":"https:\/\/www.europesays.com\/pl\/wp-json\/wp\/v2\/media?parent=160783"}],"wp:term":[{"taxonomy":"category","embeddable":true,"href":"https:\/\/www.europesays.com\/pl\/wp-json\/wp\/v2\/categories?post=160783"},{"taxonomy":"post_tag","embeddable":true,"href":"https:\/\/www.europesays.com\/pl\/wp-json\/wp\/v2\/tags?post=160783"}],"curies":[{"name":"wp","href":"https:\/\/api.w.org\/{rel}","templated":true}]}}