{"id":160828,"date":"2025-12-20T00:20:12","date_gmt":"2025-12-20T00:20:12","guid":{"rendered":"https:\/\/www.europesays.com\/pl\/160828\/"},"modified":"2025-12-20T00:20:12","modified_gmt":"2025-12-20T00:20:12","slug":"kara-za-zakrecone-kaloryfery-oto-co-mowi-prawo-wp-finanse","status":"publish","type":"post","link":"https:\/\/www.europesays.com\/pl\/160828\/","title":{"rendered":"Kara za zakr\u0119cone kaloryfery? Oto co m\u00f3wi prawo &#8211; WP Finanse"},"content":{"rendered":"<ol>\n<li><a href=\"https:\/\/news.google.com\/rss\/articles\/CBMijwFBVV95cUxNbWZ6LWI4WlpXSUtlQXNRYnpqejRLM1dwUWVZbHVxUFQ5bG9PdmV4MjRjY1RQSVJDUWhORmlrLTFoaUVMTnBMUXI1bkVRTDdJeml3OGg4TzNBMkZZX1JWcDJlaFUxLXZBbzJuNXlzNVNucHJfT1BjTTdoTFB3b1AwMkZGQjE2dVkta29Cak1pWQ?oc=5\" target=\"_blank\" rel=\"nofollow noopener\">Kara za zakr\u0119cone kaloryfery? Oto co m\u00f3wi prawo<\/a>&nbsp;&nbsp;WP Finanse<\/li>\n<li><a href=\"https:\/\/news.google.com\/rss\/articles\/CBMihAJBVV95cUxOZ1RqT2NJSWk3ZnNib3BOS09WcmRGdmJiZ0pYVGRuUU96TVIzNW1uSk1jTDZtZ2FOZ2xzNTZGNWs4R2hoQ1VfejZPM2M5bnQ2VXV3a2lfQlpmSHZvZW9VODRDSVlUNktUX2JHZjlWMUU5b0tGMkVoa2M1cm9qYkZ3Qlc1YXRNS0J5bGZidVRxYmFtQ1JjVXFOOHVKMHhEWUJHUWpwbEdpM2VOY3FBalNpMlJLbjR5eTBzV05XMUN0aFRhbEpNOGJEcEFkM2k3d0JWOWFPdzNUaUJVMUQ0bDc3al83WDJrS1dOUHhITU5uMjlUbGtPcS1DSWN6S1ZXQzhCTm1fcw?oc=5\" target=\"_blank\" rel=\"nofollow noopener\">Teraz kontrole ze sp\u00f3\u0142dzielni, w przysz\u0142ym roku wysokie rachunki. Rz\u0105d wprowadzi\u0142 nowe prawo, nikt si\u0119 nie wywinie. Zap\u0142acisz albo przyjdzie komornik<\/a>&nbsp;&nbsp;Warszawa w Pigu\u0142ce<\/li>\n<li><a href=\"https:\/\/news.google.com\/rss\/articles\/CBMiuwFBVV95cUxQM2g5TFBwRmo5bUQ1LUNkbXNyMWdrUkt5Ym1QOFJPRng3ZmdaQ09XdmJOcG9FN24wZ05Ya2ZHb1JqMTBpZExSTkpsdGpvNjY0VGpvZ3g0MUppekxLdEtXMXROeWx6VHhIZ2FkcDVSbnhQMnRDXzZwQkhSSEc0bGFqVGZpTldhaGNsQzZCV1JrbktEZWtMbF9iTTZld1Zmd013eVJNRkpRNlVrREZrUlZTaTcwcEt2eFgxOEYw?oc=5\" target=\"_blank\" rel=\"nofollow noopener\">Koniec z ciep\u0142em od s\u0105siada? Zmiany maj\u0105 zako\u0144czy\u0107 &#8222;paso\u017cytnictwo cieplne&#8221;<\/a>&nbsp;&nbsp;Warszawa Radio ESKA<\/li>\n<li><a href=\"https:\/\/news.google.com\/rss\/articles\/CBMi0wFBVV95cUxNLU81UzRXckNTc29MSVdGMXZxMDFJMllhZEVTT2tpQUl2VDZneWpIWjFjaDFObHFhVnNUV1NReVJmbmxCNDBQb21XWTNZUDBmem9oSWxWd191TVVpUnM3MDRhTHRNQ3ZlLTU5SERwWnlHVngxMEZ6bzZ0OGdYNVZ5Rkk5bmRuenpKblVvNlZ2LVRzUXQ0NERjVEFsMVVEZFZ1NktqMkFaWG51cEdkdDNiUWpYZnFRb25uNFBrcDFRT2ZyelB2RmdveXdpOVB3RE0xTEFz?oc=5\" target=\"_blank\" rel=\"nofollow noopener\">Sp\u00f3\u0142dzielnie zapowiadaj\u0105 kontrole w mieszkaniach. Kary, dodatkowe op\u0142aty i nowe prawo od przysz\u0142ego roku [AKTUALIZACJA 18.12.2025]<\/a>&nbsp;&nbsp;Warszawa w Pigu\u0142ce<\/li>\n<\/ol>\n","protected":false},"excerpt":{"rendered":"Kara za zakr\u0119cone kaloryfery? Oto co m\u00f3wi prawo&nbsp;&nbsp;WP Finanse Teraz kontrole ze sp\u00f3\u0142dzielni, w przysz\u0142ym roku wysokie rachunki.&hellip;\n","protected":false},"author":2,"featured_media":160829,"comment_status":"","ping_status":"","sticky":false,"template":"","format":"standard","meta":{"footnotes":""},"categories":[12],"tags":[32,33,36,37,27,34,35,28,31,25,42,38,40,39,41,29,30,26],"class_list":{"0":"post-160828","1":"post","2":"type-post","3":"status-publish","4":"format-standard","5":"has-post-thumbnail","7":"category-polska","8":"tag-breaking-news","9":"tag-breakingnews","10":"tag-featured-news","11":"tag-featurednews","12":"tag-headlines","13":"tag-latest-news","14":"tag-latestnews","15":"tag-naglowki","16":"tag-najwazniejsze-artykuly","17":"tag-news","18":"tag-pl","19":"tag-poland","20":"tag-polish","21":"tag-polska","22":"tag-polski","23":"tag-top-stories","24":"tag-topstories","25":"tag-wiadomosci"},"share_on_mastodon":{"url":"","error":""},"_links":{"self":[{"href":"https:\/\/www.europesays.com\/pl\/wp-json\/wp\/v2\/posts\/160828","targetHints":{"allow":["GET"]}}],"collection":[{"href":"https:\/\/www.europesays.com\/pl\/wp-json\/wp\/v2\/posts"}],"about":[{"href":"https:\/\/www.europesays.com\/pl\/wp-json\/wp\/v2\/types\/post"}],"author":[{"embeddable":true,"href":"https:\/\/www.europesays.com\/pl\/wp-json\/wp\/v2\/users\/2"}],"replies":[{"embeddable":true,"href":"https:\/\/www.europesays.com\/pl\/wp-json\/wp\/v2\/comments?post=160828"}],"version-history":[{"count":0,"href":"https:\/\/www.europesays.com\/pl\/wp-json\/wp\/v2\/posts\/160828\/revisions"}],"wp:featuredmedia":[{"embeddable":true,"href":"https:\/\/www.europesays.com\/pl\/wp-json\/wp\/v2\/media\/160829"}],"wp:attachment":[{"href":"https:\/\/www.europesays.com\/pl\/wp-json\/wp\/v2\/media?parent=160828"}],"wp:term":[{"taxonomy":"category","embeddable":true,"href":"https:\/\/www.europesays.com\/pl\/wp-json\/wp\/v2\/categories?post=160828"},{"taxonomy":"post_tag","embeddable":true,"href":"https:\/\/www.europesays.com\/pl\/wp-json\/wp\/v2\/tags?post=160828"}],"curies":[{"name":"wp","href":"https:\/\/api.w.org\/{rel}","templated":true}]}}