{"id":160864,"date":"2025-12-20T01:02:12","date_gmt":"2025-12-20T01:02:12","guid":{"rendered":"https:\/\/www.europesays.com\/pl\/160864\/"},"modified":"2025-12-20T01:02:12","modified_gmt":"2025-12-20T01:02:12","slug":"oppo-reno-15-pro-mini-jako-kompaktowy-sredniak-specyfikacja","status":"publish","type":"post","link":"https:\/\/www.europesays.com\/pl\/160864\/","title":{"rendered":"OPPO Reno 15 Pro Mini jako kompaktowy \u015bredniak: specyfikacja"},"content":{"rendered":"<p class=\"lead\">OPPO Reno 15 Pro Mini mo\u017ce wprowadzi\u0107 powiew \u015bwie\u017co\u015bci do serii \u015bredniak\u00f3w. Przecieki wskazuj\u0105 na kompaktowy format i klas\u0119 premium. To by\u0142by pierwszy taki smartfon w popularnej kolekcji.<\/p>\n<p>Seria <a href=\"https:\/\/www.gsmmaniak.pl\/1614469\/co-dwa-oppo-reno-15-to-nie-jedno-to-sredniak-w-super-cenie\/\" rel=\"nofollow noopener\" target=\"_blank\">OPPO Reno 15<\/a> (na razie) rozwija si\u0119 g\u0142\u00f3wnie w Chinach. Co rusz producent wprowadza kolejne modele do kolekcji. Ostatnim z nich jest <a href=\"https:\/\/www.gsmmaniak.pl\/1621207\/oppo-reno-15c-oficjalnie-cena-specyfikacja\/\" rel=\"nofollow noopener\" target=\"_blank\">OPPO Reno 15c<\/a>. Najnowsze doniesienia wskazuj\u0105 jednak na jeszcze jednego przedstawiciela. Tym razem mia\u0142by nim zosta\u0107 OPPO Reno 15 Pro Mini.<\/p>\n<p>OPPO Reno 15 Pro Mini jako pierwszy kompakt Reno<\/p>\n<p>Wed\u0142ug najnowszych przeciek\u00f3w, OPPO pracuje nad modelem Reno 15 Pro Mini. By\u0142by to pierwszy kompaktowy smartfon w historii serii Reno. Producent pragnie zachowa\u0107 charakterystyczny styl premium. Jednocze\u015bnie urz\u0105dzenie ma by\u0107 wyra\u017anie mniejsze od pozosta\u0142ych modeli, co naturalnie prze\u0142o\u017cy si\u0119 na mniejszy ekran.<\/p>\n<p><a href=\"https:\/\/www.gsmmaniak.pl\/wp-content\/uploads\/gsmmaniak\/2025\/12\/Zrzut-ekranu-2025-12-15-093623.png\" rel=\"nofollow noopener\" target=\"_blank\"><img loading=\"lazy\" decoding=\"async\" aria-describedby=\"caption-attachment-1621221\" class=\"size-medium wp-image-1621221\" src=\"https:\/\/www.europesays.com\/pl\/wp-content\/uploads\/2025\/12\/Zrzut-ekranu-2025-12-15-093623-medium.png\" alt=\"Oppo Reno 15c\" width=\"500\" height=\"428\"   itemprop=\"image\" \/><\/a><\/p>\n<p id=\"caption-attachment-1621221\" class=\"wp-caption-text\">Oppo Reno 15c \/ fot. producenta<\/p>\n<p>Smartfon zostanie wyposa\u017cony w AMOLED o przek\u0105tnej 6,32\u2033. Panel zaoferuje bardzo cienkie ramki o grubo\u015bci oko\u0142o 1,6 mm. Takie rozwi\u0105zanie nada urz\u0105dzeniu nowoczesny wygl\u0105d. Poza tym spore wype\u0142nienie przodu przez frontowe szkie\u0142ko umo\u017cliwi zastosowanie sporej powierzchni roboczej.<\/p>\n<p>OPPO Reno 15 Pro Mini wyr\u00f3\u017cni si\u0119 tak\u017ce ca\u0142kiem kompaktowymi wymiarami. Waga smartfona wyniesie oko\u0142o 187 gram\u00f3w. Grubo\u015b\u0107 obudowy osi\u0105gnie mniej wi\u0119cej 7,99 mm. Ca\u0142o\u015b\u0107 powinna by\u0107 wygodna w codziennym u\u017cytkowaniu, zw\u0142aszcza dla os\u00f3b z mniejszymi d\u0142oniami.<\/p>\n<p>Pozosta\u0142e informacje na temat nowego \u015bredniaka<\/p>\n<p>Specyfikacja b\u0119dzie r\u00f3wnie ciekawa co design. Pod mask\u0119 trafi MediaTek Dimensity 8450, kt\u00f3remu szykuje si\u0119 przynajmniej 12 GB RAM. Ju\u017c sama konfiguracja wydajno\u015bciowa na papierze prezentuje si\u0119 rewelacyjnie, a jeszcze lepiej wygl\u0105da bateria. Mowa o pojemno\u015bci 6000 mAh z \u0142adowaniem 80 W.<\/p>\n<p>Cho\u0107 termin premiery OPPO Reno 15 Pro Mini owiany jest tajemnica, wiem, \u017ce warto czeka\u0107. Chocia\u017cby ze wzgl\u0119du na wytrzyma\u0142\u0105 obudow\u0119 z certyfikatami IP67\/IP68 oraz zestaw trzech aparat\u00f3w na czele z jednostk\u0105 g\u0142\u00f3wn\u0105 200 MP, a tak\u017ce teleobiektywem 50 MP z 3.5-krotnym zoomem optycznym.<\/p>\n<blockquote class=\"wp-embedded-content\" data-secret=\"4k5ebjCIYr\">\n<p><a href=\"https:\/\/www.gsmmaniak.pl\/1614469\/co-dwa-oppo-reno-15-to-nie-jedno-to-sredniak-w-super-cenie\/\" rel=\"nofollow noopener\" target=\"_blank\">Mamy oficjalnie dwa rewelacyjne \u015bredniaki, kt\u00f3re ju\u017c nied\u0142ugo trafi\u0105 do Polski. Ma\u0142o tego \u2014 znamy ich ceny i s\u0105 \u015bwietne<\/a><\/p>\n<\/blockquote>\n<p>\u0179r\u00f3d\u0142o: <a href=\"https:\/\/www.gizmochina.com\/2025\/12\/18\/oppos-reno-series-could-get-its-first-compact-phone-with-the-reno-15-pro-mini\/\" rel=\"nofollow noopener\" target=\"_blank\">gizmochina<\/a><\/p>\n<p>Na stronie mog\u0105 wyst\u0119powa\u0107 linki afiliacyjne lub reklamowe.<\/p>\n","protected":false},"excerpt":{"rendered":"OPPO Reno 15 Pro Mini mo\u017ce wprowadzi\u0107 powiew \u015bwie\u017co\u015bci do serii \u015bredniak\u00f3w. Przecieki wskazuj\u0105 na kompaktowy format i&hellip;\n","protected":false},"author":2,"featured_media":152914,"comment_status":"","ping_status":"","sticky":false,"template":"","format":"standard","meta":{"footnotes":""},"categories":[20],"tags":[12685,31865,120,118,119,29039,31861,31866,31862,31863,31864,42,38,40,39,41,116,114,115,21430,121,117],"class_list":{"0":"post-160864","1":"post","2":"type-post","3":"status-publish","4":"format-standard","5":"has-post-thumbnail","7":"category-nauka-i-technika","8":"tag-kompaktowy-smartfon","9":"tag-kompaktowy-sredniak","10":"tag-nauka","11":"tag-nauka-i-technika","12":"tag-naukatechnika","13":"tag-nowy-oppo","14":"tag-oppo-reno-15-pro-mini","15":"tag-oppo-reno-15-pro-mini-premiera","16":"tag-oppo-reno-15-pro-mini-spec","17":"tag-oppo-reno-15-pro-mini-specyfikacja","18":"tag-oppo-reno-15-pro-mini-zapowiedz","19":"tag-pl","20":"tag-poland","21":"tag-polish","22":"tag-polska","23":"tag-polski","24":"tag-science","25":"tag-science-and-technology","26":"tag-sciencetechnology","27":"tag-smartfon-oppo","28":"tag-technika","29":"tag-technology"},"share_on_mastodon":{"url":"https:\/\/pubeurope.com\/@pl\/115749201368887650","error":""},"_links":{"self":[{"href":"https:\/\/www.europesays.com\/pl\/wp-json\/wp\/v2\/posts\/160864","targetHints":{"allow":["GET"]}}],"collection":[{"href":"https:\/\/www.europesays.com\/pl\/wp-json\/wp\/v2\/posts"}],"about":[{"href":"https:\/\/www.europesays.com\/pl\/wp-json\/wp\/v2\/types\/post"}],"author":[{"embeddable":true,"href":"https:\/\/www.europesays.com\/pl\/wp-json\/wp\/v2\/users\/2"}],"replies":[{"embeddable":true,"href":"https:\/\/www.europesays.com\/pl\/wp-json\/wp\/v2\/comments?post=160864"}],"version-history":[{"count":0,"href":"https:\/\/www.europesays.com\/pl\/wp-json\/wp\/v2\/posts\/160864\/revisions"}],"wp:featuredmedia":[{"embeddable":true,"href":"https:\/\/www.europesays.com\/pl\/wp-json\/wp\/v2\/media\/152914"}],"wp:attachment":[{"href":"https:\/\/www.europesays.com\/pl\/wp-json\/wp\/v2\/media?parent=160864"}],"wp:term":[{"taxonomy":"category","embeddable":true,"href":"https:\/\/www.europesays.com\/pl\/wp-json\/wp\/v2\/categories?post=160864"},{"taxonomy":"post_tag","embeddable":true,"href":"https:\/\/www.europesays.com\/pl\/wp-json\/wp\/v2\/tags?post=160864"}],"curies":[{"name":"wp","href":"https:\/\/api.w.org\/{rel}","templated":true}]}}