{"id":160947,"date":"2025-12-20T03:02:18","date_gmt":"2025-12-20T03:02:18","guid":{"rendered":"https:\/\/www.europesays.com\/pl\/160947\/"},"modified":"2025-12-20T03:02:18","modified_gmt":"2025-12-20T03:02:18","slug":"macbook-z-5-letnim-procesorem-iphona-mialo-byc-tanio-ale-bez-przesady","status":"publish","type":"post","link":"https:\/\/www.europesays.com\/pl\/160947\/","title":{"rendered":"MacBook z 5-letnim procesorem iPhona? Mia\u0142o by\u0107 tanio, ale bez przesady"},"content":{"rendered":"<p style=\"text-align:justify\">Tani MacBook b\u0119dzie posiada\u0142 procesor, kt\u00f3rego Apple u\u017cywa\u0142o w iPhone\u2019ach. Przeciek wskazuje, \u017ce firma z Cupertino testowa\u0142a laptopa z chipem, kt\u00f3ry aktualnie ma ponad 4 lata. Ale co finalnie b\u0119dzie nap\u0119dza\u0107 ten komputer?<\/p>\n<p style=\"text-align:justify\">O tym, \u017ce Apple szykuje na przysz\u0142y rok taniego MacBooka z iPhone\u2019owym procesorem wiedz\u0105 ju\u017c chyba wszyscy zainteresowani dzia\u0142aniami tej firmy. Je\u015bli jednak omin\u0105\u0142 Was ten temat to w skr\u00f3cie przypomnijmy o co chodzi. Rok 2026 ma przynie\u015b\u0107 rozszerzenie oferty laptop\u00f3w Apple. Pojawi\u0107 ma si\u0119 tani model, kt\u00f3ry wed\u0142ug licznych doniesie\u0144 b\u0119dzie opiera\u0142 si\u0119 nie na procesorze z serii M, jak jego starsi bracia, tylko na chipie, kt\u00f3ry nap\u0119dza iPhone\u2019y.<\/p>\n<blockquote><p>&#13;<\/p>\n<p style=\"text-align:justify\">Wertuj\u0105c znajduj\u0105ce si\u0119 w pliku wpisy mo\u017cna by\u0142o natkn\u0105\u0107 si\u0119 na taki, kt\u00f3ry wprost odnosi\u0142 si\u0119 do MacBooka z procesorem A15 Bionic.<\/p>\n<p>&#13;\n<\/p><\/blockquote>\n<p><a href=\"https:\/\/www.europesays.com\/pl\/wp-content\/uploads\/2025\/12\/macbook2_35f92ab1a1.jpg\"><img decoding=\"async\" alt=\"MAcBook Air\" class=\"center-block gallery-image img-responsive\" src=\"https:\/\/www.europesays.com\/pl\/wp-content\/uploads\/2025\/12\/macbook2_35f92ab1a1.jpg\" style=\"max-height:500px\"\/><\/a>&#13;<br \/>\n&#13;<br \/>\n\u00a0&#13;<\/p>\n<p style=\"text-align:justify\">Procesor ze smartfona w laptopie brzmi dla Was troch\u0119 jak co\u015b, co mog\u0142oby wymy\u015bli\u0107 tylko Apple? Rzecz w tym, \u017ce dla wielu u\u017cytkownik\u00f3w nowoczesny procesor z iPhone\u2019a mo\u017ce okaza\u0107 si\u0119\u2026 w pe\u0142ni wystarczaj\u0105cy. A do tego prawdopodobnie b\u0119dzie pobiera\u0142 mniej pr\u0105du. Pozostaje tylko kluczowe pytanie &#8211; jaki chip zosta\u0142 wybrany przez Apple?<\/p>\n<p>Zestaw do debugowania j\u0105dra \u017ar\u00f3d\u0142em informacji<\/p>\n<p style=\"text-align:justify\">Ciekawe informacje w temacie prac nad bud\u017cetowym MacBookiem dostarczy\u0142 serwis <a href=\"https:\/\/www.macrumors.com\/2025\/12\/17\/apple-tested-a15-macbook\/\" rel=\"nofollow noopener\" target=\"_blank\">MacRumors<\/a>. Opieraj\u0105 si\u0119 one na plikach zestawu do debugowania j\u0105dra, kt\u00f3rych u\u017cywaj\u0105 specjali\u015bci pracuj\u0105cy dla Apple. Zestaw ten by\u0142 omy\u0142kowy udost\u0119pniony na stronie internetowej firmy i sta\u0142 si\u0119 \u017ar\u00f3d\u0142em przeciek\u00f3w.<\/p>\n<p style=\"text-align:justify\">Wertuj\u0105c znajduj\u0105ce si\u0119 w pliku wpisy mo\u017cna by\u0142o natkn\u0105\u0107 si\u0119 na taki, kt\u00f3ry wprost odnosi\u0142 si\u0119 do MacBooka z procesorem A15 Bionic. Informacje te zosta\u0142y umieszczone pod etykiet\u0105 projektu \u201emac14p\u201d. Sama platforma dosta\u0142a z kolei oznaczenie \u201eH14P\u201d. Dodajmy, \u017ce A15 Bionic to ju\u017c ca\u0142kiem nie naj\u015bwie\u017cszy chip. Jego premiera mia\u0142a miejsce w 2021 roku, kiedy debiutowa\u0142 na pok\u0142adzie iPhone\u2019\u00f3w 13. Pytanie wi\u0119c czy Apple mia\u0142oby na tyle du\u017co odwagi, \u017ceby oferowa\u0107 klientom zupe\u0142nie nowy produkt z w\u00f3wczas ju\u017c 5-letnim procesorem?<\/p>\n<p>A15 Bionic w tanim MacBooku? Chyba raczej nie<\/p>\n<p style=\"text-align:justify\">W tym wszystkim pami\u0119tajmy o jednym. Komputery nie s\u0105 projektowane i rozwijane z dnia na dzie\u0144. Odkryty wpis m\u00f3wi\u0105cy o istnieniu laptopa z procesorem A15 Bionic mo\u017ce by\u0107 w pe\u0142ni poprawny, ale prawdopodobnie to jedynie platforma rozwojowa, od kt\u00f3rej Apple zacz\u0119\u0142o prace nad nowym urz\u0105dzeniem.<\/p>\n<p><a href=\"https:\/\/www.europesays.com\/pl\/wp-content\/uploads\/2025\/12\/macbook-air_4b2ce28e0f.jpg\"><img decoding=\"async\" alt=\"MAcBook Air\" class=\"center-block gallery-image img-responsive\" src=\"https:\/\/www.europesays.com\/pl\/wp-content\/uploads\/2025\/12\/macbook-air_4b2ce28e0f.jpg\" style=\"max-height:500px\"\/><\/a>&#13;<br \/>\n&#13;<br \/>\n\u00a0&#13;<\/p>\n<p style=\"text-align:justify\">Aktualnie m\u00f3wi si\u0119, \u017ce firma z Cupertino zaoferuje w ramach taniego MacBooka procesor A18 Pro. To ten sam uk\u0142ad, kt\u00f3ry znajdziemy w iPhone\u2019ach 16 Pro. Okazuje si\u0119 bowiem, \u017ce w tym samym zbiorze informacji znajduje si\u0119 odniesienie do MacBooka w\u0142a\u015bnie z A18 Pro. Urz\u0105dzenie to dosta\u0142o identyfikator \u201eJ700\u201d. Ponadto opis wskazuje na u\u017cycie bezprzewodowego podsystemu od MediaTeka.<\/p>\n<p style=\"text-align:justify\">Koniec ko\u0144c\u00f3w powinni\u015bmy raczej spodziewa\u0107 si\u0119 u\u017cycia w\u0142a\u015bnie A18 Pro. To ca\u0142kiem \u015bwie\u017cy chip. Sam tani MacBook ma natomiast posiada\u0107 ekran o przek\u0105tnej 12,9\u00a0cala\u00a0z ta\u0144szym wy\u015bwietlaczem LCD. Podobno b\u0119dzie kosztowa\u0142 sporo poni\u017cej 1000 dolar\u00f3w i zadebiutuje w pierwszej po\u0142owie 2026 roku. Jeste\u015bmy bardzo ciekawi czy kolejne bud\u017cetowe urz\u0105dzenie od Apple realnie wp\u0142ynie na rynek laptop\u00f3w.<\/p>\n<p class=\"m-0\">Spodoba\u0142o Ci si\u0119? Podziel si\u0119 ze znajomymi!<\/p>\n","protected":false},"excerpt":{"rendered":"Tani MacBook b\u0119dzie posiada\u0142 procesor, kt\u00f3rego Apple u\u017cywa\u0142o w iPhone\u2019ach. Przeciek wskazuje, \u017ce firma z Cupertino testowa\u0142a laptopa&hellip;\n","protected":false},"author":2,"featured_media":160948,"comment_status":"","ping_status":"","sticky":false,"template":"","format":"standard","meta":{"footnotes":""},"categories":[20],"tags":[489,20372,120,118,119,42,38,40,39,41,116,114,115,121,117],"class_list":{"0":"post-160947","1":"post","2":"type-post","3":"status-publish","4":"format-standard","5":"has-post-thumbnail","7":"category-nauka-i-technika","8":"tag-apple","9":"tag-macbook","10":"tag-nauka","11":"tag-nauka-i-technika","12":"tag-naukatechnika","13":"tag-pl","14":"tag-poland","15":"tag-polish","16":"tag-polska","17":"tag-polski","18":"tag-science","19":"tag-science-and-technology","20":"tag-sciencetechnology","21":"tag-technika","22":"tag-technology"},"share_on_mastodon":{"url":"https:\/\/pubeurope.com\/@pl\/115749672982547946","error":""},"_links":{"self":[{"href":"https:\/\/www.europesays.com\/pl\/wp-json\/wp\/v2\/posts\/160947","targetHints":{"allow":["GET"]}}],"collection":[{"href":"https:\/\/www.europesays.com\/pl\/wp-json\/wp\/v2\/posts"}],"about":[{"href":"https:\/\/www.europesays.com\/pl\/wp-json\/wp\/v2\/types\/post"}],"author":[{"embeddable":true,"href":"https:\/\/www.europesays.com\/pl\/wp-json\/wp\/v2\/users\/2"}],"replies":[{"embeddable":true,"href":"https:\/\/www.europesays.com\/pl\/wp-json\/wp\/v2\/comments?post=160947"}],"version-history":[{"count":0,"href":"https:\/\/www.europesays.com\/pl\/wp-json\/wp\/v2\/posts\/160947\/revisions"}],"wp:featuredmedia":[{"embeddable":true,"href":"https:\/\/www.europesays.com\/pl\/wp-json\/wp\/v2\/media\/160948"}],"wp:attachment":[{"href":"https:\/\/www.europesays.com\/pl\/wp-json\/wp\/v2\/media?parent=160947"}],"wp:term":[{"taxonomy":"category","embeddable":true,"href":"https:\/\/www.europesays.com\/pl\/wp-json\/wp\/v2\/categories?post=160947"},{"taxonomy":"post_tag","embeddable":true,"href":"https:\/\/www.europesays.com\/pl\/wp-json\/wp\/v2\/tags?post=160947"}],"curies":[{"name":"wp","href":"https:\/\/api.w.org\/{rel}","templated":true}]}}