{"id":161021,"date":"2025-12-20T06:06:14","date_gmt":"2025-12-20T06:06:14","guid":{"rendered":"https:\/\/www.europesays.com\/pl\/161021\/"},"modified":"2025-12-20T06:06:14","modified_gmt":"2025-12-20T06:06:14","slug":"krajowy-plan-na-rzecz-energii-i-klimatu-pod-lupa-ekspertow","status":"publish","type":"post","link":"https:\/\/www.europesays.com\/pl\/161021\/","title":{"rendered":"Krajowy Plan na rzecz Energii i Klimatu pod lup\u0105 ekspert\u00f3w"},"content":{"rendered":"<p class=\"Paragraph_desktopParagraph__U31Gm\">Co istotne, nawet pa\u0144stwowy operator systemu przesy\u0142owego \u2014 Polskie Sieci Elektroenergetyczne \u2014 wskazuje w swojej najnowszej strategii, \u017ce przygotowanie bezemisyjnego systemu elektroenergetycznego jest mo\u017cliwe ju\u017c w 2035 r. Rz\u0105dowy plan zak\u0142ada jednak znacznie wolniejsze tempo zmian.<\/p>\n<p>Co rz\u0105d obiecuje Polakom <\/p>\n<p class=\"Paragraph_desktopParagraph__U31Gm\">Ministerstwo Energii przedstawia projekt KPEiK do 2030 r. z perspektyw\u0105 do 2040 r. jako dokument gwarantuj\u0105cy stabilno\u015b\u0107 dostaw, bezpiecze\u0144stwo energetyczne i ochron\u0119 odbiorc\u00f3w przed nadmiernym wzrostem cen. Fundamentem tej strategii maj\u0105 by\u0107 energetyka j\u0105drowa, odnawialne \u017ar\u00f3d\u0142a energii oraz &#8222;przej\u015bciowo&#8221; gaz i biomasa.<\/p>\n<ul class=\"OchatFollowUps_wrapper__1ry7X\">\n<li class=\"OchatFollowUps_item__Dhyly OchatFollowUps_itemDesktop__R6aBv\">Co eksperci m\u00f3wi\u0105 o Krajowym Planie na rzecz Energii i Klimatu?<\/li>\n<li class=\"OchatFollowUps_item__Dhyly OchatFollowUps_itemDesktop__R6aBv\">Jakie s\u0105 g\u0142\u00f3wne za\u0142o\u017cenia rz\u0105dowego planu?<\/li>\n<li class=\"OchatFollowUps_item__Dhyly OchatFollowUps_itemDesktop__R6aBv\">Dlaczego Polska jest ostatnia w aktualizacji KPEiK?<\/li>\n<li class=\"OchatFollowUps_item__Dhyly OchatFollowUps_itemDesktop__R6aBv\">Jakie konsekwencje niesie zwi\u0119kszenie roli biomasy w KPEiK?<\/li>\n<\/ul>\n<p class=\"Paragraph_desktopParagraph__U31Gm\">[REKLAMA]<\/p>\n<p class=\"Paragraph_desktopParagraph__U31Gm\">W oficjalnej narracji jest to &#8222;zr\u00f3wnowa\u017cona droga \u015brodka&#8221;, unikaj\u0105ca zar\u00f3wno zbyt szybkiej transformacji, jak i ryzykownych eksperyment\u00f3w. Zdaniem wielu ekspert\u00f3w taki opis nie uwzgl\u0119dnia jednak realnych koszt\u00f3w i konsekwencji tych wybor\u00f3w.<\/p>\n<p>Od ambitnego planu do wersji zachowawczej  <\/p>\n<p class=\"Paragraph_desktopParagraph__U31Gm\">Jeszcze latem Ministerstwo Klimatu i \u015arodowiska zaprezentowa\u0142o dwa mo\u017cliwe scenariusze transformacji energetycznej. Scenariusz WAM (with additional measures) zak\u0142ada\u0142 szybki rozw\u00f3j odnawialnych \u017ar\u00f3de\u0142 energii, elektryfikacj\u0119 oraz spadek cen energii w d\u0142u\u017cszej perspektywie. Scenariusz WEM (with existing measures) opiera\u0142 si\u0119 na utrzymaniu obecnego modelu energetyki i powolnych zmianach.<\/p>\n<p class=\"Paragraph_desktopParagraph__U31Gm\">Ten pierwszy by\u0142 szeroko oceniany jako korzystniejszy dla gospodarki i odbiorc\u00f3w energii. Po zmianach w rz\u0105dzie dokument trafi\u0142 jednak do nowo utworzonego Ministerstwa Energii, kt\u00f3re jako preferowany wskaza\u0142o wariant ograniczaj\u0105cy rozw\u00f3j OZE, zw\u0142aszcza wiatru i s\u0142o\u0144ca, na rzecz biomasy (w ciep\u0142ownictwie), gazu i atomu.<\/p>\n<p class=\"Paragraph_desktopParagraph__U31Gm\">\u2014 Zmniejszanie roli OZE na rzecz energetyki j\u0105drowej oznacza wolniejsz\u0105 i dro\u017csz\u0105 transformacj\u0119. Scenariusz WAM jest korzystniejszy zar\u00f3wno dla klimatu, jak i portfeli obywateli \u2014 podkre\u015bla Marcin Korolec, prezes Instytutu Zielonej Gospodarki i by\u0142y minister \u015brodowiska.<\/p>\n<p>Sp\u00f3\u017anieni i w ogonie Europy <\/p>\n<p class=\"Paragraph_desktopParagraph__U31Gm\">Problemem jest nie tylko kierunek, ale te\u017c tempo. Polska powinna by\u0142a przekaza\u0107 zaktualizowany KPEiK do Komisji Europejskiej do ko\u0144ca czerwca 2024 r. Wszystkie pozosta\u0142e pa\u0144stwa UE ju\u017c to zrobi\u0142y \u2014 Polska jest ostatnia.<\/p>\n<p class=\"Paragraph_desktopParagraph__U31Gm\">Zdaniem ekspert\u00f3w op\u00f3\u017anienie jest symptomem g\u0142\u0119bszego problemu \u2014 braku decyzji co do realnego kierunku transformacji. W ich ocenie obecny projekt nie prowadzi do obni\u017cenia koszt\u00f3w energii, lecz przed\u0142u\u017ca okres uzale\u017cnienia od drogich paliw, w du\u017cej mierze sprowadzanych z zagranicy. Dla gospodarstw domowych oznacza to wolniejsze obni\u017canie rachunk\u00f3w.<\/p>\n<p class=\"Paragraph_desktopParagraph__U31Gm\">\u2014 R\u0119ce opadaj\u0105, jak Ministerstwo Energii zmienia KPEiK: wi\u0119cej w\u0119gla, atomu i biomasy, mniej wiatru i fotowoltaiki. Zamiast tanich, modu\u0142owych i szybkich w budowie rozwi\u0105za\u0144 wybiera si\u0119 drogie i wieloletnie inwestycje. To pokazuje brak zrozumienia nowej energetyki i my\u015blenia systemowego oraz wyra\u017any wp\u0142yw lobbyst\u00f3w \u2014 m\u00f3wi Marcin Popkiewicz, analityk megatrend\u00f3w i autor ksi\u0105\u017cek o transformacji energetycznej.<\/p>\n<p>Europa przyspiesza \u2014 nie tylko w OZE <\/p>\n<p class=\"Paragraph_desktopParagraph__U31Gm\">Podczas gdy Polska spowalnia transformacj\u0119, inne kraje europejskie stawiaj\u0105 na szybki rozw\u00f3j OZE po\u0142\u0105czony z elektryfikacj\u0105 i popraw\u0105 efektywno\u015bci energetycznej. Dania, Hiszpania czy Wielka Brytania inwestuj\u0105 w pompy ciep\u0142a, magazyny energii, ciep\u0142o odpadowe i elastyczno\u015b\u0107 po stronie odbiorc\u00f3w.<\/p>\n<p class=\"Paragraph_desktopParagraph__U31Gm\">Takie podej\u015bcie pozwala ogranicza\u0107 zu\u017cycie paliw, obni\u017ca\u0107 koszty systemowe i szybciej uniezale\u017cnia\u0107 si\u0119 od importu. W polskim KPEiK dominuje natomiast logika dalszego spalania \u2014 gazu, biomasy i w\u0119gla \u2014 zamiast bezpo\u015bredniego wykorzystania energii elektrycznej z OZE.<\/p>\n<p>Ciep\u0142ownictwo dobre na wiek XX, nie XXI <\/p>\n<p class=\"Paragraph_desktopParagraph__U31Gm\">Szczeg\u00f3lnie wida\u0107 to w planach dla ciep\u0142ownictwa. Rz\u0105d zak\u0142ada, \u017ce jeszcze w 2040 r. system ma w du\u017cej mierze opiera\u0107 si\u0119 na spalaniu w\u0119gla, gazu i biomasy. W praktyce oznacza to, \u017ce ceny ciep\u0142a b\u0119d\u0105 zale\u017cne od importowanych surowc\u00f3w i sytuacji na rynkach mi\u0119dzynarodowych, a nie od krajowej, taniej energii odnawialnej.<\/p>\n<p class=\"Paragraph_desktopParagraph__U31Gm\">\u2014 Nie ma tu elektryfikacji, nie ma pomp ciep\u0142a. To my\u015blenie z minionej epoki. Je\u015bli nie elektryfikujemy, jeste\u015bmy skazani na spalanie. Biomasy mamy ograniczon\u0105 ilo\u015b\u0107, a wod\u00f3r pozostaje drogim i nieefektywnym paliwem. \u2014 ocenia Popkiewicz.<\/p>\n<p><img decoding=\"async\" class=\"Image_image__0tuHp Image_autoHeight__f2n87 \" height=\"585\" width=\"940\" src=\"https:\/\/www.europesays.com\/pl\/wp-content\/uploads\/2025\/12\/zjak9kpTURBXy9kYTNlYmQyZmE2YmM0YTc1ZWM1YmIxOWFiMmJiNWFhYi5qcGeSlQLNA6wAwsOVAgDNAkvCw94AA6EwAaExAaEzw.jpeg\" alt=\"Produkcja ciep\u0142a sieciowego\" loading=\"lazy\" \/>Ministerstwo Energii \/ Domena publiczna<\/p>\n<p>Produkcja ciep\u0142a sieciowego<\/p>\n<p>Operator sieci pokazuje, \u017ce si\u0119 da. Rz\u0105d wybiera inaczej <\/p>\n<p class=\"Paragraph_desktopParagraph__U31Gm\">Najwi\u0119ksz\u0105 niesp\u00f3jno\u015b\u0107 wida\u0107 w zestawieniu rz\u0105dowego planu z now\u0105 strategi\u0105 Polskich Sieci Elektroenergetycznych. PSE zak\u0142adaj\u0105 przygotowanie systemu elektroenergetycznego na bezemisyjny miks ju\u017c w 2035 r. To istotne r\u00f3wnie\u017c dla ciep\u0142ownictwa. Nowoczesne ogrzewanie oznacza bowiem elektryfikacj\u0119 \u2014 pompy ciep\u0142a, magazyny energii i inteligentne sieci.<\/p>\n<p class=\"Paragraph_desktopParagraph__U31Gm\">\u2014 Elektryfikacja jest nieunikniona \u2014 deklaruje PSE, wskazuj\u0105c jako swoj\u0105 misj\u0119 bezpiecze\u0144stwo, konkurencyjno\u015b\u0107 i neutralno\u015b\u0107 klimatyczn\u0105.<\/p>\n<p class=\"Paragraph_desktopParagraph__U31Gm\">Zdaniem ekspert\u00f3w skoro nawet instytucja znana z ostro\u017cno\u015bci uznaje taki scenariusz za realny, trudno zrozumie\u0107, dlaczego rz\u0105d decyduje si\u0119 na wolniejsze tempo.<\/p>\n<p>Energia coraz bardziej lokalna. Argument za OZE, nie za gazem <\/p>\n<p class=\"Paragraph_desktopParagraph__U31Gm\">Trend jest jednoznaczny: coraz wi\u0119cej energii powstaje i jest zu\u017cywane lokalnie, o czym m\u00f3wi\u0142 w wywiadzie dla Polityki Insight prezes PSE Grzegorz Onichimowski.<\/p>\n<p class=\"Paragraph_desktopParagraph__U31Gm\">Ma to kluczowe znaczenie dla elektryfikacji ciep\u0142ownictwa \u2014 cho\u0107 zwi\u0119ksza ona zu\u017cycie energii elektrycznej, nie prowadzi do wzrostu obci\u0105\u017cenia centralnego systemu przesy\u0142owego. Energia potrzebna do ogrzewania jest bowiem w coraz wi\u0119kszym stopniu produkowana i konsumowana lokalnie \u2014 w instalacjach OZE, magazynach energii i sieciach dystrybucyjnych. W efekcie system dzi\u015b oparty na centralnych elektrowniach staje si\u0119 bardziej rozproszony dzi\u0119ki OZE, odporny i ta\u0144szy w eksploatacji.<\/p>\n<p>Gaz i &#8222;zielone gazy&#8221; pod ostrza\u0142em <\/p>\n<p class=\"Paragraph_desktopParagraph__U31Gm\">W tym kontek\u015bcie ekspert\u00f3w dziwi, \u017ce dokument Ministerstwa Energii przypisuje du\u017c\u0105, przej\u015bciow\u0105 rol\u0119 gazu przez najbli\u017csze 15 lat. Chodzi o 20 GW w energetyce oraz a\u017c 7,5 GW w 2040 r. w ciep\u0142ownictwie.<\/p>\n<p class=\"Paragraph_desktopParagraph__U31Gm\">\u2014 Nowy KPEiK przekre\u015bla dwa fundamentalne cele transformacji: autonomi\u0119 energetyczn\u0105 i neutralno\u015b\u0107 klimatyczn\u0105. Gaz nie jest paliwem &#8222;pomostowym&#8221;, lecz \u015blepym zau\u0142kiem, kt\u00f3ry os\u0142abi konkurencyjno\u015b\u0107 Polski i uderzy w odbiorc\u00f3w energii. Rz\u0105dowy dokument jest pod tym wzgl\u0119dem mniej ambitny ni\u017c strategia operatora sieci. \u2014 podkre\u015bla Diana Maci\u0105ga, ekspertka ds. gazu z Polskiej Zielonej Sieci.<\/p>\n<p class=\"Paragraph_desktopParagraph__U31Gm\">Podobnie oceniane s\u0105 technologie CCS oraz koncepcja &#8222;gaz\u00f3w zdekarbonizowanych&#8221;, kt\u00f3re \u2014 zdaniem ekspert\u00f3w \u2014 zwi\u0119kszaj\u0105 koszty i odwracaj\u0105 uwag\u0119 od ta\u0144szych, dost\u0119pnych dzi\u015b rozwi\u0105za\u0144.<\/p>\n<p class=\"Paragraph_desktopParagraph__U31Gm\">\u2014 Ministerstwo uwierzy\u0142o w rozwi\u0105zania promowane przez lobby gazowe, kt\u00f3re maj\u0105 usprawiedliwi\u0107 dalsz\u0105 rozbudow\u0119 infrastruktury. To odwracanie uwagi od ta\u0144szych i dost\u0119pnych dzi\u015b alternatyw: elektryfikacji i poprawy efektywno\u015bci energetycznej \u2014 ocenia Diana Maci\u0105ga.<\/p>\n<p><img decoding=\"async\" class=\"Image_image__0tuHp Image_autoHeight__f2n87 \" height=\"587\" width=\"782\" src=\"https:\/\/www.europesays.com\/pl\/wp-content\/uploads\/2025\/12\/GiEk9kpTURBXy9mOWMyOGU5MzFkYzUwYWUyYWI5YTkyOTQ1OGFhN2RjYi5qcGeSlQLNA6wAwsOVAgDNAkvCw94AA6EwAaExAaEzw.jpeg\" alt=\"Polska w ostatnich dwudziestu latach wyda\u0142a ponad 20 mld z\u0142 na dop\u0142aty do spalania biomasy w energetyce. \" loading=\"lazy\" \/>Curtis Gregory Perry, flickr \/ CC BY-SA 2.0<\/p>\n<p>Polska w ostatnich dwudziestu latach wyda\u0142a ponad 20 mld z\u0142 na dop\u0142aty do spalania biomasy w energetyce. <\/p>\n<p>Biomasa: zagro\u017cenie dla suwerenno\u015bci i \u015brodowiska <\/p>\n<p class=\"Paragraph_desktopParagraph__U31Gm\">Kontrowersje budzi tak\u017ce zwi\u0119kszanie roli biomasy. Polska nie ma wystarczaj\u0105cych krajowych zasob\u00f3w, co oznacza konieczno\u015b\u0107 importu (KPEiK wskazuje, \u017ce b\u0119dzie to USA), wzrost cen i presj\u0119 na lasy.<\/p>\n<p class=\"Paragraph_desktopParagraph__U31Gm\">\u2014 Polska w ostatnich dwudziestu latach wyda\u0142a ponad 20 mld z\u0142 na dop\u0142aty do spalania biomasy w energetyce. To pieni\u0105dze, kt\u00f3re wspieraj\u0105 nieefektywne formy produkcji energii i zawy\u017caj\u0105 ceny drewna, szkodz\u0105c innym bran\u017com, w szczeg\u00f3lno\u015bci przemys\u0142owi drzewnemu. Zwi\u0119kszenie roli biomasy w KPEiK zwi\u0119kszy to zagro\u017cenie \u2014 m\u00f3wi Augustyn Mikos ze Stowarzyszenia Pracownia na rzecz Wszystkich Istot.<\/p>\n<p class=\"Paragraph_desktopParagraph__U31Gm\">Rosn\u0105ce zapotrzebowanie na drewno oznacza wi\u0119ksz\u0105 wycink\u0119 i uwalnianie w\u0119gla z ekosystem\u00f3w, kt\u00f3re powinny go magazynowa\u0107. To stoi w sprzeczno\u015bci z deklaracjami o ochronie las\u00f3w i wzmacnia ryzyko uzale\u017cnienia od importu pelletu.<\/p>\n<p>Wbrew oczekiwaniom spo\u0142ecznym <\/p>\n<p class=\"Paragraph_desktopParagraph__U31Gm\">Nowy KPEiK stoi r\u00f3wnie\u017c w sprzeczno\u015bci z nastrojami spo\u0142ecznymi. Wed\u0142ug badania Climate Opinion Reaserch Exchange z lipca 2025 r. 65 proc. Polak\u00f3w uwa\u017ca, \u017ce gospodarka mo\u017ce zyska\u0107 na polityce klimatycznej. Niskie ambicje Ministerstwa Energii s\u0105 wi\u0119c dzia\u0142aniem wbrew tym oczekiwaniom.<\/p>\n<p>Krok wstecz zamiast nowoczesnej gospodarki <\/p>\n<p class=\"Paragraph_desktopParagraph__U31Gm\">Zdaniem ekspert\u00f3w nowy KPEiK, zamiast wzmacnia\u0107 bezpiecze\u0144stwo, konkurencyjno\u015b\u0107 i suwerenno\u015b\u0107 energetyczn\u0105 Polski, utrwala zale\u017cno\u015b\u0107 od importu, wysokie ceny energii i technologie wczorajszego dnia.<\/p>\n<p class=\"Paragraph_desktopParagraph__U31Gm\">\u2014 To nie jest kierunek na tani\u0105 energi\u0119. To nie jest innowacyjna gospodarka. To nie jest ochrona klimatu. M\u00f3wienie o scenariuszu spowolnionej transformacji WEM jako &#8222;zr\u00f3wnowa\u017conym&#8221; jest a\u017c niesmaczne \u2014 podsumowuje Popkiewicz.<\/p>\n<p class=\"Paragraph_desktopParagraph__U31Gm\">W ocenie ekspert\u00f3w wyb\u00f3r wolniejszego scenariusza wynika z presji lobby i ch\u0119ci zachowania kr\u00f3tkoterminowej stabilno\u015bci politycznej. Nie jest to jednak odpowied\u017a na potrzeby polskiej gospodarki ani obywateli.<\/p>\n","protected":false},"excerpt":{"rendered":"Co istotne, nawet pa\u0144stwowy operator systemu przesy\u0142owego \u2014 Polskie Sieci Elektroenergetyczne \u2014 wskazuje w swojej najnowszej strategii, \u017ce&hellip;\n","protected":false},"author":2,"featured_media":161022,"comment_status":"","ping_status":"","sticky":false,"template":"","format":"standard","meta":{"footnotes":""},"categories":[16],"tags":[113,112,30356,105,1816,53,52,68,51,55,42,38,40,39,41,47,50],"class_list":{"0":"post-161021","1":"post","2":"type-post","3":"status-publish","4":"format-standard","5":"has-post-thumbnail","7":"category-biznes","8":"tag-biznes","9":"tag-business","10":"tag-dzikie_zycie","11":"tag-ekonomia","12":"tag-mm","13":"tag-new_header","14":"tag-onet3","15":"tag-onet3d","16":"tag-onet3d_2i","17":"tag-phx","18":"tag-pl","19":"tag-poland","20":"tag-polish","21":"tag-polska","22":"tag-polski","23":"tag-screening_general","24":"tag-v2021"},"share_on_mastodon":{"url":"https:\/\/pubeurope.com\/@pl\/115750396762381664","error":""},"_links":{"self":[{"href":"https:\/\/www.europesays.com\/pl\/wp-json\/wp\/v2\/posts\/161021","targetHints":{"allow":["GET"]}}],"collection":[{"href":"https:\/\/www.europesays.com\/pl\/wp-json\/wp\/v2\/posts"}],"about":[{"href":"https:\/\/www.europesays.com\/pl\/wp-json\/wp\/v2\/types\/post"}],"author":[{"embeddable":true,"href":"https:\/\/www.europesays.com\/pl\/wp-json\/wp\/v2\/users\/2"}],"replies":[{"embeddable":true,"href":"https:\/\/www.europesays.com\/pl\/wp-json\/wp\/v2\/comments?post=161021"}],"version-history":[{"count":0,"href":"https:\/\/www.europesays.com\/pl\/wp-json\/wp\/v2\/posts\/161021\/revisions"}],"wp:featuredmedia":[{"embeddable":true,"href":"https:\/\/www.europesays.com\/pl\/wp-json\/wp\/v2\/media\/161022"}],"wp:attachment":[{"href":"https:\/\/www.europesays.com\/pl\/wp-json\/wp\/v2\/media?parent=161021"}],"wp:term":[{"taxonomy":"category","embeddable":true,"href":"https:\/\/www.europesays.com\/pl\/wp-json\/wp\/v2\/categories?post=161021"},{"taxonomy":"post_tag","embeddable":true,"href":"https:\/\/www.europesays.com\/pl\/wp-json\/wp\/v2\/tags?post=161021"}],"curies":[{"name":"wp","href":"https:\/\/api.w.org\/{rel}","templated":true}]}}