{"id":161025,"date":"2025-12-20T06:12:16","date_gmt":"2025-12-20T06:12:16","guid":{"rendered":"https:\/\/www.europesays.com\/pl\/161025\/"},"modified":"2025-12-20T06:12:16","modified_gmt":"2025-12-20T06:12:16","slug":"gracze-world-of-warcraft-od-dawna-na-to-czekali-juz-wkrotce-w-grze-zadebiutuje-nowa-specjalizacja","status":"publish","type":"post","link":"https:\/\/www.europesays.com\/pl\/161025\/","title":{"rendered":"Gracze World of Warcraft od dawna na to czekali. Ju\u017c wkr\u00f3tce w grze zadebiutuje nowa specjalizacja"},"content":{"rendered":"<p>                    <img loading=\"lazy\" decoding=\"async\" width=\"800\" height=\"420\" alt=\"World of Warcraft: Midnight\" src=\"https:\/\/cdn1.naekranie.pl\/media%2Fcache%2Farticle-cover%2F2025%2F12%2Fwow-midnight_694528bac9a14.webp\" class=\"cover-fit img-fluid exclude-from-sen-gallery\" style=\"aspect-ratio: 1.9047619047619\" onerror=\"this.onerror=null;this.src=\" https:=\"\"\/><\/p>\n<p>                            fot. Blizzard Entertainment<\/p>\n<p>Devourer to specjalizacja wykorzystuj\u0105ca niszczycielsk\u0105 moc Pustki. Umo\u017cliwi ona \u0141owcom Demon\u00f3w nie tylko walk\u0119 wr\u0119cz, lecz tak\u017ce korzystanie ze \u015bredniodystansowych zakl\u0119\u0107. Oczywi\u015bcie nie zabraknie r\u00f3wnie\u017c charakterystycznych dla tej klasy zdolno\u015bci zwi\u0119kszaj\u0105cych mobilno\u015b\u0107 i pozwalaj\u0105cych na b\u0142yskawiczne przemieszczanie si\u0119 po polu walki.<\/p>\n<p>Opr\u00f3cz tego, dzi\u0119ki wykonaniu kr\u00f3tkiej serii zada\u0144, gracze b\u0119d\u0105 mogli odblokowa\u0107 now\u0105 kombinacj\u0119 rasy i klasy \u2013 Elfy Pustki (Void Elves) b\u0119d\u0105 mog\u0142y zosta\u0107 \u0141owcami Demon\u00f3w. Wcze\u015bniej klasa ta by\u0142a dost\u0119pna wy\u0142\u0105cznie dla Krwawych i Nocnych Elf\u00f3w.<\/p>\n<p><img loading=\"lazy\" decoding=\"async\" style=\"aspect-ratio: 1.7777777777778;\" class=\"lazy img-fluid\" src=\"https:\/\/www.europesays.com\/pl\/wp-content\/uploads\/2025\/12\/gthsz9vwdrwj1759163716054_694528e3e4fd3.webp.webp\" alt=\"null\" width=\"1200\" height=\"675\" data-id=\"aec49bcc-4a6a-4f71-91df-a68cf6702254\"\/>fot. Blizzard Entertainment<\/p>\n<p>Najbli\u017csza aktualizacja wprowadzi tak\u017ce kolejn\u0105 kompresj\u0119 statystyk, dzi\u0119ki kt\u00f3rej wszystkie liczby zostan\u0105 zmniejszone, jednak og\u00f3lna moc postaci ma pozosta\u0107 bez zmian. Zmiany w interfejsie obejm\u0105 m.in. czytelniejsze ramki rajdowe oraz ulepszone, bardziej rozbudowane opcje personalizacji. Wprowadzona zostanie r\u00f3wnie\u017c mo\u017cliwo\u015b\u0107 odblokowywania i zapisywania zestaw\u00f3w stroj\u00f3w do transmogryfikacji oraz place treningowe PvP.<\/p>\n<p>Aktualizacja przygotowuj\u0105ca do premiery <a rel=\"nofollow noopener\" href=\"https:\/\/naekranie.pl\/gry\/world-of-warcraft-midnight\" title=\"World of Warcraft: Midnight\" data-pl-title=\"World of Warcraft: Midnight\" data-en-title=\"World of Warcraft: Midnight\" class=\"swap-title\" data-pl- data-en- target=\"_blank\">World of Warcraft: Midnight<\/a> zadebiutuje 20 stycznia 2026 roku. Tydzie\u0144 p\u00f3\u017aniej rozpocznie si\u0119 specjalne wydarzenie, a wszyscy gracze otrzymaj\u0105 wzmocnienie The Winds of Mysterious Fortune, zwi\u0119kszaj\u0105ce ilo\u015b\u0107 zdobywanego do\u015bwiadczenia na poziomach 10\u201379.<\/p>\n<p>\u0179r\u00f3d\u0142o:<br \/>\n                                                    informacja prasowa\n                                            <\/p>\n","protected":false},"excerpt":{"rendered":"fot. Blizzard Entertainment Devourer to specjalizacja wykorzystuj\u0105ca niszczycielsk\u0105 moc Pustki. Umo\u017cliwi ona \u0141owcom Demon\u00f3w nie tylko walk\u0119 wr\u0119cz,&hellip;\n","protected":false},"author":2,"featured_media":161026,"comment_status":"","ping_status":"","sticky":false,"template":"","format":"standard","meta":{"footnotes":""},"categories":[20],"tags":[120,118,119,42,38,40,39,41,116,114,115,121,117],"class_list":{"0":"post-161025","1":"post","2":"type-post","3":"status-publish","4":"format-standard","5":"has-post-thumbnail","7":"category-nauka-i-technika","8":"tag-nauka","9":"tag-nauka-i-technika","10":"tag-naukatechnika","11":"tag-pl","12":"tag-poland","13":"tag-polish","14":"tag-polska","15":"tag-polski","16":"tag-science","17":"tag-science-and-technology","18":"tag-sciencetechnology","19":"tag-technika","20":"tag-technology"},"share_on_mastodon":{"url":"https:\/\/pubeurope.com\/@pl\/115750420602943318","error":""},"_links":{"self":[{"href":"https:\/\/www.europesays.com\/pl\/wp-json\/wp\/v2\/posts\/161025","targetHints":{"allow":["GET"]}}],"collection":[{"href":"https:\/\/www.europesays.com\/pl\/wp-json\/wp\/v2\/posts"}],"about":[{"href":"https:\/\/www.europesays.com\/pl\/wp-json\/wp\/v2\/types\/post"}],"author":[{"embeddable":true,"href":"https:\/\/www.europesays.com\/pl\/wp-json\/wp\/v2\/users\/2"}],"replies":[{"embeddable":true,"href":"https:\/\/www.europesays.com\/pl\/wp-json\/wp\/v2\/comments?post=161025"}],"version-history":[{"count":0,"href":"https:\/\/www.europesays.com\/pl\/wp-json\/wp\/v2\/posts\/161025\/revisions"}],"wp:featuredmedia":[{"embeddable":true,"href":"https:\/\/www.europesays.com\/pl\/wp-json\/wp\/v2\/media\/161026"}],"wp:attachment":[{"href":"https:\/\/www.europesays.com\/pl\/wp-json\/wp\/v2\/media?parent=161025"}],"wp:term":[{"taxonomy":"category","embeddable":true,"href":"https:\/\/www.europesays.com\/pl\/wp-json\/wp\/v2\/categories?post=161025"},{"taxonomy":"post_tag","embeddable":true,"href":"https:\/\/www.europesays.com\/pl\/wp-json\/wp\/v2\/tags?post=161025"}],"curies":[{"name":"wp","href":"https:\/\/api.w.org\/{rel}","templated":true}]}}