{"id":161033,"date":"2025-12-20T06:17:09","date_gmt":"2025-12-20T06:17:09","guid":{"rendered":"https:\/\/www.europesays.com\/pl\/161033\/"},"modified":"2025-12-20T06:17:09","modified_gmt":"2025-12-20T06:17:09","slug":"komedia-w-rzutach-karnych-piotr-zielinski-wraca-bez-superpucharu-wloch","status":"publish","type":"post","link":"https:\/\/www.europesays.com\/pl\/161033\/","title":{"rendered":"Komedia w rzutach karnych. Piotr Zieli\u0144ski wraca bez Superpucharu W\u0142och"},"content":{"rendered":"\n<p class=\"contentpart contentpart--default contentpart--text\" data-position=\"0\">W drugim p\u00f3\u0142finale <a href=\"https:\/\/sportowefakty.wp.pl\/pilka-nozna\/superpuchar-wloch\" rel=\"nofollow noopener\" target=\"_blank\">Superpucharu W\u0142och<\/a>\u00a0spotkali si\u0119 <a href=\"https:\/\/sportowefakty.wp.pl\/pilka-nozna\/bologna-fc\" rel=\"nofollow noopener\" target=\"_blank\">Bologna FC<\/a>\u00a0z <a href=\"https:\/\/sportowefakty.wp.pl\/pilka-nozna\/inter-mediolan\" rel=\"nofollow noopener\" target=\"_blank\">Interem Mediolan<\/a>. Faworytami meczu byli wicemistrzowie kraju. Przed wylotem na miniturniej do <a href=\"https:\/\/sportowefakty.wp.pl\/arabia-saudyjska\" rel=\"nofollow noopener\" target=\"_blank\">Arabii Saudyjskiej<\/a>, dru\u017cyna <a href=\"https:\/\/sportowefakty.wp.pl\/pilka-nozna\/cristian-chivu\" rel=\"nofollow noopener\" target=\"_blank\">Cristiana Chivu<\/a>\u00a0zosta\u0142a liderem <a href=\"https:\/\/sportowefakty.wp.pl\/pilka-nozna\/serie-a\" rel=\"nofollow noopener\" target=\"_blank\">Serie A<\/a>. Bologna jest w tej samej tabeli na sz\u00f3stym miejscu osiem punkt\u00f3w za Interem, a rywalizuje tak\u017ce w <a href=\"https:\/\/sportowefakty.wp.pl\/pilka-nozna\/liga-europy\" rel=\"nofollow noopener\" target=\"_blank\">Lidze Europy<\/a>.<\/p>\n<p class=\"contentpart contentpart--default contentpart--text\" data-position=\"1\">W podstawowym sk\u0142adzie Interu by\u0142\u00a0<a href=\"https:\/\/sportowefakty.wp.pl\/pilka-nozna\/piotr-zielinski\" rel=\"nofollow noopener\" target=\"_blank\">Piotr Zieli\u0144ski<\/a>, kt\u00f3ry sta\u0142 si\u0119 pewniakiem do jedenastki pod nieobecno\u015b\u0107 kontuzjowanego\u00a0<a href=\"https:\/\/sportowefakty.wp.pl\/pilka-nozna\/hakan-calhanoglu\" rel=\"nofollow noopener\" target=\"_blank\">Hakana Calhanoglu<\/a>. Trener da\u0142 odpocz\u0105\u0107 na przyk\u0142ad podstawowemu bramkarzowi <a href=\"https:\/\/sportowefakty.wp.pl\/pilka-nozna\/yann-sommer\" rel=\"nofollow noopener\" target=\"_blank\">Yannowi Sommer<\/a>\u00a0czy kapitanowi zespo\u0142u <a href=\"https:\/\/sportowefakty.wp.pl\/pilka-nozna\/lautaro-martinez\" rel=\"nofollow noopener\" target=\"_blank\">Lautaro Martinezowi<\/a>. Poza sk\u0142adem Bologni by\u0142 <a href=\"https:\/\/sportowefakty.wp.pl\/pilka-nozna\/lukasz-skorupski\" rel=\"nofollow noopener\" target=\"_blank\">\u0141ukasz Skorupski<\/a>, kt\u00f3rego wyst\u0119p w ewentualnym finale zapowiadaj\u0105 W\u0142osi. Na pocz\u0105tek trzeba by\u0142o jednak do niego awansowa\u0107.<\/p>\n<p> <img role=\"presentation\" src=\"https:\/\/std.wpcdn.pl\/images\/adv\/placeholder_wp.svg\" loading=\"lazy\" alt=\"\" decoding=\"async\"\/>  <\/p>\n<p class=\"contentpart contentpart--default contentpart--text\" data-position=\"2\">Min\u0119\u0142a nieco ponad minuta meczu i by\u0142o jasne, \u017ce ani nieobecno\u015b\u0107 w sk\u0142adzie <a href=\"https:\/\/sportowefakty.wp.pl\/pilka-nozna\/lautaro-martinez\" rel=\"nofollow noopener\" target=\"_blank\">Lautaro Martineza<\/a>\u00a0nie przeszkodzi Interowi w zdobyciu bramki, ani <a href=\"https:\/\/sportowefakty.wp.pl\/pilka-nozna\/federico-ravaglia\" rel=\"nofollow noopener\" target=\"_blank\">Federico Ravaglia<\/a>\u00a0nie zachowa czystego konta. Wcze\u015bnie zrobi\u0142o si\u0119 1:0 dla faworyta, a strzeleniem gola cieszy\u0142 si\u0119 <a href=\"https:\/\/sportowefakty.wp.pl\/pilka-nozna\/marcus-thuram\" rel=\"nofollow noopener\" target=\"_blank\">Marcus Thuram<\/a>. <a href=\"https:\/\/sportowefakty.wp.pl\/francja\" rel=\"nofollow noopener\" target=\"_blank\">Francuz<\/a>\u00a0ustawi\u0142 si\u0119 mi\u0119dzy zdezorientowanymi obro\u0144cami i wykorzysta\u0142 dogranie <a href=\"https:\/\/sportowefakty.wp.pl\/pilka-nozna\/alessandro-bastoni\" rel=\"nofollow noopener\" target=\"_blank\">Alessandro Bastoniego<\/a>.<\/p>\n<p class=\"contentpart contentpart--default contentpart--text\" data-position=\"3\">ZOBACZ WIDEO: #dziejesiewsporcie: Gol z po\u0142owy boiska. Mo\u017cna ogl\u0105da\u0107 i ogl\u0105da\u0107<\/p>\n<p class=\"contentpart contentpart--default contentpart--text\" data-position=\"5\">Bologna budzi\u0142a si\u0119 powoli, ale robi\u0142a to. W 22. minucie <a href=\"https:\/\/sportowefakty.wp.pl\/pilka-nozna\/federico-bernardeschi\" rel=\"nofollow noopener\" target=\"_blank\">Federico Bernardeschi<\/a>\u00a0jako pierwszy sprawdzi\u0142 mocnym strza\u0142em form\u0119 tego dnia podstawowego bramkarza Interu &#8211; <a href=\"https:\/\/sportowefakty.wp.pl\/pilka-nozna\/josep-martinez\" rel=\"nofollow noopener\" target=\"_blank\">Josepa Martineza<\/a>.<\/p>\n<p class=\"contentpart contentpart--default contentpart--text\" data-position=\"6\">Tym samym Rossoblu rozp\u0119dzali si\u0119, czego wymiernym dowodem by\u0142a bramka na 1:1 w 35. minucie. <a href=\"https:\/\/sportowefakty.wp.pl\/pilka-nozna\/riccardo-orsolini\" rel=\"nofollow noopener\" target=\"_blank\">Riccardo Orsolini<\/a>\u00a0pokona\u0142 Josepa Martineza strza\u0142em z rzutu karnego. <a href=\"https:\/\/sportowefakty.wp.pl\/pilka-nozna\/daniele-chiffi\" rel=\"nofollow noopener\" target=\"_blank\">Daniele Chiffi<\/a>\u00a0d\u0142ugo duma\u0142 nad podyktowaniem jedenastki. Ostatecznie zdecydowa\u0142 si\u0119 na to po obejrzeniu powt\u00f3rek zagrania r\u0119k\u0105 Yanna Aurela Bissecka pod naporem Santiago Castro. Po wyr\u00f3wnaniu rywalizacja rozpocz\u0119\u0142a si\u0119 praktycznie od pocz\u0105tku.<\/p>\n<p> <img role=\"presentation\" src=\"https:\/\/std.wpcdn.pl\/images\/adv\/placeholder_wp.svg\" loading=\"lazy\" alt=\"\" decoding=\"async\"\/>  <\/p>\n<p class=\"contentpart contentpart--default contentpart--text\" data-position=\"7\">W ko\u0144c\u00f3wce pierwszej po\u0142owy by\u0142y przerwy spowodowane urazami. Ten <a href=\"https:\/\/sportowefakty.wp.pl\/pilka-nozna\/federico-bernardeschi\" rel=\"nofollow noopener\" target=\"_blank\">Federico Bernardeschiego<\/a>\u00a0doprowadzi\u0142 do zmiany w Bologni. Zadr\u017celi te\u017c nie tylko kibice Interu, kiedy na boisko upad\u0142 Piotr Zieli\u0144ski, ale kadrowicz <a href=\"https:\/\/sportowefakty.wp.pl\/pilka-nozna\/jan-urban\" rel=\"nofollow noopener\" target=\"_blank\">Jana Urbana<\/a>\u00a0nie ucierpia\u0142 mocno.<\/p>\n<p class=\"contentpart contentpart--default contentpart--text\" data-position=\"8\">W 56. minucie zanosi\u0142o si\u0119 przez moment na gola Piotra Zieli\u0144skiego, poniewa\u017c to on ustawi\u0142 sobie pi\u0142k\u0119 do wykonania rzutu karnego. Ko\u0144cowo <a href=\"https:\/\/sportowefakty.wp.pl\/pilka-nozna\/daniele-chiffi\" rel=\"nofollow noopener\" target=\"_blank\">Daniele Chiffi<\/a>\u00a0anulowa\u0142 jednak przyznanie jedenastki za faul Torbjorna Lysakera Heggema na <a href=\"https:\/\/sportowefakty.wp.pl\/pilka-nozna\/ange-yoan-bonny\" rel=\"nofollow noopener\" target=\"_blank\">Ange-Yoanie Bonnym<\/a>, w co Nerazzurri nie mogli uwierzy\u0107.<\/p>\n<p class=\"contentpart contentpart--default contentpart--text\" data-position=\"9\">Zmiennikami w tym meczu byli dwaj byli kr\u00f3lowie strzelc\u00f3w ligi, czyli <a href=\"https:\/\/sportowefakty.wp.pl\/pilka-nozna\/lautaro-martinez\" rel=\"nofollow noopener\" target=\"_blank\">Lautaro Martinez<\/a>\u00a0i <a href=\"https:\/\/sportowefakty.wp.pl\/pilka-nozna\/ciro-immobile\" rel=\"nofollow noopener\" target=\"_blank\">Ciro Immobile<\/a>. Tak\u017ce oni nic prze\u0142omowego nie zdzia\u0142ali, wi\u0119c decydowa\u0142 konkurs rzut\u00f3w karnych. W nim pi\u0142karze Interu zmarnowali trzy jedenastki z rz\u0119du (Bastoni, Barella i Bonny) i niewiele lepsza Bologna FC zwyci\u0119\u017cy\u0142a 3:2 dzi\u0119ki strza\u0142om Fergusona, Rowe&#8217;a i Immobile. To ona zagra w poniedzia\u0142ek o trofeum.<\/p>\n<p class=\"contentpart contentpart--default contentpart--text\" data-position=\"10\">W finale od czwartku czeka\u0142o ju\u017c <a href=\"https:\/\/sportowefakty.wp.pl\/pilka-nozna\/ssc-napoli\" rel=\"nofollow noopener\" target=\"_blank\">SSC Napoli<\/a>\u00a0po pokonaniu 2:0 <a href=\"https:\/\/sportowefakty.wp.pl\/pilka-nozna\/ac-milan\" rel=\"nofollow noopener\" target=\"_blank\">AC Milanu<\/a>.<\/p>\n<p class=\"contentpart contentpart--default contentpart--text\" data-position=\"11\"><a href=\"https:\/\/sportowefakty.wp.pl\/pilka-nozna\/bologna-fc\" rel=\"nofollow noopener\" target=\"_blank\">Bologna FC<\/a> &#8211; <a href=\"https:\/\/sportowefakty.wp.pl\/pilka-nozna\/inter-mediolan\" rel=\"nofollow noopener\" target=\"_blank\">Inter Mediolan<\/a>\u00a01:1 k. 3:2 (1:1)<br \/>0:1 &#8211; Marcus Thuram 2&#8242;<br \/>1:1 &#8211; Riccardo Orsolini (k.) 35&#8242;<\/p>\n<p> <img role=\"presentation\" src=\"https:\/\/std.wpcdn.pl\/images\/adv\/placeholder_wp.svg\" loading=\"lazy\" alt=\"\" decoding=\"async\"\/>  <\/p>\n<p class=\"contentpart contentpart--default contentpart--text\" data-position=\"12\">Rzuty karne:<\/p>\n<p class=\"contentpart contentpart--default contentpart--text\" data-position=\"13\">0:1 &#8211; Lautaro Martinez<br \/>1:1 &#8211; Lewis Ferguson<br \/>X &#8211; Alessandro Bastoni<br \/>X &#8211; Nikola Moro<br \/>X &#8211; Nicolo Barella<br \/>X &#8211; Ange-Yoan Bonny<br \/>2:1 &#8211; Jonathan Rowe<br \/>2:2 &#8211; Stefan De Vrij<br \/>3:2 &#8211; Ciro Immobile<\/p>\n<p class=\"contentpart contentpart--default contentpart--text\" data-position=\"14\">Sk\u0142ady:<\/p>\n<p class=\"contentpart contentpart--default contentpart--text\" data-position=\"15\">Bologna: Federico Ravaglia &#8211; Emil Holm, Torbjorn Lysaker Heggem, Jhon Lucumi, Juan Miranda &#8211; Nicola Moro, Tommaso Pobega (75&#8242; Lewis Ferguson) &#8211; Riccardo Orsolini (62&#8242; Nicolo Cambiaghi), Jens Odgaard (75&#8242; Giovanni Fabbian), Federico Bernardeschi (40&#8242; Jonathan Rowe) &#8211; Santiago Castro (75&#8242; Ciro Immobile)<\/p>\n<p> <img role=\"presentation\" src=\"https:\/\/std.wpcdn.pl\/images\/adv\/placeholder_wp.svg\" loading=\"lazy\" alt=\"\" decoding=\"async\"\/>  <\/p>\n<p class=\"contentpart contentpart--default contentpart--text\" data-position=\"16\">Inter: Josep Martinez &#8211; Yann Aurel Bisseck, Stefan De Vrij, Alessandro Bastoni &#8211; Luis Henrique (71&#8242; Andy Diouf), Nicolo Barella, Piotr Zieli\u0144ski (86&#8242; Peter Suci\u0107), Henrich Mchitarjan (71&#8242; Davide Frattesi), Federico Dimarco &#8211; Marcus Thuram (71&#8242; Lautaro Martinez), Ange-Yoan Bonny<\/p>\n<p class=\"contentpart contentpart--default contentpart--text\" data-position=\"17\">S\u0119dzia: Daniele Chiffi<\/p>\n","protected":false},"excerpt":{"rendered":"W drugim p\u00f3\u0142finale Superpucharu W\u0142och\u00a0spotkali si\u0119 Bologna FC\u00a0z Interem Mediolan. Faworytami meczu byli wicemistrzowie kraju. Przed wylotem na&hellip;\n","protected":false},"author":2,"featured_media":161034,"comment_status":"","ping_status":"","sticky":false,"template":"","format":"standard","meta":{"footnotes":""},"categories":[24],"tags":[4494,5776,6585,31907,989,269,2821,278,6587,42,901,38,40,39,41,12613,127,126,31897],"class_list":{"0":"post-161033","1":"post","2":"type-post","3":"status-publish","4":"format-standard","5":"has-post-thumbnail","7":"category-sport","8":"tag-arabia-saudyjska","9":"tag-bologna-fc","10":"tag-inter-mediolan","11":"tag-king-saud-university-indoor-arena","12":"tag-pilka-na-swiecie","13":"tag-pilka-nozna","14":"tag-pilka-nozna-we-wloszech","15":"tag-pilka-w-europie","16":"tag-piotr-zielinski","17":"tag-pl","18":"tag-polacy-za-granica","19":"tag-poland","20":"tag-polish","21":"tag-polska","22":"tag-polski","23":"tag-rijad","24":"tag-sport","25":"tag-sports","26":"tag-superpuchar-wloch"},"share_on_mastodon":{"url":"https:\/\/pubeurope.com\/@pl\/115750440176402918","error":""},"_links":{"self":[{"href":"https:\/\/www.europesays.com\/pl\/wp-json\/wp\/v2\/posts\/161033","targetHints":{"allow":["GET"]}}],"collection":[{"href":"https:\/\/www.europesays.com\/pl\/wp-json\/wp\/v2\/posts"}],"about":[{"href":"https:\/\/www.europesays.com\/pl\/wp-json\/wp\/v2\/types\/post"}],"author":[{"embeddable":true,"href":"https:\/\/www.europesays.com\/pl\/wp-json\/wp\/v2\/users\/2"}],"replies":[{"embeddable":true,"href":"https:\/\/www.europesays.com\/pl\/wp-json\/wp\/v2\/comments?post=161033"}],"version-history":[{"count":0,"href":"https:\/\/www.europesays.com\/pl\/wp-json\/wp\/v2\/posts\/161033\/revisions"}],"wp:featuredmedia":[{"embeddable":true,"href":"https:\/\/www.europesays.com\/pl\/wp-json\/wp\/v2\/media\/161034"}],"wp:attachment":[{"href":"https:\/\/www.europesays.com\/pl\/wp-json\/wp\/v2\/media?parent=161033"}],"wp:term":[{"taxonomy":"category","embeddable":true,"href":"https:\/\/www.europesays.com\/pl\/wp-json\/wp\/v2\/categories?post=161033"},{"taxonomy":"post_tag","embeddable":true,"href":"https:\/\/www.europesays.com\/pl\/wp-json\/wp\/v2\/tags?post=161033"}],"curies":[{"name":"wp","href":"https:\/\/api.w.org\/{rel}","templated":true}]}}