{"id":161039,"date":"2025-12-20T06:21:11","date_gmt":"2025-12-20T06:21:11","guid":{"rendered":"https:\/\/www.europesays.com\/pl\/161039\/"},"modified":"2025-12-20T06:21:11","modified_gmt":"2025-12-20T06:21:11","slug":"operacja-hawkeye-strike-amerykanska-ofensywa-w-syri","status":"publish","type":"post","link":"https:\/\/www.europesays.com\/pl\/161039\/","title":{"rendered":"Operacja Hawkeye Strike. Ameryka\u0144ska ofensywa w Syri"},"content":{"rendered":"<p data-section=\"detail-body\">Hegseth w serwisie X podkre\u015bli\u0142 determinacj\u0119 Stan\u00f3w Zjednoczonych w walce z IS. &#8222;Dzi\u015b polowali\u015bmy i zabili\u015bmy naszych wrog\u00f3w. Wielu. I b\u0119dziemy to kontynuowa\u0107&#8221; \u2014 napisa\u0142. Doda\u0142, \u017ce operacja jest bezpo\u015bredni\u0105 odpowiedzi\u0105 na brutalny atak na ameryka\u0144skie si\u0142y, kt\u00f3ry mia\u0142 miejsce podczas misji antyterrorystycznej w Syrii.<\/p>\n<p class=\"article_p\" data-section=\"detail-body\">Prezydent USA, Donald Trump, poinformowa\u0142 w pi\u0105tek, \u017ce ameryka\u0144skie si\u0142y prowadz\u0105 &#8222;bardzo silne&#8221; uderzenia na bastiony IS w Syrii. Podkre\u015bli\u0142, \u017ce dzia\u0142ania te maj\u0105 wsparcie syryjskiego rz\u0105du. <\/p>\n<p class=\"article_p\" data-section=\"detail-body\">Zobacz tak\u017ce: <a href=\"https:\/\/businessinsider.com.pl\/gospodarka\/caly-swiat-zbroi-polske-to-kupujemy-w-poszczegolnych-krajach-mapa\/pwpxbk7\" id=\"a8fdc514-3ab9-47ec-8485-c83a8a89e004\" rel=\"nofollow noopener\" target=\"_blank\">Ca\u0142y \u015bwiat zbroi Polsk\u0119. Oto co kupujemy [MAPA]<\/a><\/p>\n<p class=\"article_p\" data-section=\"detail-body\">&#8222;Ze wzgl\u0119du na okrutne zabicie przez IS odwa\u017cnych ameryka\u0144skich patriot\u00f3w w Syrii, kt\u00f3rych pi\u0119kne dusze powita\u0142em na ameryka\u0144skiej ziemi wcze\u015bniej w tym tygodniu podczas bardzo dostojnej ceremonii, niniejszym og\u0142aszam, \u017ce USA, zgodnie z moj\u0105 obietnic\u0105, podejmuj\u0105 bardzo powa\u017cne dzia\u0142ania odwetowe wobec odpowiedzialnych za to morderczych terroryst\u00f3w&#8221; \u2014 napisa\u0142 Trump w serwisie Truth Social.<\/p>\n<p>            Czytaj tak\u017ce w BUSINESS INSIDER<\/p>\n<p class=\"article_p\" data-section=\"detail-body\">Prezydent USA zaznaczy\u0142, \u017ce operacje w Syrii s\u0105 cz\u0119\u015bci\u0105 szerszej strategii walki z terroryzmem. &#8222;Ostrzegam wszystkich terroryst\u00f3w, kt\u00f3rzy s\u0105 na tyle nikczemni, by zaatakowa\u0107 Amerykan\u00f3w: JE\u015aLI W JAKIKOLWIEK SPOS\u00d3B ZAATAKUJECIE ALBO ZAGROZICIE USA, ZOSTANIECIE UDERZENI TAK MOCNO JAK NIGDY WCZE\u015aNIEJ&#8221; \u2014 doda\u0142 (zachowali\u015bmy pisowni\u0119 wielkimi literami).<\/p>\n<p>        Szeroko zakrojona ofensywa w Syrii<\/p>\n<p class=\"article_p\" data-section=\"detail-body\">Wed\u0142ug &#8222;Wall Street Journal&#8221; ameryka\u0144skie si\u0142y przeprowadzi\u0142y ataki na kilkadziesi\u0105t cel\u00f3w IS w Syrii. U\u017cyte zosta\u0142y samoloty F-15 i A-10, \u015bmig\u0142owce Apache oraz rakiety Himars. Przedstawiciel ameryka\u0144skich si\u0142 zbrojnych poinformowa\u0142, \u017ce celem by\u0142y magazyny broni, infrastruktura oraz pozycje bojownik\u00f3w.<\/p>\n<p class=\"article_p\" data-section=\"detail-body\">Szef Pentagonu wyja\u015bni\u0142, \u017ce atak z 13 grudnia, w kt\u00f3rym zgin\u0119\u0142o dw\u00f3ch \u017co\u0142nierzy i t\u0142umacz, by\u0142 wymierzony nie tylko w si\u0142y USA, ale r\u00f3wnie\u017c w syryjskie w\u0142adze. &#8222;To nie pocz\u0105tek wojny \u2014 to deklaracja zemsty&#8221; \u2014 napisa\u0142 Hegseth w serwisie X. Doda\u0142, \u017ce Stany Zjednoczone b\u0119d\u0105 kontynuowa\u0107 dzia\u0142ania, aby wyeliminowa\u0107 zagro\u017cenie ze strony IS.<\/p>\n<p>        Atak na si\u0142y USA<\/p>\n<p class=\"article_p\" data-section=\"detail-body\">Do ataku na ameryka\u0144skich \u017co\u0142nierzy dosz\u0142o podczas wsp\u00f3lnego patrolu z syryjskimi si\u0142ami w centralnej cz\u0119\u015bci kraju. Napastnik, wed\u0142ug Pentagonu, zosta\u0142 zlikwidowany przez si\u0142y wsp\u00f3\u0142pracuj\u0105ce z USA. Rannych \u017co\u0142nierzy ewakuowano do bazy Al-Tanf, znajduj\u0105cej si\u0119 we wschodniej Syrii przy granicy z Irakiem.<\/p>\n<p class=\"article_p\" data-section=\"detail-body\">Operacja &#8222;Hawkeye Strike&#8221; jest kolejnym krokiem w realizacji zapowiedzi prezydenta Trumpa dotycz\u0105cych zdecydowanej odpowiedzi na dzia\u0142ania terroryst\u00f3w. &#8222;Tak jak zapowiedzieli\u015bmy tu\u017c po tym brutalnym ataku, je\u015bli obierasz sobie za cel Amerykan\u00f3w \u2014 gdziekolwiek na \u015bwiecie \u2014 sp\u0119dzisz reszt\u0119 swojego kr\u00f3tkiego, pe\u0142nego niepokoju \u017cycia, wiedz\u0105c, \u017ce Stany Zjednoczone b\u0119d\u0105 ci\u0119 \u015bciga\u0107, znajd\u0105 ci\u0119 i bezlito\u015bnie zabij\u0105&#8221; \u2014 podkre\u015bli\u0142 Hegseth.<\/p>\n","protected":false},"excerpt":{"rendered":"Hegseth w serwisie X podkre\u015bli\u0142 determinacj\u0119 Stan\u00f3w Zjednoczonych w walce z IS. &#8222;Dzi\u015b polowali\u015bmy i zabili\u015bmy naszych wrog\u00f3w.&hellip;\n","protected":false},"author":2,"featured_media":161040,"comment_status":"","ping_status":"","sticky":false,"template":"","format":"standard","meta":{"footnotes":""},"categories":[14],"tags":[32,33,27,34,35,28,31,25,40,41,80,29,30,26,82,83,84],"class_list":{"0":"post-161039","1":"post","2":"type-post","3":"status-publish","4":"format-standard","5":"has-post-thumbnail","7":"category-swiat","8":"tag-breaking-news","9":"tag-breakingnews","10":"tag-headlines","11":"tag-latest-news","12":"tag-latestnews","13":"tag-naglowki","14":"tag-najwazniejsze-artykuly","15":"tag-news","16":"tag-polish","17":"tag-polski","18":"tag-swiat","19":"tag-top-stories","20":"tag-topstories","21":"tag-wiadomosci","22":"tag-world","23":"tag-world-news","24":"tag-worldnews"},"share_on_mastodon":{"url":"https:\/\/pubeurope.com\/@pl\/115750455436178253","error":""},"_links":{"self":[{"href":"https:\/\/www.europesays.com\/pl\/wp-json\/wp\/v2\/posts\/161039","targetHints":{"allow":["GET"]}}],"collection":[{"href":"https:\/\/www.europesays.com\/pl\/wp-json\/wp\/v2\/posts"}],"about":[{"href":"https:\/\/www.europesays.com\/pl\/wp-json\/wp\/v2\/types\/post"}],"author":[{"embeddable":true,"href":"https:\/\/www.europesays.com\/pl\/wp-json\/wp\/v2\/users\/2"}],"replies":[{"embeddable":true,"href":"https:\/\/www.europesays.com\/pl\/wp-json\/wp\/v2\/comments?post=161039"}],"version-history":[{"count":0,"href":"https:\/\/www.europesays.com\/pl\/wp-json\/wp\/v2\/posts\/161039\/revisions"}],"wp:featuredmedia":[{"embeddable":true,"href":"https:\/\/www.europesays.com\/pl\/wp-json\/wp\/v2\/media\/161040"}],"wp:attachment":[{"href":"https:\/\/www.europesays.com\/pl\/wp-json\/wp\/v2\/media?parent=161039"}],"wp:term":[{"taxonomy":"category","embeddable":true,"href":"https:\/\/www.europesays.com\/pl\/wp-json\/wp\/v2\/categories?post=161039"},{"taxonomy":"post_tag","embeddable":true,"href":"https:\/\/www.europesays.com\/pl\/wp-json\/wp\/v2\/tags?post=161039"}],"curies":[{"name":"wp","href":"https:\/\/api.w.org\/{rel}","templated":true}]}}