{"id":161043,"date":"2025-12-20T06:23:17","date_gmt":"2025-12-20T06:23:17","guid":{"rendered":"https:\/\/www.europesays.com\/pl\/161043\/"},"modified":"2025-12-20T06:23:17","modified_gmt":"2025-12-20T06:23:17","slug":"grabiez-putin-mowi-o-zamrozonych-rosyjskich-aktywach","status":"publish","type":"post","link":"https:\/\/www.europesays.com\/pl\/161043\/","title":{"rendered":"&#8222;Grabie\u017c&#8221;. Putin m\u00f3wi o zamro\u017conych rosyjskich aktywach"},"content":{"rendered":"<p>Putin odpowiada\u0142 na konferencji prasowej na pytanie o\u00a0decyzj\u0119 lider\u00f3w pa\u0144stw UE, kt\u00f3rzy postanowili sfinansowa\u0107 pomoc dla Ukrainy z\u00a0po\u017cyczek zamiast z\u00a0zamro\u017conych rosyjskich aktyw\u00f3w.<\/p>\n<p>Prowadz\u0105cy konferencj\u0119 oznajmili, \u017ce UE na razie nie udaje si\u0119 &#8222;ukra\u015b\u0107&#8221; tych aktyw\u00f3w. Putin oceni\u0142, \u017ce by\u0142aby to &#8222;grabie\u017c cudzych pieni\u0119dzy&#8221;, kt\u00f3rej skutkiem by\u0142oby m.in. &#8222;os\u0142abienie zaufania do strefy euro&#8221;, w\u00a0kt\u00f3rej rezerwy przechowuj\u0105 r\u00f3wnie\u017c inne kraje. Zagrozi\u0142 tak\u017ce, \u017ce &#8222;kiedy\u015b trzeba b\u0119dzie oddawa\u0107&#8221;.<\/p>\n<p>Wychowa\u0142 geniuszy Open AI. M\u00f3wi ostro o\u00a0polonistach <\/p>\n","protected":false},"excerpt":{"rendered":"Putin odpowiada\u0142 na konferencji prasowej na pytanie o\u00a0decyzj\u0119 lider\u00f3w pa\u0144stw UE, kt\u00f3rzy postanowili sfinansowa\u0107 pomoc dla Ukrainy z\u00a0po\u017cyczek&hellip;\n","protected":false},"author":2,"featured_media":161044,"comment_status":"","ping_status":"","sticky":false,"template":"","format":"standard","meta":{"footnotes":""},"categories":[5],"tags":[32,33,36,37,27,34,35,28,31,25,42,38,40,39,41,29,30,26],"class_list":{"0":"post-161043","1":"post","2":"type-post","3":"status-publish","4":"format-standard","5":"has-post-thumbnail","7":"category-naglowki","8":"tag-breaking-news","9":"tag-breakingnews","10":"tag-featured-news","11":"tag-featurednews","12":"tag-headlines","13":"tag-latest-news","14":"tag-latestnews","15":"tag-naglowki","16":"tag-najwazniejsze-artykuly","17":"tag-news","18":"tag-pl","19":"tag-poland","20":"tag-polish","21":"tag-polska","22":"tag-polski","23":"tag-top-stories","24":"tag-topstories","25":"tag-wiadomosci"},"share_on_mastodon":{"url":"https:\/\/pubeurope.com\/@pl\/115750463658419312","error":""},"_links":{"self":[{"href":"https:\/\/www.europesays.com\/pl\/wp-json\/wp\/v2\/posts\/161043","targetHints":{"allow":["GET"]}}],"collection":[{"href":"https:\/\/www.europesays.com\/pl\/wp-json\/wp\/v2\/posts"}],"about":[{"href":"https:\/\/www.europesays.com\/pl\/wp-json\/wp\/v2\/types\/post"}],"author":[{"embeddable":true,"href":"https:\/\/www.europesays.com\/pl\/wp-json\/wp\/v2\/users\/2"}],"replies":[{"embeddable":true,"href":"https:\/\/www.europesays.com\/pl\/wp-json\/wp\/v2\/comments?post=161043"}],"version-history":[{"count":0,"href":"https:\/\/www.europesays.com\/pl\/wp-json\/wp\/v2\/posts\/161043\/revisions"}],"wp:featuredmedia":[{"embeddable":true,"href":"https:\/\/www.europesays.com\/pl\/wp-json\/wp\/v2\/media\/161044"}],"wp:attachment":[{"href":"https:\/\/www.europesays.com\/pl\/wp-json\/wp\/v2\/media?parent=161043"}],"wp:term":[{"taxonomy":"category","embeddable":true,"href":"https:\/\/www.europesays.com\/pl\/wp-json\/wp\/v2\/categories?post=161043"},{"taxonomy":"post_tag","embeddable":true,"href":"https:\/\/www.europesays.com\/pl\/wp-json\/wp\/v2\/tags?post=161043"}],"curies":[{"name":"wp","href":"https:\/\/api.w.org\/{rel}","templated":true}]}}