{"id":161051,"date":"2025-12-20T06:28:08","date_gmt":"2025-12-20T06:28:08","guid":{"rendered":"https:\/\/www.europesays.com\/pl\/161051\/"},"modified":"2025-12-20T06:28:08","modified_gmt":"2025-12-20T06:28:08","slug":"ukraina-trafila-kolejny-rosyjski-tankowiec-putin-zapowiada-reakcje-tvp-info","status":"publish","type":"post","link":"https:\/\/www.europesays.com\/pl\/161051\/","title":{"rendered":"Ukraina trafi\u0142a kolejny rosyjski tankowiec. Putin zapowiada reakcj\u0119 &#8211; TVP Info"},"content":{"rendered":"<ol>\n<li><a href=\"https:\/\/news.google.com\/rss\/articles\/CBMiugFBVV95cUxPNmVyMHF2blVwMG5KVlRkU2JpRGdwNHNneFBNcmRSRnF6N0I0MG1rMWtZQW1paUp3Vzd2cV9nYk90SmpveW84VldIVVNNNXZTU3RVVzhGbWJKek9uZnlxMmN0OWVnZEh0QVRqOXVvVnlIaGhBRlJDSWNFUE14SThXV09FQmxTSWoxRENGNjZYUWcxbUVLc18xUGNsUW95eXRXei00WkVJemh5ZXFCNk1vYzNHQS1oaWNHWWc?oc=5\" target=\"_blank\" rel=\"nofollow noopener\">Ukraina trafi\u0142a kolejny rosyjski tankowiec. Putin zapowiada reakcj\u0119<\/a>&nbsp;&nbsp;TVP Info<\/li>\n<li><a href=\"https:\/\/news.google.com\/rss\/articles\/CBMivgFBVV95cUxOcUlXOHlUQ1ZYMHR6MUdwa3AxNTdwWWVjYkh1X1JqY0FlZGNQc0VBcGJxWFFnR1ppVWJGZmdxbXFUV2pWaHNEZkpqTXlDbDhkTmVuRzNyYzhpWjdLZERvMnRzcHdIbWQtcGsyMkZXWm5idUU3M09EdGJBOS1COWkwSFp1Q3dHX2ZPSi1UUks4blQwX1RzN2VWeEx2eFVadGxyVjVfRXNfUGMtYWNvQW13Y25Xa01HamhyWFVxNnFB?oc=5\" target=\"_blank\" rel=\"nofollow noopener\">Pierwsze takie uderzenie w historii. Ukrai\u0144cy m\u00f3wi\u0105 o &#8222;bezprecedensowej operacji&#8221;<\/a>&nbsp;&nbsp;Wydarzenia w INTERIA.PL<\/li>\n<li><a href=\"https:\/\/news.google.com\/rss\/articles\/CBMitwFBVV95cUxPSG1FRHR2NkxKd3dhTURMYmtwYzdQdERIaUk1LV9BZy1aNHVXTzB6OGVMMGp4SXp1Qm9LOEM1ZFB4ekt4U0VZWHdnOWxhUXhxbTQ1aVBhQ0hkUlB4NWhEY3JtWnFNYnFuOXpxbjhhWWE4TE44eW9NSTlpbWs3ZmtJTHBMcTFSNktzOFFhUDNXRVJuZUYtR0s1eUdjN1pvQkxJUTA2SzNmRDV1bnpWSnNjTnhMOG51Tms?oc=5\" target=\"_blank\" rel=\"nofollow noopener\">Ukrai\u0144cy uderzyli w rosyjskie \u017ar\u00f3d\u0142o ropy. &#8222;\u00bbBawe\u0142na\u00ab zawita\u0142a na odwiert z\u0142o\u017ca&#8221;<\/a>&nbsp;&nbsp;Onet Wiadomo\u015bci<\/li>\n<li><a href=\"https:\/\/news.google.com\/rss\/articles\/CBMivAFBVV95cUxOR0RrTmVWbVMwSFJ3ZTJFbkZ5UjRtQVd5VHFWQTFVcG81bEVyNzFOdHlxVzRrY2tGSFpRYnBWUGVSQXpWSURJMEktZ0VCMWNqcFhzRlJCZnFyLTJZTlBTNWtfMXpnMGcyTUhnX0hpaWxfODU3bUlXbU1DbUl5Yi1mSnhydWJpSVVCQjl5RnJUd3ZLQjNRZVBmZVdXS1ZENHN3MmJfZlhtNkx1R2Y4elhGZkt5eVViYzdaUWFDbQ?oc=5\" target=\"_blank\" rel=\"nofollow noopener\">Flota cieni nigdzie ju\u017c nie jest bezpieczna. Atak na Morzu \u015ar\u00f3dziemnym<\/a>&nbsp;&nbsp;Rzeczpospolita<\/li>\n<li><a href=\"https:\/\/news.google.com\/rss\/articles\/CBMisgFBVV95cUxPdGtSQUFaZFotbVN3aVB5blBKaG50TmhuamM2aXpGVTUzT25OUUVMSU5mS1N6RzJtR3h0ZzFBMFlzdEFaZkpMYXU3TWpSZzBwcTJjTkI2bWtYdWpWYmhPbVdfUnpfeXZyZlpwQVgzemg1LUVQYlptYUtibHVCRDFtNE8wOXNGLS12bEVoc24yd2FDMDF5Tjd6MV9vNFl3LVhUYU0tRVJUaXBQZnVnckRTemJ3?oc=5\" target=\"_blank\" rel=\"nofollow noopener\">Silna eksplozja na Morzu Kaspijskim. Kolejna rosyjska platforma w ogniu<\/a>&nbsp;&nbsp;Polskie Radio 24<\/li>\n<\/ol>\n","protected":false},"excerpt":{"rendered":"Ukraina trafi\u0142a kolejny rosyjski tankowiec. Putin zapowiada reakcj\u0119&nbsp;&nbsp;TVP Info Pierwsze takie uderzenie w historii. Ukrai\u0144cy m\u00f3wi\u0105 o &#8222;bezprecedensowej&hellip;\n","protected":false},"author":2,"featured_media":161052,"comment_status":"","ping_status":"","sticky":false,"template":"","format":"standard","meta":{"footnotes":""},"categories":[14],"tags":[32,33,27,34,35,28,31,25,40,41,80,29,30,26,82,83,84],"class_list":{"0":"post-161051","1":"post","2":"type-post","3":"status-publish","4":"format-standard","5":"has-post-thumbnail","7":"category-swiat","8":"tag-breaking-news","9":"tag-breakingnews","10":"tag-headlines","11":"tag-latest-news","12":"tag-latestnews","13":"tag-naglowki","14":"tag-najwazniejsze-artykuly","15":"tag-news","16":"tag-polish","17":"tag-polski","18":"tag-swiat","19":"tag-top-stories","20":"tag-topstories","21":"tag-wiadomosci","22":"tag-world","23":"tag-world-news","24":"tag-worldnews"},"share_on_mastodon":{"url":"https:\/\/pubeurope.com\/@pl\/115750483078439674","error":""},"_links":{"self":[{"href":"https:\/\/www.europesays.com\/pl\/wp-json\/wp\/v2\/posts\/161051","targetHints":{"allow":["GET"]}}],"collection":[{"href":"https:\/\/www.europesays.com\/pl\/wp-json\/wp\/v2\/posts"}],"about":[{"href":"https:\/\/www.europesays.com\/pl\/wp-json\/wp\/v2\/types\/post"}],"author":[{"embeddable":true,"href":"https:\/\/www.europesays.com\/pl\/wp-json\/wp\/v2\/users\/2"}],"replies":[{"embeddable":true,"href":"https:\/\/www.europesays.com\/pl\/wp-json\/wp\/v2\/comments?post=161051"}],"version-history":[{"count":0,"href":"https:\/\/www.europesays.com\/pl\/wp-json\/wp\/v2\/posts\/161051\/revisions"}],"wp:featuredmedia":[{"embeddable":true,"href":"https:\/\/www.europesays.com\/pl\/wp-json\/wp\/v2\/media\/161052"}],"wp:attachment":[{"href":"https:\/\/www.europesays.com\/pl\/wp-json\/wp\/v2\/media?parent=161051"}],"wp:term":[{"taxonomy":"category","embeddable":true,"href":"https:\/\/www.europesays.com\/pl\/wp-json\/wp\/v2\/categories?post=161051"},{"taxonomy":"post_tag","embeddable":true,"href":"https:\/\/www.europesays.com\/pl\/wp-json\/wp\/v2\/tags?post=161051"}],"curies":[{"name":"wp","href":"https:\/\/api.w.org\/{rel}","templated":true}]}}