{"id":161065,"date":"2025-12-20T06:38:09","date_gmt":"2025-12-20T06:38:09","guid":{"rendered":"https:\/\/www.europesays.com\/pl\/161065\/"},"modified":"2025-12-20T06:38:09","modified_gmt":"2025-12-20T06:38:09","slug":"legia-warszawa-musi-przeanalizowac-sklad-marek-papszun-komentuje-temat-transferow-sport-tvp-pl","status":"publish","type":"post","link":"https:\/\/www.europesays.com\/pl\/161065\/","title":{"rendered":"Legia Warszawa musi przeanalizowa\u0107 sk\u0142ad. Marek Papszun komentuje temat transfer\u00f3w &#8211; sport.tvp.pl"},"content":{"rendered":"<ol>\n<li><a href=\"https:\/\/news.google.com\/rss\/articles\/CBMiugFBVV95cUxPUWc1b2ZGTGRRdmZfOGZpQUlMRmxDMURWUGgwWnVIS0x3YUJGU2dMTFJleUVIQTc1R0toakNvS0hiMXVwaWFKMjcyZUk3TU5JZWNaN2lTVS0ySEJKNXdnUHd2RmloTjA5WEYtTFBsVWtVNmlFeG5yMTdlWDNNdDdGQUlNcGJzS1BTcGRyX3dEQUIySkh5cjJIUmo2ZUdrVG1JeFk1dE5WWEVZbGFQZVVBWkE2RGtWWGpRQlHSAb8BQVVfeXFMTkZmMFVIb09zcDkyVEhzWGtxcVU1bE45b0RyZlIxend0cVctbmZnVmhVVnc1ZDZaQzhzaUFYQmR6bGpuTzFyaF83b3F4MV9MVG13NkJhMHh0ZFBfbl9ORUVnRVAyMFlBZjlVWE9CTzg4NkpVdlVBc1VpOUd0cGhBUDEyVGtHWXE4X2E2bFIzSWtZX3B1d2pPMDZPX1gwcUtyMWxYMWlsVXV2X3VpWjQ2UW1Ydi1udzVzOWtfYWRsQnM?oc=5\" target=\"_blank\" rel=\"nofollow noopener\">Legia Warszawa musi przeanalizowa\u0107 sk\u0142ad. Marek Papszun komentuje temat transfer\u00f3w<\/a>&nbsp;&nbsp;sport.tvp.pl<\/li>\n<li><a href=\"https:\/\/news.google.com\/rss\/articles\/CBMizAFBVV95cUxNZDRPdGVFTVJYenFEOGxTWkxOamhBcFdMZVdEdTBoNlE3Um1rcDVIY3B0NTFkVkpHd3hxTUlWTHByX0ZVNEd5QWFWTDdGRTlSQ2IwcDNKYldPYWJwMzVOUm9VR0JvTDRDMHNrSEZYREJqME4yYmp0ZXZlczkwcTZONDhZRmZibGtHcHN0UmRKLVBNY1N1YXNhdUtaTkFNRGVlX0RLYnFqejd1d1NwTGFNY3FpeFRYQ2JxcldjSzBsTFNnbTc1SFk0enRtZ0M?oc=5\" target=\"_blank\" rel=\"nofollow noopener\">Ciarki \u017cenady na powitaniu Papszuna. Prezes Legii naprawd\u0119 to zrobi\u0142<\/a>&nbsp;&nbsp;Przegl\u0105d Sportowy Onet<\/li>\n<li><a href=\"https:\/\/news.google.com\/rss\/articles\/CBMivAFBVV95cUxQNjV3UVdIWm1uRm1WNDQwbWwwMW44UnBsUTBydFNFQ0lPNXJOUDNtMkphaURGLW82ajBmRTFSUmhKUUVMcjVaU1JPSFBXY0MtcGZsU1VoYjRhNWZJR2FJai1UUkZOYXFGVXphNUFKWE1VYkJfYWFWaDNUOUdScXI2NEg0V0tWLXhHSUF0bW9tUVhoNnpmSWNEZ3V2d0FKcVJMT3RCUFBUUE9UaURIY3FxanNkVFR4Z2pwY0VORg?oc=5\" target=\"_blank\" rel=\"nofollow noopener\">Kucharski nie ma w\u0105tpliwo\u015bci ws. decyzji Mioduskiego. &#8222;To zagrywka PR-owa&#8221;<\/a>&nbsp;&nbsp;SportoweFakty<\/li>\n<li><a href=\"https:\/\/news.google.com\/rss\/articles\/CBMi4gFBVV95cUxOU1dlRlMwOTRobzlRQUFEMHNSZG5SNlc4NVBmbEhlRG1oMjRJa1lSeXk5UEJnNWo2dzl2VDhHOVZ6TDU2WjVYbzE5cjJYdFFMUVlKamFPUkFLQjFnQTdwWnFOTWpoZ2RuMUx3OW9iUzA4cEZra3dnTXh0T3FOdVFVSkdKbW9vc2VuWHV0cjl2UFYxTWI1R2EwWVJaSFF2cGhhUHNHWUFsQnZmLXBrN1hRV296ZFJVeDhBNUJIVVU5QXJ2VDI0SkY3R3hNeFJ2MDBGOVlqSVQxWTFtaUFEWmp1aDZR?oc=5\" target=\"_blank\" rel=\"nofollow noopener\">Nawet tyle mo\u017ce kosztowa\u0107 nowy trener najbogatszego klubu w Polsce. Zawrotna suma<\/a>&nbsp;&nbsp;Business Insider Polska<\/li>\n<li><a href=\"https:\/\/news.google.com\/rss\/articles\/CBMirwFBVV95cUxNTFM4aHZ0LUNsRnV6cFZuZnhsSlJHa0doSlJpWUZLYkxjb2ZFbzMzWnh4Q25mR1FqdFpUY0FBaTg4Z2dqWmRON1JhM2JacUVLQ2xQT3BJbkp6Wk5TalVGRjNkT293N0Z3aXhLZFFwNUh4MWRLS21uNDR3eUcta0RDNk1vb1VOcVFEbzdlV3B6U0xFWGdZYUtBakwxUlhRcndIeGxIeTNlQlJMSVktZHBR?oc=5\" target=\"_blank\" rel=\"nofollow noopener\">Kompromitacja Legii na briefingu Papszuna. Gorzej si\u0119 nie da\u0142o<\/a>&nbsp;&nbsp;Sport.pl<\/li>\n<\/ol>\n","protected":false},"excerpt":{"rendered":"Legia Warszawa musi przeanalizowa\u0107 sk\u0142ad. Marek Papszun komentuje temat transfer\u00f3w&nbsp;&nbsp;sport.tvp.pl Ciarki \u017cenady na powitaniu Papszuna. Prezes Legii naprawd\u0119&hellip;\n","protected":false},"author":2,"featured_media":161066,"comment_status":"","ping_status":"","sticky":false,"template":"","format":"standard","meta":{"footnotes":"","_share_on_mastodon":"0"},"categories":[24],"tags":[713,4797,2221,42,38,40,39,41,127,334,126],"class_list":["post-161065","post","type-post","status-publish","format-standard","has-post-thumbnail","category-sport","tag-legia-warszawa","tag-marcin-herra","tag-marek-papszun","tag-pl","tag-poland","tag-polish","tag-polska","tag-polski","tag-sport","tag-sport-tvp-pl","tag-sports"],"share_on_mastodon":{"url":"https:\/\/pubeurope.com\/@pl\/115750522323333334","error":""},"_links":{"self":[{"href":"https:\/\/www.europesays.com\/pl\/wp-json\/wp\/v2\/posts\/161065","targetHints":{"allow":["GET"]}}],"collection":[{"href":"https:\/\/www.europesays.com\/pl\/wp-json\/wp\/v2\/posts"}],"about":[{"href":"https:\/\/www.europesays.com\/pl\/wp-json\/wp\/v2\/types\/post"}],"author":[{"embeddable":true,"href":"https:\/\/www.europesays.com\/pl\/wp-json\/wp\/v2\/users\/2"}],"replies":[{"embeddable":true,"href":"https:\/\/www.europesays.com\/pl\/wp-json\/wp\/v2\/comments?post=161065"}],"version-history":[{"count":0,"href":"https:\/\/www.europesays.com\/pl\/wp-json\/wp\/v2\/posts\/161065\/revisions"}],"wp:featuredmedia":[{"embeddable":true,"href":"https:\/\/www.europesays.com\/pl\/wp-json\/wp\/v2\/media\/161066"}],"wp:attachment":[{"href":"https:\/\/www.europesays.com\/pl\/wp-json\/wp\/v2\/media?parent=161065"}],"wp:term":[{"taxonomy":"category","embeddable":true,"href":"https:\/\/www.europesays.com\/pl\/wp-json\/wp\/v2\/categories?post=161065"},{"taxonomy":"post_tag","embeddable":true,"href":"https:\/\/www.europesays.com\/pl\/wp-json\/wp\/v2\/tags?post=161065"}],"curies":[{"name":"wp","href":"https:\/\/api.w.org\/{rel}","templated":true}]}}