{"id":161181,"date":"2025-12-20T08:15:17","date_gmt":"2025-12-20T08:15:17","guid":{"rendered":"https:\/\/www.europesays.com\/pl\/161181\/"},"modified":"2025-12-20T08:15:17","modified_gmt":"2025-12-20T08:15:17","slug":"sensacyjna-porazka-klubu-polakow-w-superpucharze-wloch-i-te-karne-przeglad-sportowy-onet","status":"publish","type":"post","link":"https:\/\/www.europesays.com\/pl\/161181\/","title":{"rendered":"Sensacyjna pora\u017cka klubu Polak\u00f3w w Superpucharze W\u0142och! I te karne&#8230; &#8211; Przegl\u0105d Sportowy Onet"},"content":{"rendered":"<ol>\n<li><a href=\"https:\/\/news.google.com\/rss\/articles\/CBMixgFBVV95cUxNNkZ6RzBHNWpiU2pCUF95M0RLTVJ4aVJWYTJyVGFYRkpoUXFoX2ZmcW5ITG5vYzQ5NWVETDhXNndnMV9GSjdTU3NRWVJpalZSLWlHUXpJbXNndTlLdVdtR3RwSzhXWW1PbmtxZDE1VjhwNFNTWFAwN3I4ekRqWTZmTW13UExYNlhiblhnYW9Gbk1oa25GSlhIZzEtUW44VXJwQ1hPM0kxTFZEMzlCeG03OTlRUThwNmVySHNWYTNGWm54MWJEVHc?oc=5\" target=\"_blank\" rel=\"nofollow noopener\">Sensacyjna pora\u017cka klubu Polak\u00f3w w Superpucharze W\u0142och! I te karne&#8230;<\/a>&nbsp;&nbsp;Przegl\u0105d Sportowy Onet<\/li>\n<li><a href=\"https:\/\/news.google.com\/rss\/articles\/CBMirAFBVV95cUxQMmVja1g4Zkp1LUdySF9DQVdoUWZaUl9Fb3NkUFplS1V3WWotRERNWjczNjc2b2QzcmNLeVZmVElyR3dJRHZkckN3Z0Q0VTVHRy0xWS1wbW9CbEZ1VVhIUkJxdmJNWDhNUTEzNVl0YnJvcjFkdXBJeUZDenVza2J3T1M1NFJTZGlST1NJaHhyUDA5MEpYRklJLVF2czA5UlB6a1o0N0Jacnd4WTVq?oc=5\" target=\"_blank\" rel=\"nofollow noopener\">Oto co spotka\u0142o Zieli\u0144skiego w Superpucharze. W\u0142osi nie mog\u0105 uwierzy\u0107<\/a>&nbsp;&nbsp;Sport.pl<\/li>\n<li><a href=\"https:\/\/news.google.com\/rss\/articles\/CBMirwFBVV95cUxQTWdFYl92XzZERS1XT0lhWmx3ZmZJSWI1NVRvQ3ZPd3VJZk1GWktmYUk5M0RaOFRwaGxyNDBDOVBFQWthVVVHQ2c1QW9UYS16dzdMUEtGNFJ1NklZZTJUM2tsLTdIS0tFT2xrdm0wZ180VHpMdnRBMEZrcUY2azBFUkRidUtyZDdUY3BUc0pfU0dtUTBGSTV5RUw3aWpia1FjalhReEFNZVA3VE9aV000?oc=5\" target=\"_blank\" rel=\"nofollow noopener\">Inter straci\u0142 szans\u0119 na trofeum. Tak W\u0142osi ocenili Zieli\u0144skiego<\/a>&nbsp;&nbsp;SportoweFakty<\/li>\n<li><a href=\"https:\/\/news.google.com\/rss\/articles\/CBMipwFBVV95cUxNWTdQQlRuQjZVeUp4VU1WQWE4U2VwRE9VRWNkcTFMV1hPVlFnbk9BaGpQU1dYV0RXLUoxSF9kZ3QwcDV4LVA4WXlVNU9FeXpPU1M3QnBPLWlpeldna1lzU21VWXhBeUNjMU5zaE5WZFJkbDBsTzJ0VVhHZHBRQWlJUHMzcnVQb0JMRk01YVBzbndkd1B4VVdtYmRYcUdUYkktYXNoVUctUdIBrAFBVV95cUxQVE5yZFBEQkNFQ21HcnFNOFJOMVB4b3FpVnNPTHRoMVBMZHVNNTlFVklBeHgtTnNISWxHNmMxQTZJN2JUaWEySnRJa28yT1pnUGxrRDJpeHEzR25ST3dFcmVfek9zSU1EejR1ZE1zY3NHZkp2dnF1VXdfU2cySk01QmZXY0t5a3FkeURMMk5FUEZkUVVoTDdBV3hxWXI2QWp0SUdNMUJOcXh1aTlZ?oc=5\" target=\"_blank\" rel=\"nofollow noopener\">Bologna zameldowa\u0142a si\u0119 w finale Superpucharu W\u0142och. Pokona\u0142a Inter z Piotrem Zieli\u0144skim w sk\u0142adzie<\/a>&nbsp;&nbsp;sport.tvp.pl<\/li>\n<li><a href=\"https:\/\/news.google.com\/rss\/articles\/CBMi9gFBVV95cUxQTzRMVk5vWFExUFpLeEJYa29VZFB0NzdIZDJhdWc2aGdFbU9NVmtSVDBuZVNaTGF2bHRGMXFVN1VnNXpYSWVSUFZ0STNBYzVMSWIyejl2U1Etb2FtdHd0alhjWHlyNUJ5eUFFQWdyT1FRX2oxQlJ3UTRnd0dMVlNVSjk3bXo3dXNJek1OS0FrRzZkNTRjcjdTRUwyejNDZ0wwYk1KTzRIYk52cU9tcnlTS253OUpFNGZHLUhURXVuVXFhY0gyRmZ0LXgwSWMtOVk1SkRXZkF5TXYtNXFBVGR1eW02T0djY2tvWF9ScG9CcnZJQjdNakE?oc=5\" target=\"_blank\" rel=\"nofollow noopener\">Smutek Zieli\u0144skiego. Jego dru\u017cyna nie zagra o Superpuchar W\u0142och<\/a>&nbsp;&nbsp;Eurosport Polska<\/li>\n<\/ol>\n","protected":false},"excerpt":{"rendered":"Sensacyjna pora\u017cka klubu Polak\u00f3w w Superpucharze W\u0142och! I te karne&#8230;&nbsp;&nbsp;Przegl\u0105d Sportowy Onet Oto co spotka\u0142o Zieli\u0144skiego w Superpucharze.&hellip;\n","protected":false},"author":2,"featured_media":161182,"comment_status":"","ping_status":"","sticky":false,"template":"","format":"standard","meta":{"footnotes":""},"categories":[5],"tags":[31932,32,33,36,37,27,7776,67,34,35,746,28,31,25,13069,42,38,40,39,41,136,128,47,4079,135,29,30,26,130],"class_list":{"0":"post-161181","1":"post","2":"type-post","3":"status-publish","4":"format-standard","5":"has-post-thumbnail","7":"category-naglowki","8":"tag-bologna_fc_1909","9":"tag-breaking-news","10":"tag-breakingnews","11":"tag-featured-news","12":"tag-featurednews","13":"tag-headlines","14":"tag-inter_mediolan","15":"tag-intextvideo_splayer","16":"tag-latest-news","17":"tag-latestnews","18":"tag-lysy","19":"tag-naglowki","20":"tag-najwazniejsze-artykuly","21":"tag-news","22":"tag-piotr_zielinski","23":"tag-pl","24":"tag-poland","25":"tag-polish","26":"tag-polska","27":"tag-polski","28":"tag-ps_detal_new","29":"tag-psv2","30":"tag-screening_general","31":"tag-serie_a","32":"tag-sport_sport","33":"tag-top-stories","34":"tag-topstories","35":"tag-wiadomosci","36":"tag-wiadomosci_sportowe"},"share_on_mastodon":{"url":"https:\/\/pubeurope.com\/@pl\/115750903884015633","error":""},"_links":{"self":[{"href":"https:\/\/www.europesays.com\/pl\/wp-json\/wp\/v2\/posts\/161181","targetHints":{"allow":["GET"]}}],"collection":[{"href":"https:\/\/www.europesays.com\/pl\/wp-json\/wp\/v2\/posts"}],"about":[{"href":"https:\/\/www.europesays.com\/pl\/wp-json\/wp\/v2\/types\/post"}],"author":[{"embeddable":true,"href":"https:\/\/www.europesays.com\/pl\/wp-json\/wp\/v2\/users\/2"}],"replies":[{"embeddable":true,"href":"https:\/\/www.europesays.com\/pl\/wp-json\/wp\/v2\/comments?post=161181"}],"version-history":[{"count":0,"href":"https:\/\/www.europesays.com\/pl\/wp-json\/wp\/v2\/posts\/161181\/revisions"}],"wp:featuredmedia":[{"embeddable":true,"href":"https:\/\/www.europesays.com\/pl\/wp-json\/wp\/v2\/media\/161182"}],"wp:attachment":[{"href":"https:\/\/www.europesays.com\/pl\/wp-json\/wp\/v2\/media?parent=161181"}],"wp:term":[{"taxonomy":"category","embeddable":true,"href":"https:\/\/www.europesays.com\/pl\/wp-json\/wp\/v2\/categories?post=161181"},{"taxonomy":"post_tag","embeddable":true,"href":"https:\/\/www.europesays.com\/pl\/wp-json\/wp\/v2\/tags?post=161181"}],"curies":[{"name":"wp","href":"https:\/\/api.w.org\/{rel}","templated":true}]}}