{"id":161312,"date":"2025-12-20T10:03:08","date_gmt":"2025-12-20T10:03:08","guid":{"rendered":"https:\/\/www.europesays.com\/pl\/161312\/"},"modified":"2025-12-20T10:03:08","modified_gmt":"2025-12-20T10:03:08","slug":"spacex-utracilo-kontakt-z-satelita-urzadzenie-opada-w-strone-ziemi","status":"publish","type":"post","link":"https:\/\/www.europesays.com\/pl\/161312\/","title":{"rendered":"SpaceX utraci\u0142o kontakt z satelit\u0105. Urz\u0105dzenie opada w stron\u0119 Ziemi"},"content":{"rendered":"<p class=\"typography ids-typeset-body ids-typeset-body--preset-large link paragraph ids-paragraph ids-paragraph--default\">Satelita konstelacji Starlink od firmy SpaceX o oznaczeniu Starlink-35956 (NORAD 66629, COSPAR 2025-271N) dozna\u0142 powa\u017cnej anomalii na niskiej orbicie oko\u0142oziemskiej. Eksperci od przemys\u0142u kosmicznego podali, \u017ce mia\u0142o to miejsce w nocy z 17 na 18 grudnia. Incydent spowodowa\u0142 utrat\u0119 komunikacji z satelit\u0105, uwolnienie gazu z zbiornika nap\u0119dowego oraz powstanie kilku-kilkunastu \u015bledzonych obiekt\u00f3w, prawdopodobnie fragment\u00f3w samego pojazdu.<\/p>\n<p class=\"typography ids-typeset-body ids-typeset-body--preset-large link paragraph ids-paragraph ids-paragraph--default\">Satelita, o masie oko\u0142o 575 kg, zosta\u0142 wyniesiony na orbit\u0119 23 listopada 2025 roku w ramach misji Group 11-30 z bazy Vandenberg. W momencie zdarzenia, znajdowa\u0142 si\u0119 na wysoko\u015bci perygeum oko\u0142o 418 km. Wed\u0142ug oficjalnego komunikatu SpaceX z 18 grudnia, anomalia doprowadzi\u0142a do szybkiego obni\u017cenia orbity o oko\u0142o 4 km. Najnowsze informacje wskazuj\u0105, \u017ce satelita pozostaje w du\u017cej mierze nienaruszony, ale jest niestabilny i obraca si\u0119 chaotycznie.<\/p>\n<p>SpaceX utraci\u0142o kontakt z satelit\u0105<\/p>\n<p class=\"typography ids-typeset-body ids-typeset-body--preset-large link paragraph ids-paragraph ids-paragraph--default\">Firma SpaceX wyja\u015bnia, \u017ce incydent nie by\u0142 spowodowany kolizj\u0105 z innym obiektem, lecz wewn\u0119trzn\u0105 awari\u0105, prawdopodobnie zwi\u0105zan\u0105 ze zbiornikiem nap\u0119dowym. Najprawdopodobniej chodzi o eksplozj\u0119 paliwa. Obecnie satelita naturalnie opada w kierunku Ziemi i przewiduje si\u0119, \u017ce ca\u0142kowicie sp\u0142onie w atmosferze w ci\u0105gu najbli\u017cszych tygodni. Jego trajektoria przebiega poni\u017cej orbity Mi\u0119dzynarodowej Stacji Kosmicznej (ISS), co eliminuje ryzyko kolizji.<\/p>\n<p class=\"typography ids-typeset-body ids-typeset-body--preset-large link paragraph ids-paragraph ids-paragraph--default\">Niezale\u017cne analizy przeprowadzone przez firmy monitoruj\u0105ce przestrze\u0144 kosmiczn\u0105, takie jak LeoLabs, informuj\u0105 o wykryciu kilkudziesi\u0119ciu fragment\u00f3w innych urz\u0105dze\u0144. Obiekty te poruszaj\u0105 si\u0119 z nisk\u0105 pr\u0119dko\u015bci\u0105 wzgl\u0119dn\u0105, co u\u0142atwia ich \u015bledzenie. SpaceX wsp\u00f3\u0142pracuje z US Space Force oraz NASA w celu monitorowania sytuacji i minimalizacji ryzyka dla innych satelit\u00f3w.<\/p>\n<p>Satelita Starlink-35956 sp\u0142onie w atmosferze Ziemi<\/p>\n<p class=\"typography ids-typeset-body ids-typeset-body--preset-large link paragraph ids-paragraph ids-paragraph--default\">In\u017cynierowie SpaceX ju\u017c wdra\u017caj\u0105 aktualizacje oprogramowania w ca\u0142ej konstelacji, aby zapobiec podobnym zdarzeniom w przysz\u0142o\u015bci. Jako operator najwi\u0119kszej konstelacji satelitarnej na \u015bwiecie (ponad 9000 aktywnych satelit\u00f3w), firma podkre\u015bla swoje zaanga\u017cowanie w bezpiecze\u0144stwo przestrzeni kosmicznej.<\/p>\n<p class=\"typography ids-typeset-body ids-typeset-body--preset-large link paragraph ids-paragraph ids-paragraph--default\">Centrum Operacyjne Polskiej Agencji Kosmicznej (POLSA) aktywnie \u015bledzi rozw\u00f3j wydarze\u0144 zwi\u0105zany z satelit\u0105 Starlink-35956. Ze wzgl\u0119du na nisk\u0105 orbit\u0119 (oko\u0142o 418 km), zar\u00f3wno g\u0142\u00f3wny korpus satelity, jak i powsta\u0142e fragmenty powinny w pe\u0142ni sp\u0142on\u0105\u0107 w atmosferze ziemskiej, nie stanowi\u0105c zagro\u017cenia dla powierzchni Ziemi.<\/p>\n<p>Coraz wi\u0119cej satelit\u00f3w na orbicie. POLSA trzyma r\u0119k\u0119 na pulsie<\/p>\n<p class=\"typography ids-typeset-body ids-typeset-body--preset-large link paragraph ids-paragraph ids-paragraph--default\">POLSA regularnie analizuje potencjalne ryzyka zwi\u0105zane z niekontrolowanymi wej\u015bciami obiekt\u00f3w w atmosfer\u0119 i publikuje komunikaty w celu informowania opinii publicznej. W tym przypadku agencja potwierdza brak bezpo\u015bredniego zagro\u017cenia, ale podkre\u015bla znaczenie ci\u0105g\u0142ego monitoringu w kontek\u015bcie rosn\u0105cej liczby satelit\u00f3w na orbicie.<\/p>\n<p class=\"typography ids-typeset-body ids-typeset-body--preset-large link paragraph ids-paragraph ids-paragraph--default\">Incydent ten jest rzadkim przypadkiem w historii konstelacji Starlink, ale przypomina o wyzwaniach zwi\u0105zanych z zarz\u0105dzaniem mega-konstelacjami w zat\u0142oczonej przestrzeni oko\u0142oziemskiej. Eksperci wskazuj\u0105, \u017ce podobne zdarzenia mog\u0105 sta\u0107 si\u0119 cz\u0119stsze wraz z dalszym rozwojem sieci satelitarnych. W najbli\u017cszych latach na orbicie ma pojawi\u0107 si\u0119 kolejne dziesi\u0105tki tysi\u0119cy ma\u0142ych satelit\u00f3w.<\/p>\n<p>Wioska czarownic w Andaluzji. Tradycja si\u0119ga mrocznych czas\u00f3w\u00a9 2025 Associated Press<\/p>\n<p><a class=\"ids-undecorated-link source ids-page-info--source__link\" href=\"https:\/\/www.interia.pl\" rel=\"nofollow noopener\" target=\"_blank\"><img decoding=\"async\" class=\"ids-image-holder__img\" loading=\"lazy\" alt=\"\" title=\"\" height=\"24px\" src=\"https:\/\/www.europesays.com\/pl\/wp-content\/uploads\/2025\/12\/1766178490_276_0009A60QQ5I2TYF7-C202-F4.webp.webp\"\/><\/a><\/p>\n<p>Masz sugestie, uwagi albo widzisz b\u0142\u0105d? Napisz do nas<\/p>\n<p>Zapisz si\u0119 na geekweekowy newsletter i \u0142ap naj\u015bwie\u017csze newsy ze \u015bwiata tech, lifehacki, porady i ciekawostki.<\/p>\n","protected":false},"excerpt":{"rendered":"Satelita konstelacji Starlink od firmy SpaceX o oznaczeniu Starlink-35956 (NORAD 66629, COSPAR 2025-271N) dozna\u0142 powa\u017cnej anomalii na niskiej&hellip;\n","protected":false},"author":2,"featured_media":161313,"comment_status":"","ping_status":"","sticky":false,"template":"","format":"standard","meta":{"footnotes":""},"categories":[20],"tags":[120,118,119,42,38,40,39,41,116,114,115,121,117],"class_list":{"0":"post-161312","1":"post","2":"type-post","3":"status-publish","4":"format-standard","5":"has-post-thumbnail","7":"category-nauka-i-technika","8":"tag-nauka","9":"tag-nauka-i-technika","10":"tag-naukatechnika","11":"tag-pl","12":"tag-poland","13":"tag-polish","14":"tag-polska","15":"tag-polski","16":"tag-science","17":"tag-science-and-technology","18":"tag-sciencetechnology","19":"tag-technika","20":"tag-technology"},"share_on_mastodon":{"url":"https:\/\/pubeurope.com\/@pl\/115751328531418383","error":""},"_links":{"self":[{"href":"https:\/\/www.europesays.com\/pl\/wp-json\/wp\/v2\/posts\/161312","targetHints":{"allow":["GET"]}}],"collection":[{"href":"https:\/\/www.europesays.com\/pl\/wp-json\/wp\/v2\/posts"}],"about":[{"href":"https:\/\/www.europesays.com\/pl\/wp-json\/wp\/v2\/types\/post"}],"author":[{"embeddable":true,"href":"https:\/\/www.europesays.com\/pl\/wp-json\/wp\/v2\/users\/2"}],"replies":[{"embeddable":true,"href":"https:\/\/www.europesays.com\/pl\/wp-json\/wp\/v2\/comments?post=161312"}],"version-history":[{"count":0,"href":"https:\/\/www.europesays.com\/pl\/wp-json\/wp\/v2\/posts\/161312\/revisions"}],"wp:featuredmedia":[{"embeddable":true,"href":"https:\/\/www.europesays.com\/pl\/wp-json\/wp\/v2\/media\/161313"}],"wp:attachment":[{"href":"https:\/\/www.europesays.com\/pl\/wp-json\/wp\/v2\/media?parent=161312"}],"wp:term":[{"taxonomy":"category","embeddable":true,"href":"https:\/\/www.europesays.com\/pl\/wp-json\/wp\/v2\/categories?post=161312"},{"taxonomy":"post_tag","embeddable":true,"href":"https:\/\/www.europesays.com\/pl\/wp-json\/wp\/v2\/tags?post=161312"}],"curies":[{"name":"wp","href":"https:\/\/api.w.org\/{rel}","templated":true}]}}