{"id":161319,"date":"2025-12-20T10:09:10","date_gmt":"2025-12-20T10:09:10","guid":{"rendered":"https:\/\/www.europesays.com\/pl\/161319\/"},"modified":"2025-12-20T10:09:10","modified_gmt":"2025-12-20T10:09:10","slug":"spider-man-calkiem-nowy-dzien-zdjecia-do-filmu-zakonczone-rezyser-destin-daniel-cretton-dziekuje-tomowi-hollandowi","status":"publish","type":"post","link":"https:\/\/www.europesays.com\/pl\/161319\/","title":{"rendered":"&#8222;Spider-Man: Ca\u0142kiem nowy dzie\u0144&#8221;: zdj\u0119cia do filmu zako\u0144czone. Re\u017cyser Destin Daniel Cretton dzi\u0119kuje Tomowi Hollandowi"},"content":{"rendered":"<p>Re\u017cyser <a class=\"internal\" href=\"https:\/\/www.filmweb.pl\/person\/Destin+Daniel+Cretton-1036962\" title=\"Destin Daniel Cretton\" rel=\"nofollow noopener\" target=\"_blank\">Destin Daniel Cretton<\/a> og\u0142osi\u0142 na Instagramie zako\u0144czenie zdj\u0119\u0107 do widowiska &#8222;<a class=\"internal\" href=\"https:\/\/www.filmweb.pl\/film\/Spider+Man%3A+Ca%C5%82kiem+nowy+dzie%C5%84-2026-10068064\" title=\"Spider-Man: Ca\u0142kiem nowy dzie\u0144\" rel=\"nofollow noopener\" target=\"_blank\">Spider-Man: Ca\u0142kiem nowy dzie\u0144<\/a>&#8222;. Tw\u00f3rca nazwa\u0142 projekt &#8222;najwi\u0119kszym i najbardziej satysfakcjonuj\u0105cym filmem, w jakim kiedykolwiek bra\u0142 udzia\u0142&#8221;. &#8222;Spider-Man&#8221;: Ca\u0142kiem nowy dzie\u0144&#8221;: co wiemy o filmie?<\/p>\n<p><a class=\"internal\" href=\"https:\/\/www.filmweb.pl\/person\/Destin+Daniel+Cretton-1036962\" title=\"Cretton\" rel=\"nofollow noopener\" target=\"_blank\">Cretton<\/a> podzi\u0119kowa\u0142 m.in. odtw\u00f3rcy tytu\u0142owej roli <a class=\"internal\" href=\"https:\/\/www.filmweb.pl\/person\/Tom+Holland-1619211\" title=\"Tomowi Hollandowi\" rel=\"nofollow noopener\" target=\"_blank\">Tomowi Hollandowi<\/a> za &#8222;\u017cyczliwe i hojne przyw\u00f3dztwo na planie i poza nim, nieust\u0119pliw\u0105 etyk\u0119 pracy, nieustraszon\u0105 gr\u0119 aktorsk\u0105 i za\u00a0 przyja\u017a\u0144&#8221;. <\/p>\n<p><a class=\"markupPhoto\" href=\"https:\/\/fwcdn.pl\/nph\/49468\/2025\/68898.13.jpg\" data-lightbox=\"true\" data-li=\"\" rel=\"lightbox[photos] nofollow noopener\" data-photo=\"https:\/\/www.europesays.com\/pl\/wp-content\/uploads\/2025\/12\/68898.2.jpg\" target=\"photo-68898\" data-id=\"68898\" data-index=\"68898\"> <img decoding=\"async\" src=\"https:\/\/www.europesays.com\/pl\/wp-content\/uploads\/2025\/12\/68898.2.jpg\" alt=\"1.png\" class=\"MarkupPhotoHTML-2\" loading=\"lazy\" data-light-box=\"{ &quot;group&quot;: true, &quot;photo&quot;: { &quot;id&quot;: &quot;68898&quot;, &quot;src&quot;: &quot;https:\/\/fwcdn.pl\/nph\/49468\/2025\/68898.13.jpg&quot;, &quot;thumb&quot;: &quot;https:\/\/www.europesays.com\/pl\/wp-content\/uploads\/2025\/12\/68898.2.jpg&quot; } }\"\/> <\/a><br \/>Przypomnijmy, \u017ce w obsadzie filmu znale\u017ali si\u0119 tak\u017ce: <a class=\"internal\" href=\"https:\/\/www.filmweb.pl\/person\/Mark+Ruffalo-6650\" title=\"Mark Ruffalo\" rel=\"nofollow noopener\" target=\"_blank\">Mark Ruffalo<\/a> (Bruce Banner \/ <a class=\"internal\" href=\"https:\/\/www.filmweb.pl\/character\/Hulk-38\" title=\"Hulk\" rel=\"nofollow noopener\" target=\"_blank\">Hulk<\/a>), <a class=\"internal\" href=\"https:\/\/www.filmweb.pl\/person\/Jon+Bernthal-290114\" title=\"Jon Bernthal\" rel=\"nofollow noopener\" target=\"_blank\">Jon Bernthal<\/a> (<a class=\"internal\" href=\"https:\/\/www.filmweb.pl\/person\/The+Punisher-3243081\" title=\"Punisher\" rel=\"nofollow noopener\" target=\"_blank\">Punisher<\/a>), <a class=\"internal\" href=\"https:\/\/www.filmweb.pl\/person\/Michael+Mando-973268\" title=\"Michael Mando\" rel=\"nofollow noopener\" target=\"_blank\">Michael Mando<\/a> (<a class=\"internal\" href=\"https:\/\/www.filmweb.pl\/character\/Scorpion-886\" title=\"Scorpion\" rel=\"nofollow noopener\" target=\"_blank\">Scorpion<\/a>), <a class=\"internal\" href=\"https:\/\/www.filmweb.pl\/person\/Zendaya-1546035\" title=\"Zendaya\" rel=\"nofollow noopener\" target=\"_blank\">Zendaya<\/a> (<a class=\"internal\" href=\"https:\/\/www.filmweb.pl\/character\/Michelle+%22MJ%22+Jones-345\" title=\"MJ\" rel=\"nofollow noopener\" target=\"_blank\">MJ<\/a>), <a class=\"internal\" href=\"https:\/\/www.filmweb.pl\/person\/Jacob+Batalon-2504672\" title=\"Jacob Batalon\" rel=\"nofollow noopener\" target=\"_blank\">Jacob Batalon<\/a> (Ned) oraz <a class=\"internal\" href=\"https:\/\/www.filmweb.pl\/person\/Sadie+Sink-1976310\" title=\"Sadie Sink\" rel=\"nofollow noopener\" target=\"_blank\">Sadie Sink<\/a>, kt\u00f3rej rola nie zosta\u0142a na razie oficjalnie ujawniona. <\/p>\n<p>Oficjalny opis filmu g\u0142osi: Peter Parker rozpoczyna nowy rozdzia\u0142 w swoim \u017cyciu \u2014 stara si\u0119 pogodzi\u0107 studia, dorywcz\u0105 prac\u0119 i bycie mi\u0142ym Spider-Manem z s\u0105siedztwa. Jednak gdy tajemnicza si\u0142a zaczyna niszczy\u0107 miasto od \u015brodka, Peter zostaje uwik\u0142any w konflikt mi\u0119dzy pot\u0119\u017cnymi wrogami a u jego boku staj\u0105 niespodziewani sojusznicy. Gdy cienie przesz\u0142o\u015bci wkraczaj\u0105 w jego pouk\u0142adane \u017cycie, musi na nowo zdefiniowa\u0107, co naprawd\u0119 znaczy by\u0107 bohaterem \u2014 na w\u0142asnych zasadach. <\/p>\n<p><a class=\"internal\" href=\"https:\/\/www.filmweb.pl\/person\/Tom+Holland-1619211\" title=\"Tom Holland\" rel=\"nofollow noopener\" target=\"_blank\">Tom Holland<\/a>\u00a0wciela si\u0119 w cz\u0142owieka-paj\u0105ka od 2016 roku. Po raz pierwszy mogli\u015bmy go podziwia\u0107 w tej roli w filmie &#8222;<a class=\"internal\" href=\"https:\/\/www.filmweb.pl\/film\/Kapitan+Ameryka%3A+Wojna+bohater%C3%B3w-2016-706209\" title=\"Kapitan Ameryka: Wojna bohater\u00f3w\" rel=\"nofollow noopener\" target=\"_blank\">Kapitan Ameryka: Wojna bohater\u00f3w<\/a>&#8222;. W kolejnych latach aktor wcieli\u0142 si\u0119 w zamaskowanego superbohatera w filmach &#8222;<a class=\"internal\" href=\"https:\/\/www.filmweb.pl\/film\/Spider+Man%3A+Homecoming-2017-659676\" title=\"Spider-Man: Homecoming\" rel=\"nofollow noopener\" target=\"_blank\">Spider-Man: Homecoming<\/a>&#8222;, &#8222;<a class=\"internal\" href=\"https:\/\/www.filmweb.pl\/film\/Spider+Man%3A+Daleko+od+domu-2019-789869\" title=\"Spider-Man: Daleko od domu\" rel=\"nofollow noopener\" target=\"_blank\">Spider-Man: Daleko od domu<\/a>&#8222;, wie\u0144cz\u0105cym trzeci\u0105 faz\u0119 MCU dwucz\u0119\u015bciowym widowisku &#8222;<a class=\"internal\" href=\"https:\/\/www.filmweb.pl\/film\/Avengers%3A+Wojna+bez+granic-2018-693758\" title=\"Avengers: Wojna bez granic\" rel=\"nofollow noopener\" target=\"_blank\">Avengers: Wojna bez granic<\/a>&#8221; i &#8222;<a class=\"internal\" href=\"https:\/\/www.filmweb.pl\/film\/Avengers%3A+Koniec+gry-2019-790542\" title=\"Avengers: Koniec gry\" rel=\"nofollow noopener\" target=\"_blank\">Avengers: Koniec gry<\/a>&#8222;, a ostatnio w filmie &#8222;<a class=\"internal\" href=\"https:\/\/www.filmweb.pl\/film\/Spider+Man%3A+Bez+drogi+do+domu-2021-850261\" title=\"Spider-Man: Bez drogi do domu\" rel=\"nofollow noopener\" target=\"_blank\">Spider-Man: Bez drogi do domu<\/a>&#8222;.\u00a0 \u00a0 \u00a0 <\/p>\n<p>Teaser filmu &#8222;Spider-Man: Ca\u0142kiem nowy dzie\u0144&#8221;<\/p>\n","protected":false},"excerpt":{"rendered":"Re\u017cyser Destin Daniel Cretton og\u0142osi\u0142 na Instagramie zako\u0144czenie zdj\u0119\u0107 do widowiska &#8222;Spider-Man: Ca\u0142kiem nowy dzie\u0144&#8222;. Tw\u00f3rca nazwa\u0142 projekt&hellip;\n","protected":false},"author":2,"featured_media":161320,"comment_status":"","ping_status":"","sticky":false,"template":"","format":"standard","meta":{"footnotes":""},"categories":[22],"tags":[122,42,38,40,39,41,123],"class_list":{"0":"post-161319","1":"post","2":"type-post","3":"status-publish","4":"format-standard","5":"has-post-thumbnail","7":"category-rozrywka","8":"tag-entertainment","9":"tag-pl","10":"tag-poland","11":"tag-polish","12":"tag-polska","13":"tag-polski","14":"tag-rozrywka"},"share_on_mastodon":{"url":"https:\/\/pubeurope.com\/@pl\/115751352398137297","error":""},"_links":{"self":[{"href":"https:\/\/www.europesays.com\/pl\/wp-json\/wp\/v2\/posts\/161319","targetHints":{"allow":["GET"]}}],"collection":[{"href":"https:\/\/www.europesays.com\/pl\/wp-json\/wp\/v2\/posts"}],"about":[{"href":"https:\/\/www.europesays.com\/pl\/wp-json\/wp\/v2\/types\/post"}],"author":[{"embeddable":true,"href":"https:\/\/www.europesays.com\/pl\/wp-json\/wp\/v2\/users\/2"}],"replies":[{"embeddable":true,"href":"https:\/\/www.europesays.com\/pl\/wp-json\/wp\/v2\/comments?post=161319"}],"version-history":[{"count":0,"href":"https:\/\/www.europesays.com\/pl\/wp-json\/wp\/v2\/posts\/161319\/revisions"}],"wp:featuredmedia":[{"embeddable":true,"href":"https:\/\/www.europesays.com\/pl\/wp-json\/wp\/v2\/media\/161320"}],"wp:attachment":[{"href":"https:\/\/www.europesays.com\/pl\/wp-json\/wp\/v2\/media?parent=161319"}],"wp:term":[{"taxonomy":"category","embeddable":true,"href":"https:\/\/www.europesays.com\/pl\/wp-json\/wp\/v2\/categories?post=161319"},{"taxonomy":"post_tag","embeddable":true,"href":"https:\/\/www.europesays.com\/pl\/wp-json\/wp\/v2\/tags?post=161319"}],"curies":[{"name":"wp","href":"https:\/\/api.w.org\/{rel}","templated":true}]}}