{"id":161378,"date":"2025-12-20T11:07:09","date_gmt":"2025-12-20T11:07:09","guid":{"rendered":"https:\/\/www.europesays.com\/pl\/161378\/"},"modified":"2025-12-20T11:07:09","modified_gmt":"2025-12-20T11:07:09","slug":"kciuk-bez-szans-kolejny-polak-odpadl-z-ms","status":"publish","type":"post","link":"https:\/\/www.europesays.com\/pl\/161378\/","title":{"rendered":"Kciuk bez szans. Kolejny Polak odpad\u0142 z M\u015a"},"content":{"rendered":"\n<p class=\"contentpart contentpart--default contentpart--text\" data-position=\"0\">To oznacza, \u017ce w drugiej rundzie b\u0119dziemy mie\u0107 tylko jednego reprezentanta Polski &#8211; Krzysztofa Ratajskiego, kt\u00f3ry w czwartek pokona\u0142 Alexisa Toylo.<\/p>\n<p class=\"contentpart contentpart--default contentpart--text\" data-position=\"1\">Krzysztof Kciuk musia\u0142 uzna\u0107 wy\u017cszo\u015b\u0107 Williama O&#8217;Connora. Tym samym do\u0142\u0105czy\u0142 do Sebastiana Bia\u0142eckiego, kt\u00f3ry r\u00f3wnie\u017c przegra\u0142 w pierwszej rundzie i ruszy\u0142 w podr\u00f3\u017c powrotn\u0105 do domu.<\/p>\n<p> <img role=\"presentation\" src=\"https:\/\/std.wpcdn.pl\/images\/adv\/placeholder_wp.svg\" loading=\"lazy\" alt=\"\" decoding=\"async\"\/>  <\/p>\n<p class=\"contentpart contentpart--default contentpart--text\" data-position=\"2\">Kciuk nie by\u0142 faworytem w starciu z Irlandczykiem, ale mimo wszystko liczyli\u015bmy na niespodziank\u0119, bo przecie\u017c takowych nie brakuje na tegorocznym turnieju. Ponadto, O&#8217;Connor bywa chimeryczny &#8211; potrafi zagra\u0107 genialnie, by innym razem &#8222;odda\u0107&#8221; mecz bez wi\u0119kszej walki.<\/p>\n<p class=\"contentpart contentpart--default contentpart--text\" data-position=\"3\">Jak by\u0142o? C\u00f3\u017c, wylosowa\u0142 si\u0119 rywal w genialnej dyspozycji.<\/p>\n<p class=\"contentpart contentpart--default contentpart--text\" data-position=\"4\">Reprezentant Polski niestety nie mia\u0142 wi\u0119kszych szans, cho\u0107 pocz\u0105tek by\u0142 obiecuj\u0105cy&#8230;<\/p>\n<p class=\"contentpart contentpart--default contentpart--text\" data-position=\"5\">ZOBACZ WIDEO: #dziejesiewsporcie: Co to by\u0142 za rzut! Skrad\u0142 show przed meczem<\/p>\n<p class=\"contentpart contentpart--default contentpart--text\" data-position=\"7\">Pierwszy leg? Na &#8222;dzie\u0144 dobry&#8221; zamkni\u0119te 167, do tego regularnie rzucane potr\u00f3jne. W skr\u00f3cie: mo\u017cna by\u0142o mie\u0107 obawy. Ale Kciuk dotrzymywa\u0142 mu kroku. Ju\u017c w pierwszym podej\u015bciu rzuci\u0142 180, p\u00f3\u017aniej bywa\u0142o r\u00f3\u017cnie, natomiast jego \u015brednia w pierwszym secie kr\u0119ci\u0142a si\u0119 w okolicach 100. Mia\u0142 te\u017c lotk\u0119 setow\u0105, jednak minimalnie pomyli\u0142 si\u0119 na czerwonym \u015brodku. Rywal podszed\u0142 i zamkn\u0105\u0142 20 w pierwszym rzucie.<\/p>\n<p> <img role=\"presentation\" src=\"https:\/\/std.wpcdn.pl\/images\/adv\/placeholder_wp.svg\" loading=\"lazy\" alt=\"\" decoding=\"async\"\/>  <\/p>\n<p class=\"contentpart contentpart--default contentpart--text\" data-position=\"8\">Niestety, przerwa po pierwszym secie wybi\u0142a Kciuka z jakiegokolwiek rytmu i by\u0142o ju\u017c tylko gorzej. Brakowa\u0142o mocy na punktacji, a rywal rzuca\u0142 niczym nakr\u0119cony, by\u0142 pierwszy na podw\u00f3jnych i nie da\u0142 Polakowi absolutnie \u017cadnych szans. Dwa prze\u0142amania, b\u0142yskawiczne 3:0 w drugim secie (trzeci leg zamkni\u0119ty w dwunastu lotkach).<\/p>\n<p class=\"contentpart contentpart--default contentpart--text\" data-position=\"9\">I by\u0142o jasne, \u017ce ci\u0119\u017cko b\u0119dzie Polakowi wr\u00f3ci\u0107 do tego meczu. Zw\u0142aszcza, \u017ce Irlandczyk nie schodzi\u0142 z bardzo wysokiego poziomu. Kciuk notowa\u0142 pomy\u0142ki sektorowe i nie nawi\u0105za\u0142 ju\u017c walki.<\/p>\n<p class=\"contentpart contentpart--default contentpart--text\" data-position=\"10\">Z takim O&#8217;Connorem nie da\u0142o si\u0119 wygra\u0107. Zagra\u0142 na \u015bredniej 102,36 (najwy\u017csza &#8211; jak dot\u0105d &#8211; \u015brednia turnieju!), podczas gdy Kciuk zanotowa\u0142 jedynie 85,34. R\u00f3\u017cnica by\u0142a widoczna go\u0142ym okiem.<\/p>\n<p class=\"contentpart contentpart--default contentpart--text\" data-position=\"11\">M\u015a w darcie &#8211; I runda:<\/p>\n<p class=\"contentpart contentpart--default contentpart--text\" data-position=\"12\"><a href=\"https:\/\/sportowefakty.wp.pl\/dart\/william-oconnor\" rel=\"nofollow noopener\" target=\"_blank\">William O&#8217;Connor<\/a>\u00a0(Irlandia) &#8211; <a href=\"https:\/\/sportowefakty.wp.pl\/dart\/krzysztof-kciuk\" rel=\"nofollow noopener\" target=\"_blank\">Krzysztof Kciuk<\/a>\u00a0(Polska) 3:0 (3-2, 3-0, 3-0)<\/p>\n","protected":false},"excerpt":{"rendered":"To oznacza, \u017ce w drugiej rundzie b\u0119dziemy mie\u0107 tylko jednego reprezentanta Polski &#8211; Krzysztofa Ratajskiego, kt\u00f3ry w czwartek&hellip;\n","protected":false},"author":2,"featured_media":161379,"comment_status":"","ping_status":"","sticky":false,"template":"","format":"standard","meta":{"footnotes":""},"categories":[24],"tags":[2782,42,38,40,39,41,127,126,106,31799],"class_list":{"0":"post-161378","1":"post","2":"type-post","3":"status-publish","4":"format-standard","5":"has-post-thumbnail","7":"category-sport","8":"tag-londyn","9":"tag-pl","10":"tag-poland","11":"tag-polish","12":"tag-polska","13":"tag-polski","14":"tag-sport","15":"tag-sports","16":"tag-wielka-brytania","17":"tag-william-o"},"share_on_mastodon":{"url":"https:\/\/pubeurope.com\/@pl\/115751580368152012","error":""},"_links":{"self":[{"href":"https:\/\/www.europesays.com\/pl\/wp-json\/wp\/v2\/posts\/161378","targetHints":{"allow":["GET"]}}],"collection":[{"href":"https:\/\/www.europesays.com\/pl\/wp-json\/wp\/v2\/posts"}],"about":[{"href":"https:\/\/www.europesays.com\/pl\/wp-json\/wp\/v2\/types\/post"}],"author":[{"embeddable":true,"href":"https:\/\/www.europesays.com\/pl\/wp-json\/wp\/v2\/users\/2"}],"replies":[{"embeddable":true,"href":"https:\/\/www.europesays.com\/pl\/wp-json\/wp\/v2\/comments?post=161378"}],"version-history":[{"count":0,"href":"https:\/\/www.europesays.com\/pl\/wp-json\/wp\/v2\/posts\/161378\/revisions"}],"wp:featuredmedia":[{"embeddable":true,"href":"https:\/\/www.europesays.com\/pl\/wp-json\/wp\/v2\/media\/161379"}],"wp:attachment":[{"href":"https:\/\/www.europesays.com\/pl\/wp-json\/wp\/v2\/media?parent=161378"}],"wp:term":[{"taxonomy":"category","embeddable":true,"href":"https:\/\/www.europesays.com\/pl\/wp-json\/wp\/v2\/categories?post=161378"},{"taxonomy":"post_tag","embeddable":true,"href":"https:\/\/www.europesays.com\/pl\/wp-json\/wp\/v2\/tags?post=161378"}],"curies":[{"name":"wp","href":"https:\/\/api.w.org\/{rel}","templated":true}]}}