{"id":161403,"date":"2025-12-20T11:22:12","date_gmt":"2025-12-20T11:22:12","guid":{"rendered":"https:\/\/www.europesays.com\/pl\/161403\/"},"modified":"2025-12-20T11:22:12","modified_gmt":"2025-12-20T11:22:12","slug":"anita-szydlowska-szymaniak-tydzien-po-slubie-prawdziwy-zwiazek-przetrwa-wiele","status":"publish","type":"post","link":"https:\/\/www.europesays.com\/pl\/161403\/","title":{"rendered":"Anita Szyd\u0142owska-Szymaniak tydzie\u0144 po \u015blubie. &#8222;Prawdziwy zwi\u0105zek przetrwa wiele&#8221;"},"content":{"rendered":"<p class=\"ods-c-paragraph \">Dla wielu widz\u00f3w byli jedn\u0105 z nielicznych par, kt\u00f3re udowodni\u0142y, \u017ce reality-show mo\u017ce przerodzi\u0107 si\u0119 w prawdziwe uczucie. <a href=\"https:\/\/plejada.pl\/temat\/anita-szydlowska\/2wwtw07\" id=\"583cae0d-1fc3-4b6a-a14b-02b38e3953eb\" rel=\"nofollow noopener\" target=\"_blank\">Anita Szyd\u0142owska<\/a> i<a href=\"https:\/\/plejada.pl\/temat\/adrian-szymaniak\/2ql7z42\" id=\"f5042b79-5459-469e-a1d1-f7e7a18f2bef\" rel=\"nofollow noopener\" target=\"_blank\"> Adrian Szymaniak<\/a> od lat buduj\u0105 sw\u00f3j zwi\u0105zek z dala od medialnego zgie\u0142ku, cho\u0107 pocz\u0105tki ich relacji \u015bledzi\u0142a ca\u0142a Polska. W po\u0142owie tego roku ich \u017cycie wywr\u00f3ci\u0142o si\u0119 do g\u00f3ry nogami \u2014 Adrian us\u0142ysza\u0142 diagnoz\u0119: glejak IV stopnia. Choroba i walka o zdrowie sprawi\u0142y, \u017ce para zdecydowa\u0142a si\u0119 na<a href=\"https:\/\/plejada.pl\/newsy\/choroba-adriana-z-sopw-przyspieszyla-decyzje-o-drugim-slubie-lepszy-moment-moze-nie\/7qqjtjp\" id=\"e803a267-b63f-47cc-96a7-f5176d34f5e7\" rel=\"nofollow noopener\" target=\"_blank\"> przyspieszenie, kolejnego, tym razem ko\u015bcielnego \u015blubu.<\/a><\/p>\n<p class=\"ods-c-paragraph \">Ceremonia odby\u0142a si\u0119 12 grudnia 2025 r. w kameralnej kaplicy w Szczecinie. W otoczeniu najbli\u017cszych, z dala od b\u0142ysku fleszy, powiedzieli sobie sakramentalne &#8222;tak&#8221;. Uroczysto\u015b\u0107 zwie\u0144czy\u0142a kameralna zabawa w dworku nad Jeziorem Szmaragdowym, po\u0142o\u017conym w sercu Puszczy Bukowej.<\/p>\n<p>Dalszy ci\u0105g artyku\u0142u pod materia\u0142em wideo<\/p>\n<p> Gdzie odby\u0142 si\u0119 \u015blub Anity Szyd\u0142owskiej-Szymaniak? <\/p>\n<p> Jakie wyzwania postawi\u0142a przed par\u0105 choroba Adriana? <\/p>\n<p> Ile lat min\u0119\u0142o od pierwszego \u015blubu Anity i Adriana? <\/p>\n<p> Co powiedzia\u0142a Anita o prawdziwym zwi\u0105zku? <\/p>\n<p>  Anita Szyd\u0142owska-Szymaniak o dniu \u015blubu<\/p>\n<p class=\"ods-c-paragraph \">Tydzie\u0144 po \u015blubie Anita Szyd\u0142owska-Szymaniak nawi\u0105za\u0142a do przysi\u0119gi, kt\u00f3r\u0105 para sk\u0142ada\u0142a sobie osiem lat temu, nie znaj\u0105c si\u0119 wcale, a tak\u017ce do tej, kt\u00f3r\u0105 wypowiedzia\u0142a teraz \u2014 ju\u017c jako \u015bwiadomy swoich wybor\u00f3w zwi\u0105zek gotowy na wsp\u00f3lne \u017cycie &#8222;na dobre i na z\u0142e, w zdrowiu i chorobie&#8221;.<\/p>\n<p class=\"ods-c-paragraph \">&#8222;Min\u0105\u0142 tydzie\u0144 od \u015blubu. Nie sztuk\u0105 jednak jest bawi\u0107 si\u0119 na weselu \u2014 prawdziwy zwi\u0105zek to taki, kt\u00f3ry przetrwa wiele pr\u00f3b \u2014 czas b\u0119dzie go zmienia\u0142 tylko na lepsze, r\u00f3\u017cnice b\u0119d\u0105 wzbogaca\u0142y, a wsp\u00f3lne prze\u017cycia cementowa\u0142y. Nie b\u0119dzie oparty na powierzchowno\u015bci, a na prawdziwych fundamentach i g\u0142\u0119bokim uczuciu&#8221; \u2014 napisa\u0142a.<\/p>\n<p class=\"ods-c-paragraph \">Anita Szyd\u0142owska-Szymaniak podzieli\u0142a si\u0119 tak\u017ce opisem samej uroczysto\u015bci.<\/p>\n<blockquote class=\"ods-o-quota\">\n<p class=\"ods-o-quota__paragraph\">\u015alub wzi\u0119li\u015bmy w malutkiej, skromnej kaplicy, bez obecno\u015bci reporter\u00f3w. Oboje p\u0142akali\u015bmy, a z nami czuli\u015bmy, \u017ce wzrusza\u0142 si\u0119 ca\u0142y budynek, wype\u0142niony naszymi najbli\u017cszymi<\/p>\n<\/blockquote>\n<p class=\"ods-c-paragraph \">\u2014 napisa\u0142a autorka postu.<\/p>\n<p class=\"ods-c-paragraph \">Dzi\u0119kujemy, \u017ce przeczyta\u0142a\u015b\/e\u015b nasz artyku\u0142 do ko\u0144ca. W serwisie Plejada.pl ka\u017cdego dnia piszemy o najwa\u017cniejszych wydarzeniach show-biznesowych. B\u0105d\u017a na bie\u017c\u0105co! <a rel=\"nofollow noopener\" href=\"https:\/\/news.google.com\/publications\/CAAiEF0PeAlb7W1llpV_mwV2rL4qFAgKIhBdD3gJW-1tZZaVf5sFdqy-?hl=pl&amp;gl=PL&amp;ceid=PL%3Apl\" id=\"2651d4db-6422-403f-bed2-499d828c776b\" target=\"_blank\">Obserwuj<\/a> Plejad\u0119 w Wiadomo\u015bciach Google. Odwied\u017a nas tak\u017ce na <a rel=\"nofollow noopener\" href=\"https:\/\/www.facebook.com\/plejadapl\" id=\"fce2cd0b-cbbb-46b7-9975-8fd403526946\" target=\"_blank\">Facebooku<\/a>, <a rel=\"nofollow noopener\" href=\"https:\/\/www.instagram.com\/plejadapl\/\" id=\"1dbf008b-e28a-4921-b78e-45db4922ff85\" target=\"_blank\">Instagramie<\/a>, <a rel=\"nofollow noopener\" href=\"https:\/\/www.youtube.com\/c\/plejada\" id=\"30775c9e-198a-4436-a82c-634753e05fe9\" target=\"_blank\">YouTubie<\/a> oraz <a rel=\"nofollow noopener\" href=\"https:\/\/www.tiktok.com\/@plejada_pl\" id=\"dfd8ab85-1b81-40fa-8f7a-ff7781661aac\" target=\"_blank\">TikToku<\/a>.<\/p>\n<p class=\"ods-c-paragraph \">Chcesz podzieli\u0107 si\u0119 ciekawym newsem lub zaproponowa\u0107 temat? Skontaktuj si\u0119 z nami, pisz\u0105c maila na adres: plejada@redakcjaonet.pl.<\/p>\n<p><script async src=\"\/\/www.instagram.com\/embed.js\"><\/script><script async src=\"\/\/www.tiktok.com\/embed.js\"><\/script><\/p>\n","protected":false},"excerpt":{"rendered":"Dla wielu widz\u00f3w byli jedn\u0105 z nielicznych par, kt\u00f3re udowodni\u0142y, \u017ce reality-show mo\u017ce przerodzi\u0107 si\u0119 w prawdziwe uczucie.&hellip;\n","protected":false},"author":2,"featured_media":161404,"comment_status":"","ping_status":"","sticky":false,"template":"","format":"standard","meta":{"footnotes":""},"categories":[22],"tags":[5589,5623,122,48,125,46,42,38,40,39,41,123,47,4767],"class_list":{"0":"post-161403","1":"post","2":"type-post","3":"status-publish","4":"format-standard","5":"has-post-thumbnail","7":"category-rozrywka","8":"tag-adrian_szymaniak","9":"tag-anita_szydlowska","10":"tag-entertainment","11":"tag-nat_styl","12":"tag-newsy","13":"tag-omp","14":"tag-pl","15":"tag-poland","16":"tag-polish","17":"tag-polska","18":"tag-polski","19":"tag-rozrywka","20":"tag-screening_general","21":"tag-slub_od_pierwszego_wejrzenia"},"share_on_mastodon":{"url":"https:\/\/pubeurope.com\/@pl\/115751639350265933","error":""},"_links":{"self":[{"href":"https:\/\/www.europesays.com\/pl\/wp-json\/wp\/v2\/posts\/161403","targetHints":{"allow":["GET"]}}],"collection":[{"href":"https:\/\/www.europesays.com\/pl\/wp-json\/wp\/v2\/posts"}],"about":[{"href":"https:\/\/www.europesays.com\/pl\/wp-json\/wp\/v2\/types\/post"}],"author":[{"embeddable":true,"href":"https:\/\/www.europesays.com\/pl\/wp-json\/wp\/v2\/users\/2"}],"replies":[{"embeddable":true,"href":"https:\/\/www.europesays.com\/pl\/wp-json\/wp\/v2\/comments?post=161403"}],"version-history":[{"count":0,"href":"https:\/\/www.europesays.com\/pl\/wp-json\/wp\/v2\/posts\/161403\/revisions"}],"wp:featuredmedia":[{"embeddable":true,"href":"https:\/\/www.europesays.com\/pl\/wp-json\/wp\/v2\/media\/161404"}],"wp:attachment":[{"href":"https:\/\/www.europesays.com\/pl\/wp-json\/wp\/v2\/media?parent=161403"}],"wp:term":[{"taxonomy":"category","embeddable":true,"href":"https:\/\/www.europesays.com\/pl\/wp-json\/wp\/v2\/categories?post=161403"},{"taxonomy":"post_tag","embeddable":true,"href":"https:\/\/www.europesays.com\/pl\/wp-json\/wp\/v2\/tags?post=161403"}],"curies":[{"name":"wp","href":"https:\/\/api.w.org\/{rel}","templated":true}]}}