{"id":161451,"date":"2025-12-20T11:46:23","date_gmt":"2025-12-20T11:46:23","guid":{"rendered":"https:\/\/www.europesays.com\/pl\/161451\/"},"modified":"2025-12-20T11:46:23","modified_gmt":"2025-12-20T11:46:23","slug":"straca-godnosc-i-szacunek-ostre-slowa-po-decyzji-czech-w-sprawie-ukrainy-tvp-info","status":"publish","type":"post","link":"https:\/\/www.europesays.com\/pl\/161451\/","title":{"rendered":"\u201eStrac\u0105 godno\u015b\u0107 i szacunek\u201d. Ostre s\u0142owa po decyzji Czech w sprawie Ukrainy &#8211; TVP Info"},"content":{"rendered":"<ol>\n<li><a href=\"https:\/\/news.google.com\/rss\/articles\/CBMi3gFBVV95cUxNZ1M5V3pSc2szbk5IVEx4UE0xR3JjY3RBWTRCYmdRNUFLZ0F4MklnY3hoRlRTUnhUYkw5bVVPVHl6eGpYa0N2T1ZPdDczT1ZkSk9PcGc2TGV0Tk9EbjVYUVdKNlpvd1phUWNvODFiTkVxOXZ6eW9GUk9oVVhBU0hZSVdSUHZsQjh3anAtQ3k2TFpabXdCSkN4ZVVYMHd5ck8teEJxd01tRlZmZk1IMzl1Z0ZZd3lGWEUzamlJSUZGS1FRZzd3N1Naejl6QzAzSUh5NVVlR3BZUzRaSXUwU2c?oc=5\" target=\"_blank\" rel=\"nofollow noopener\">\u201eStrac\u0105 godno\u015b\u0107 i szacunek\u201d. Ostre s\u0142owa po decyzji Czech w sprawie Ukrainy<\/a>&nbsp;&nbsp;TVP Info<\/li>\n<li><a href=\"https:\/\/news.google.com\/rss\/articles\/CBMitAFBVV95cUxQcmh3VEx5cnFhTzNvYUpseHU4bWV2THVzUlNPZnRxWnVzVjYzbTl4TktwTjFZZk5rSUg4TEJtdF9PWlZzRnhWb3l3Vk00enJtQ2pHd3ZFeHRDOUN4WVN0clJfWXNHVFAzNXllcnVZRXo2bjRYSFNZSlZMTk43TlNYaWlSaE0xUEZRd2xqVDVodnN0UDVwQ3N6X25sa1hVR0paQnJRSGhVSmhtdUE2MEdva2dkTDg?oc=5\" target=\"_blank\" rel=\"nofollow noopener\">Wielka awantura po decyzji w sprawie po\u017cyczki dla Ukrainy<\/a>&nbsp;&nbsp;Przegl\u0105d Sportowy Onet<\/li>\n<li><a href=\"https:\/\/news.google.com\/rss\/articles\/CBMiwAFBVV95cUxQaWZqT0p2dkVMSjVoR2hCa1czZjVTOS1HbTV3VGt1amdWeFZiS0R3U3NEbm5YeUxwUGUyQ3h5aVdfX3o4LW5hLUVLa2F3MWhjaG9HRF90SDN5ZV9iZjZsZmhmVUozYThiOGpUSUFXa1pNN3lmTnlIN01FTmRfbUV3OXpiQ2EtQjBCcnJQOHR6SGZjTjNTcS16UjBKZkxSbWpvVDNPOFh5cXpfX041WElSM0drZVdtS01VU2JSQXZMbTE?oc=5\" target=\"_blank\" rel=\"nofollow noopener\">&#8222;Ukraina nie potrzebuje broni&#8221;. Zdumiewaj\u0105ce s\u0142owa Fico w Brukseli<\/a>&nbsp;&nbsp;Wiadomo\u015bci z kraju i ze \u015bwiata &#8211; Dziennik.pl<\/li>\n<li><a href=\"https:\/\/news.google.com\/rss\/articles\/CBMiyAFBVV95cUxNSy14VDJlZmYyUkNSQTk4b2lwNl9YalZ5VVFTQXkzNW5SYmgxQnJ5RnJaLWxiTXVOanFqenkxRkN4SWxtaWxSd0VfOUNxMUF5d25uem1WMXlVU0JUU0wtT1BiVnFfOENzRmFlWE1QLUdiaGVSb3ZzOXN2UVdiWEp5TTl1bzYzb1BmOXhjM01JbVdZSXRhNXNWeTFXNDR0RHVUaXJwRHVRRFp3RENURy1Mdzl2OUgwcTFGX3NJZDRSQU8tVDctTGQ0Zg?oc=5\" target=\"_blank\" rel=\"nofollow noopener\">Czechy do\u0142\u0105czaj\u0105 do &#8222;putinowskiej osi&#8221; w UE. &#8222;Niestety zmierzamy w kierunku wschodnim&#8221;<\/a>&nbsp;&nbsp;Forsal<\/li>\n<li><a href=\"https:\/\/news.google.com\/rss\/articles\/CBMitgFBVV95cUxOMlVCRjZXRktPUWg0Ql80ZmIwbXZyTmFPWW1Sb3RMWFl6amlnMVU1Mkl2VDNrY1pVQ1dUOHhselZzQUpCeE1CZHJ1T3B3dE9KUDNndFktWnRuSmlKWFhSbWRNdzdIZF8yR0IwejhTQkU0REZtVFJOUDdfNHFLbGhNemZzS1RCUU9DWkVfZjRZSnhvREVkeHBDLURYYVBicGI4TGlWelJZWnQwVTVCOGJFRXJ3RngzZw?oc=5\" target=\"_blank\" rel=\"nofollow noopener\">Czechy: By\u0142y premier o rezultatach szczytu UE: Czechy strac\u0105 godno\u015b\u0107 i szacunek<\/a>&nbsp;&nbsp;wnp.pl<\/li>\n<\/ol>\n","protected":false},"excerpt":{"rendered":"\u201eStrac\u0105 godno\u015b\u0107 i szacunek\u201d. Ostre s\u0142owa po decyzji Czech w sprawie Ukrainy&nbsp;&nbsp;TVP Info Wielka awantura po decyzji w&hellip;\n","protected":false},"author":2,"featured_media":161452,"comment_status":"","ping_status":"","sticky":false,"template":"","format":"standard","meta":{"footnotes":""},"categories":[14],"tags":[32,33,27,34,35,28,31,25,40,41,80,29,30,26,82,83,84],"class_list":{"0":"post-161451","1":"post","2":"type-post","3":"status-publish","4":"format-standard","5":"has-post-thumbnail","7":"category-swiat","8":"tag-breaking-news","9":"tag-breakingnews","10":"tag-headlines","11":"tag-latest-news","12":"tag-latestnews","13":"tag-naglowki","14":"tag-najwazniejsze-artykuly","15":"tag-news","16":"tag-polish","17":"tag-polski","18":"tag-swiat","19":"tag-top-stories","20":"tag-topstories","21":"tag-wiadomosci","22":"tag-world","23":"tag-world-news","24":"tag-worldnews"},"share_on_mastodon":{"url":"https:\/\/pubeurope.com\/@pl\/115751733441952421","error":""},"_links":{"self":[{"href":"https:\/\/www.europesays.com\/pl\/wp-json\/wp\/v2\/posts\/161451","targetHints":{"allow":["GET"]}}],"collection":[{"href":"https:\/\/www.europesays.com\/pl\/wp-json\/wp\/v2\/posts"}],"about":[{"href":"https:\/\/www.europesays.com\/pl\/wp-json\/wp\/v2\/types\/post"}],"author":[{"embeddable":true,"href":"https:\/\/www.europesays.com\/pl\/wp-json\/wp\/v2\/users\/2"}],"replies":[{"embeddable":true,"href":"https:\/\/www.europesays.com\/pl\/wp-json\/wp\/v2\/comments?post=161451"}],"version-history":[{"count":0,"href":"https:\/\/www.europesays.com\/pl\/wp-json\/wp\/v2\/posts\/161451\/revisions"}],"wp:featuredmedia":[{"embeddable":true,"href":"https:\/\/www.europesays.com\/pl\/wp-json\/wp\/v2\/media\/161452"}],"wp:attachment":[{"href":"https:\/\/www.europesays.com\/pl\/wp-json\/wp\/v2\/media?parent=161451"}],"wp:term":[{"taxonomy":"category","embeddable":true,"href":"https:\/\/www.europesays.com\/pl\/wp-json\/wp\/v2\/categories?post=161451"},{"taxonomy":"post_tag","embeddable":true,"href":"https:\/\/www.europesays.com\/pl\/wp-json\/wp\/v2\/tags?post=161451"}],"curies":[{"name":"wp","href":"https:\/\/api.w.org\/{rel}","templated":true}]}}