{"id":161465,"date":"2025-12-20T11:53:13","date_gmt":"2025-12-20T11:53:13","guid":{"rendered":"https:\/\/www.europesays.com\/pl\/161465\/"},"modified":"2025-12-20T11:53:13","modified_gmt":"2025-12-20T11:53:13","slug":"usa-zwrot-ws-strzelaniny-na-uniwersytecie-browna-i-zabojstwa-profesora-mit-sprawy-maja-byc-powiazane","status":"publish","type":"post","link":"https:\/\/www.europesays.com\/pl\/161465\/","title":{"rendered":"USA. Zwrot ws. strzelaniny na Uniwersytecie Browna i zab\u00f3jstwa profesora MIT. Sprawy maj\u0105 by\u0107 powi\u0105zane"},"content":{"rendered":"<p> Strzelanina na\u00a0Uniwersytecie Browna. Znaleziono cia\u0142o podejrzewanego m\u0119\u017cczyzny<\/p>\n<p class=\"art_paragraph\">Do strzelaniny na Uniwersytecie Browna w stanie Rhode Island dosz\u0142o w sobot\u0119 13 grudnia. Zgin\u0119\u0142o dwoje student\u00f3w, a co najmniej osiem os\u00f3b zosta\u0142o rannych. Policja ustali\u0142a, \u017ce sprawc\u0105 strzelaniny mia\u0142 by\u0107 48-letni obywatel Portugalii\u00a0Claudio Neves Valente, kt\u00f3ry ponad 20 lat temu studiowa\u0142 na\u00a0Uniwersytecie Browna. By\u0142 wtedy doktorantem fizyki. Wed\u0142ug funkcjonariuszy m\u0119\u017cczyzna zna\u0142 budynek, w kt\u00f3rym dosz\u0142o do strzelaniny. W czwartek \u015bledczy przekazali, \u017ce znaleziono cia\u0142o 48-latka.\u00a0Valente mia\u0142 pope\u0142ni\u0107 samob\u00f3jstwo. S\u0142u\u017cby nie poinformowa\u0142y na razie, co mog\u0142o by\u0107 motywem ataku.<\/p>\n<p>\n    Zobacz wideo Policja rozbi\u0142a grup\u0119 przest\u0119pcz\u0105 zajmuj\u0105c\u0105 si\u0119 handlem narkotykami\n  <\/p>\n<p> USA. Zab\u00f3jstwo profesora MIT. Sprawa ma by\u0107 powi\u0105zana ze strzelanin\u0105 na uczelni<\/p>\n<p class=\"art_paragraph\">W poniedzia\u0142ek 15 grudnia na przedmie\u015bciach Bostonu, oko\u0142o 80 kilometr\u00f3w od Uniwersytetu Browna, znaleziono cia\u0142o 47-letniego Portugalczyka Nuno Loureiro, <a href=\"https:\/\/wiadomosci.gazeta.pl\/profesor#anchorLink\" rel=\"nofollow noopener\" target=\"_blank\">profesora<\/a> fizyki z Massachusetts Institute of Technology.\u00a0S\u0142u\u017cby s\u0105dz\u0105, \u017ce\u00a0ta sprawa mo\u017ce mie\u0107 zwi\u0105zek ze strzelanin\u0105 na Uniwersytecie Browna. Prokuratorka\u00a0Leah Foley przekaza\u0142a na konferencji prasowej, \u017ce zdaniem \u015bledczych m\u0119\u017cczyzna podejrzewany o dokonanie strzelaniny mia\u0142 te\u017c zabi\u0107 profesora MIT. <a href=\"https:\/\/wiadomosci.gazeta.pl\/prokuratura#anchorLink\" rel=\"nofollow noopener\" target=\"_blank\">Prokuratura<\/a> ma posiada\u0107 liczne dowody wskazuj\u0105ce na jego udzia\u0142 w <a href=\"https:\/\/wiadomosci.gazeta.pl\/zabojstwo#anchorLink\" rel=\"nofollow noopener\" target=\"_blank\">zab\u00f3jstwie<\/a>.\u00a0W mediach pojawi\u0142y si\u0119 informacje, \u017ce\u00a0Valente i\u00a0Loureiro\u00a0prawdopodobnie studiowali w przesz\u0142o\u015bci\u00a0na\u00a0tym samym\u00a0uniwersytecie w Lizbonie.<\/p>\n<p> Potrzebujesz pomocy?<\/p>\n<p class=\"art_paragraph\">Je\u015bli prze\u017cywasz trudno\u015bci i my\u015blisz o odebraniu sobie \u017cycia lub chcesz pom\u00f3c osobie zagro\u017conej samob\u00f3jstwem, pami\u0119taj, \u017ce mo\u017cesz skorzysta\u0107 z bezp\u0142atnych, dzia\u0142aj\u0105cych ca\u0142odobowo numer\u00f3w pomocowych:<\/p>\n<ul class=\"art_uList\">\n<li class=\"art_list_el\">Centrum Wsparcia dla os\u00f3b doros\u0142ych w kryzysie psychicznym: 800-70-2222;<\/li>\n<li class=\"art_list_el\">Telefon zaufania dla Dzieci i M\u0142odzie\u017cy: 116 111;<\/li>\n<li class=\"art_list_el\">Telefon wsparcia emocjonalnego dla doros\u0142ych: 116 123.<\/li>\n<\/ul>\n<p class=\"art_paragraph\">Pod <a href=\"https:\/\/zwjr.pl\/z-jakiego-powodu-tutaj-jestes\" class=\"art_link\" rel=\"nofollow noopener\" target=\"_blank\">tym linkiem<\/a> znajdziesz wi\u0119cej <a href=\"https:\/\/wiadomosci.gazeta.pl\/wiadomosci\/0,0.html#anchorLink\" rel=\"nofollow noopener\" target=\"_blank\">informacji<\/a>, jak pom\u00f3c sobie lub innym, oraz kontakty do organizacji pomagaj\u0105cych osobom w kryzysie i ich bliskim. Je\u015bli w zwi\u0105zku z my\u015blami samob\u00f3jczymi lub pr\u00f3b\u0105 samob\u00f3jcz\u0105 wyst\u0119puje zagro\u017cenie \u017cycia, w celu natychmiastowej interwencji kryzysowej, zadzwo\u0144 na policj\u0119 pod numer 112 lub udaj si\u0119 na oddzia\u0142 pogotowia do miejscowego szpitala psychiatrycznego.<\/p>\n<p class=\"art_paragraph\">Wi\u0119cej: Przeczytaj te\u017c artyku\u0142 <a href=\"https:\/\/wiadomosci.gazeta.pl\/swiat\/7,198075,32478637,szwecja-12-latek-podejrzewany-o-zabojstwo-sam-zglosil-sie.html\" class=\"art_link\" rel=\"dofollow noopener\" target=\"_blank\">&#8222;Szwecja. 12-latek podejrzewany o zab\u00f3jstwo. Sam zg\u0142osi\u0142 si\u0119 na policj\u0119&#8221;<\/a>.\n  <\/p>\n<p>\u0179r\u00f3d\u0142a:\u00a0Reuters, IAR<\/p>\n","protected":false},"excerpt":{"rendered":"Strzelanina na\u00a0Uniwersytecie Browna. Znaleziono cia\u0142o podejrzewanego m\u0119\u017cczyzny Do strzelaniny na Uniwersytecie Browna w stanie Rhode Island dosz\u0142o w&hellip;\n","protected":false},"author":2,"featured_media":161466,"comment_status":"","ping_status":"","sticky":false,"template":"","format":"standard","meta":{"footnotes":""},"categories":[14],"tags":[32,33,27,34,35,28,31,25,40,41,80,29,30,26,82,83,84],"class_list":{"0":"post-161465","1":"post","2":"type-post","3":"status-publish","4":"format-standard","5":"has-post-thumbnail","7":"category-swiat","8":"tag-breaking-news","9":"tag-breakingnews","10":"tag-headlines","11":"tag-latest-news","12":"tag-latestnews","13":"tag-naglowki","14":"tag-najwazniejsze-artykuly","15":"tag-news","16":"tag-polish","17":"tag-polski","18":"tag-swiat","19":"tag-top-stories","20":"tag-topstories","21":"tag-wiadomosci","22":"tag-world","23":"tag-world-news","24":"tag-worldnews"},"share_on_mastodon":{"url":"https:\/\/pubeurope.com\/@pl\/115751761182690782","error":""},"_links":{"self":[{"href":"https:\/\/www.europesays.com\/pl\/wp-json\/wp\/v2\/posts\/161465","targetHints":{"allow":["GET"]}}],"collection":[{"href":"https:\/\/www.europesays.com\/pl\/wp-json\/wp\/v2\/posts"}],"about":[{"href":"https:\/\/www.europesays.com\/pl\/wp-json\/wp\/v2\/types\/post"}],"author":[{"embeddable":true,"href":"https:\/\/www.europesays.com\/pl\/wp-json\/wp\/v2\/users\/2"}],"replies":[{"embeddable":true,"href":"https:\/\/www.europesays.com\/pl\/wp-json\/wp\/v2\/comments?post=161465"}],"version-history":[{"count":0,"href":"https:\/\/www.europesays.com\/pl\/wp-json\/wp\/v2\/posts\/161465\/revisions"}],"wp:featuredmedia":[{"embeddable":true,"href":"https:\/\/www.europesays.com\/pl\/wp-json\/wp\/v2\/media\/161466"}],"wp:attachment":[{"href":"https:\/\/www.europesays.com\/pl\/wp-json\/wp\/v2\/media?parent=161465"}],"wp:term":[{"taxonomy":"category","embeddable":true,"href":"https:\/\/www.europesays.com\/pl\/wp-json\/wp\/v2\/categories?post=161465"},{"taxonomy":"post_tag","embeddable":true,"href":"https:\/\/www.europesays.com\/pl\/wp-json\/wp\/v2\/tags?post=161465"}],"curies":[{"name":"wp","href":"https:\/\/api.w.org\/{rel}","templated":true}]}}