{"id":161521,"date":"2025-12-20T12:22:16","date_gmt":"2025-12-20T12:22:16","guid":{"rendered":"https:\/\/www.europesays.com\/pl\/161521\/"},"modified":"2025-12-20T12:22:16","modified_gmt":"2025-12-20T12:22:16","slug":"krakow-ma-nowego-metropolite-ingres-kardynala-grzegorza-rysia-zdjecia","status":"publish","type":"post","link":"https:\/\/www.europesays.com\/pl\/161521\/","title":{"rendered":"Krak\u00f3w ma nowego metropolit\u0119. Ingres kardyna\u0142a Grzegorza Rysia [ZDJ\u0118CIA]"},"content":{"rendered":"<p class=\"ods-c-paragraph \">W trakcie uroczysto\u015bci publicznie odczytano bull\u0119 papiesk\u0105, czyli pismo nominacyjne podpisane przez papie\u017ca Leona XIV. Zwracaj\u0105c si\u0119 w nim do nowego arcybiskupa, papie\u017c napisa\u0142, \u017ce \u2014 rozwa\u017cywszy &#8222;ci\u0119\u017car i powag\u0119 tego urz\u0119du&#8221; \u2014 uznano za stosowne powierzy\u0107 kardyna\u0142owi Rysiowi &#8222;zarz\u0105d i pos\u0142ug\u0119&#8221;.<\/p>\n<p> Kto nowym arcybiskupem metropolit\u0105 krakowskim? <\/p>\n<p> Kiedy mia\u0142a miejsce uroczysto\u015b\u0107 obj\u0119cia urz\u0119du przez kardyna\u0142a Rysia? <\/p>\n<p> Kto odczyta\u0142 bull\u0119 papiesk\u0105 podczas mszy? <\/p>\n<p> Dlaczego abp. Marek J\u0119draszewski z\u0142o\u017cy\u0142 rezygnacj\u0119? <\/p>\n<p>  &#8222;Gorliwo\u015b\u0107, do\u015bwiadczenie, troska o najs\u0142abszych&#8221;<\/p>\n<p class=\"ods-c-paragraph \">&#8222;Twoja gorliwo\u015b\u0107, okazana we wsp\u00f3lnocie \u0142\u00f3dzkiej, do\u015bwiadczenie w prowadzeniu spraw oraz ewangeliczna troska o najs\u0142abszych przekonuj\u0105 nas, aby powierzy\u0107 ci t\u0119 znamienit\u0105 ko\u015bcieln\u0105 prowincj\u0119 od wiek\u00f3w wyr\u00f3\u017cniaj\u0105c\u0105 si\u0119 wierno\u015bci\u0105 oraz wieloma \u015bwi\u0119tymi i b\u0142ogos\u0142awionymi&#8221; \u2014 wskaza\u0142 papie\u017c Leon XIV.<\/p>\n<p class=\"ods-c-paragraph \">W czasie obj\u0119cia urz\u0119du \u2014 po odczytaniu bulli papieskiej, przekazaniu pastora\u0142u, a w przypadku Archidiecezji Krakowskiej, tak\u017ce Racjona\u0142u \u015bw. Jadwigi \u2014 nowy biskup zajmuje miejsce na katedrze.<\/p>\n<p>Na Wawelu wierni, duchowie\u0144stwo i przedstawiciele w\u0142adz<\/p>\n<p class=\"ods-c-paragraph \">W uroczysto\u015bci bior\u0105 udzia\u0142 liczni przedstawiciele duchowie\u0144stwa, w tym m.in. nuncjusz apostolski abp Antonio Guido Filipazzi, kardyna\u0142owie Stanis\u0142aw Dziwisz, Konrad Krajewski, Arthur Rothe, a tak\u017ce w\u0142adze pa\u0144stwowe \u2014 wicepremier, szef MON W\u0142adys\u0142aw Kosiniak-Kamysz.<\/p>\n<p class=\"ods-c-paragraph \">Nowemu metropolicie towarzyszy tak\u017ce wielu wiernych.<\/p>\n<p class=\"ods-c-paragraph \">Kardyna\u0142 Grzegorz Ry\u015b wszed\u0142 do bazyliki ok. godz. 10.30 w uroczystej procesji, kt\u00f3rej towarzyszy\u0142o bicie dzwonu Zygmunt.<\/p>\n<p>Kard. Ry\u015b zast\u0105pi\u0142 abp. J\u0119draszewskiego<\/p>\n<p class=\"ods-c-paragraph \"><a href=\"https:\/\/wiadomosci.onet.pl\/kard-grzegorz-rys\" id=\"c86eee4e-82c7-44ae-8d1c-aafe5702fa5f\" rel=\"nofollow noopener\" target=\"_blank\">Kard. Grzegorz Ry\u015b <\/a>decyzj\u0105 Leona XIV zajmie miejsce abp. Marka J\u0119draszewskiego, kt\u00f3ry arcybiskupem metropolit\u0105 krakowskim by\u0142 od 2017 r. W zwi\u0105zku z osi\u0105gni\u0119ciem wieku emerytalnego w czerwcu 2024 r. z\u0142o\u017cy\u0142 na r\u0119ce Franciszka rezygnacj\u0119 z pe\u0142nionego urz\u0119du. Papie\u017c przyj\u0105\u0142 j\u0105, prosz\u0105c jednocze\u015bnie, aby sprawowa\u0142 t\u0119 funkcj\u0119 do czasu mianowania nast\u0119pcy.<\/p>\n<p class=\"ods-c-paragraph \">Grzegorz Ry\u015b urodzi\u0142 si\u0119 w 1964 r. w Krakowie, tu studiowa\u0142 w Wy\u017cszym Seminarium Duchownym i Papieskiej Akademii Teologicznej (obecnie Uniwersytet Papieski Jana Paw\u0142a II), przyj\u0105\u0142 \u015bwi\u0119cenia kap\u0142a\u0144skie, by\u0142 biskupem pomocniczym. Wyk\u0142ada\u0142 te\u017c w Uniwersytecie Papieskim Jana Paw\u0142a II. W 2017 r. zosta\u0142 arcybiskupem metropolit\u0105 \u0142\u00f3dzkim.<\/p>\n<p> Galeria zdj\u0119\u0107    Kard. Grzegorz Ry\u015b, za nim ust\u0119puj\u0105cy metropolita krakowski abp Marek J\u0119draszewski, z ty\u0142u i nuncjusz apostolski w Polsce abp Antonio Guido Filipazzi     <img src=\"https:\/\/www.europesays.com\/pl\/wp-content\/uploads\/2025\/12\/19bk9lGaHR0cHM6Ly9vY2RuLmV1L3B1bHNjbXMvTURBXy9kNjY5YzJlZi0wMTI0LTRhMTQtOWI0Zi00M2E3NGIwZjU5ZDEuanBlZ.jpeg\" height=\"627\" width=\"940\" alt=\"Kard. Grzegorz Ry\u015b, za nim ust\u0119puj\u0105cy metropolita krakowski abp Marek J\u0119draszewski, z ty\u0142u i nuncjusz apostolski w Polsce abp Antonio Guido Filipazzi \" loading=\"lazy\" decoding=\"async\" class=\"ods-c-image__img ods-c-image__img--placeholder\"\/>     1\/16   <\/p>\n<p>PAP\/\u0141ukasz G\u0105gulski<\/p>\n<p>        Przygotowania do uroczystego ingresu kard. Grzegorza Rysia    <img src=\"https:\/\/www.europesays.com\/pl\/wp-content\/uploads\/2025\/12\/FFok9lGaHR0cHM6Ly9vY2RuLmV1L3B1bHNjbXMvTURBXy9iOTBiZTA2Yy1mYWQzLTRmODQtYjE3Ni03NDYxOWQzNGY2ZmMuanBlZ.jpeg\" height=\"627\" width=\"940\" alt=\"Przygotowania do uroczystego ingresu kard. Grzegorza Rysia\" loading=\"lazy\" decoding=\"async\" class=\"ods-c-image__img ods-c-image__img--placeholder\"\/>     2\/16   <\/p>\n<p>PAP\/\u0141ukasz G\u0105gulski<\/p>\n<p>               <img src=\"https:\/\/www.europesays.com\/pl\/wp-content\/uploads\/2025\/12\/v8mk9lGaHR0cHM6Ly9vY2RuLmV1L3B1bHNjbXMvTURBXy83ZmVlY2RjOC1iYzMyLTQ0NzEtODc1Zi1iMmFlY2I4ZWZhYjkuanBlZ.jpeg\" height=\"627\" width=\"940\" alt=\"25c20040 - KRAK\u00d3W INGRES KARDYNA\u0141A GRZEGORZA RYSIA (Grzegorz Ry\u015b, Marek J\u0119draszewski, Antonio Guido Filipazzi )\" loading=\"lazy\" decoding=\"async\" class=\"ods-c-image__img ods-c-image__img--placeholder\"\/>     3\/16   <\/p>\n<p>PAP\/\u0141ukasz G\u0105gulski<\/p>\n<p>         Kard. Grzegorz Ry\u015b wchodzi do katedry wawelskiej    <img src=\"https:\/\/www.europesays.com\/pl\/wp-content\/uploads\/2025\/12\/C69k9lGaHR0cHM6Ly9vY2RuLmV1L3B1bHNjbXMvTURBXy9mMzI1MTBiZS0zNzQwLTRmNzYtODg4YS1jZjEzZDQ2Y2FjNzQuanBlZ.jpeg\" height=\"627\" width=\"940\" alt=\" Kard. Grzegorz Ry\u015b wchodzi do katedry wawelskiej\" loading=\"lazy\" decoding=\"async\" class=\"ods-c-image__img ods-c-image__img--placeholder\"\/>     4\/16   <\/p>\n<p>PAP\/\u0141ukasz G\u0105gulski<\/p>\n<p>           Ust\u0119puj\u0105cy metropolita Marek J\u0119draszewski    <img src=\"https:\/\/www.europesays.com\/pl\/wp-content\/uploads\/2025\/12\/nZQk9lGaHR0cHM6Ly9vY2RuLmV1L3B1bHNjbXMvTURBXy9mNzAwYWY0NC02YjMxLTQzMDMtODFkZC00OWMwZGJkOGQ3ODQuanBlZ.jpeg\" height=\"627\" width=\"940\" alt=\"Ust\u0119puj\u0105cy metropolita Marek J\u0119draszewski\" loading=\"lazy\" decoding=\"async\" class=\"ods-c-image__img ods-c-image__img--placeholder\"\/>     5\/16   <\/p>\n<p>PAP\/\u0141ukasz G\u0105gulski<\/p>\n<p>        Kard. Grzegorz Ry\u015b na uroczystym ingresie w katedrze na Wawelu    <img src=\"https:\/\/www.europesays.com\/pl\/wp-content\/uploads\/2025\/12\/txBk9lGaHR0cHM6Ly9vY2RuLmV1L3B1bHNjbXMvTURBXy8wYjM3MjMwYS03NGZhLTRjZTYtYTk3OS01NDc5NjlmOTNhYWUuanBlZ.jpeg\" height=\"627\" width=\"940\" alt=\"Kard. Grzegorz Ry\u015b na uroczystym ingresie w katedrze na Wawelu\" loading=\"lazy\" decoding=\"async\" class=\"ods-c-image__img ods-c-image__img--placeholder\"\/>     6\/16   <\/p>\n<p>PAP\/\u0141ukasz G\u0105gulski<\/p>\n<p>           Na mszy obecni s\u0105 sekretarz stanu w KPRP Wojciech Kolarski i wicepremier, minister obrony narodowej W\u0142adys\u0142aw Kosiniak-Kamysz    <img src=\"https:\/\/www.europesays.com\/pl\/wp-content\/uploads\/2025\/12\/RFMk9lGaHR0cHM6Ly9vY2RuLmV1L3B1bHNjbXMvTURBXy81YTM4NDAxZS0xYTgwLTQ3ZDYtYTQwNy05YzUwOTI2NmI0NTMuanBlZ.jpeg\" height=\"627\" width=\"940\" alt=\"Na mszy obecni s\u0105 sekretarz stanu w KPRP Wojciech Kolarski i wicepremier, minister obrony narodowej W\u0142adys\u0142aw Kosiniak-Kamysz\" loading=\"lazy\" decoding=\"async\" class=\"ods-c-image__img ods-c-image__img--placeholder\"\/>     7\/16   <\/p>\n<p>PAP\/\u0141ukasz G\u0105gulski<\/p>\n<p>        Z auta wysiada bp senior archidiecezji krakowskiej Stanis\u0142aw Dziwisz    <img src=\"https:\/\/www.europesays.com\/pl\/wp-content\/uploads\/2025\/12\/CqVk9lGaHR0cHM6Ly9vY2RuLmV1L3B1bHNjbXMvTURBXy9jNzMzMTEyMS00MTdhLTQ3NmUtOTA4Yy1lZDA2ZTQzYzg1MTcuanBlZ.jpeg\" height=\"627\" width=\"940\" alt=\"Z auta wysiada bp senior archidiecezji krakowskiej Stanis\u0142aw Dziwisz\" loading=\"lazy\" decoding=\"async\" class=\"ods-c-image__img ods-c-image__img--placeholder\"\/>     8\/16   <\/p>\n<p>PAP\/\u0141ukasz G\u0105gulski<\/p>\n<p>           Abp Kazimierz Nycz (w \u015brodku)    <img src=\"https:\/\/www.europesays.com\/pl\/wp-content\/uploads\/2025\/12\/G4Wk9lGaHR0cHM6Ly9vY2RuLmV1L3B1bHNjbXMvTURBXy8yODdmODBjNS01OWRjLTQ5NWMtOTZkOS1kNjhlZTZjM2I2MTIuanBlZ.jpeg\" height=\"627\" width=\"940\" alt=\"Abp Kazimierz Nycz (w \u015brodku)\" loading=\"lazy\" decoding=\"async\" class=\"ods-c-image__img ods-c-image__img--placeholder\"\/>     9\/16   <\/p>\n<p>PAP\/\u0141ukasz G\u0105gulski<\/p>\n<p class=\"ods-c-gallery__item__description\">Krak\u00f3w, 20.12.2025. Abp Kazimierz Nycz (2L) przed uroczystym ingresem kard. Grzegorza Rysia w katedrze na Wawelu, 20 bm. Kardyna\u0142 Ry\u015b oficjalnie obj\u0105\u0142 urz\u0105d metropolity krakowskiego, zast\u0119puj\u0105c abp. Marka J\u0119draszewskiego, kt\u00f3ry przeszed\u0142 na emerytur\u0119. W uroczysto\u015bci w wawelskiej katedrze wezm\u0105 udzia\u0142 przedstawiciele najwy\u017cszych w\u0142adz pa\u0144stwowych, duchowie\u0144stwo i wierni. (ad) PAP\/\u0141ukasz G\u0105gulski<\/p>\n<p>    Wojewoda ma\u0142opolski Krzysztof Jan Kl\u0119czar     <img src=\"https:\/\/www.europesays.com\/pl\/wp-content\/uploads\/2025\/12\/ST_k9lGaHR0cHM6Ly9vY2RuLmV1L3B1bHNjbXMvTURBXy8yMTcyM2UwMS00Mzk3LTRiNGQtODY2YS0yZTNjMzBhMzJiZTAuanBlZ.jpeg\" height=\"627\" width=\"940\" alt=\"Wojewoda ma\u0142opolski Krzysztof Jan Kl\u0119czar \" loading=\"lazy\" decoding=\"async\" class=\"ods-c-image__img ods-c-image__img--placeholder\"\/>     10\/16   <\/p>\n<p>PAP\/\u0141ukasz G\u0105gulski<\/p>\n<p>           Przystanek na zdj\u0119cie z przyby\u0142ymi na ingres zakonnikami    <img src=\"https:\/\/www.europesays.com\/pl\/wp-content\/uploads\/2025\/12\/RD3k9lGaHR0cHM6Ly9vY2RuLmV1L3B1bHNjbXMvTURBXy9hMDIwYjM3Yi1mMTgzLTQ3YTItYjdmYi02ZDExYzRiNTNiZmEuanBlZ.jpeg\" height=\"627\" width=\"940\" alt=\"Przystanek na zdj\u0119cie z przyby\u0142ymi na ingres zakonnikami\" loading=\"lazy\" decoding=\"async\" class=\"ods-c-image__img ods-c-image__img--placeholder\"\/>     11\/16   <\/p>\n<p>PAP\/\u0141ukasz G\u0105gulski<\/p>\n<p>        Ingres kard. Grzegorza Rysia w katedrze na Wawelu    <img src=\"https:\/\/www.europesays.com\/pl\/wp-content\/uploads\/2025\/12\/wW_k9lGaHR0cHM6Ly9vY2RuLmV1L3B1bHNjbXMvTURBXy9iZWJhNTg2Ny0wYzlmLTQxMWUtOTRmNS1lMzEwM2RjNTQ1NWYuanBlZ.jpeg\" height=\"627\" width=\"940\" alt=\"Ingres kard. Grzegorza Rysia w katedrze na Wawelu\" loading=\"lazy\" decoding=\"async\" class=\"ods-c-image__img ods-c-image__img--placeholder\"\/>     12\/16   <\/p>\n<p>PAP\/\u0141ukasz G\u0105gulski<\/p>\n<p>           Grzegorz Ry\u015b i Antonio Guido Filipazzi    <img src=\"https:\/\/www.europesays.com\/pl\/wp-content\/uploads\/2025\/12\/Gezk9lGaHR0cHM6Ly9vY2RuLmV1L3B1bHNjbXMvTURBXy83N2Q1NDBiZS01M2E2LTQ5NTktODhkMC1jNDk5OTkzNjJkMjIuanBlZ.jpeg\" height=\"627\" width=\"940\" alt=\"Grzegorz Ry\u015b i Antonio Guido Filipazzi\" loading=\"lazy\" decoding=\"async\" class=\"ods-c-image__img ods-c-image__img--placeholder\"\/>     13\/16   <\/p>\n<p>PAP\/\u0141ukasz G\u0105gulski<\/p>\n<p>        Grzegorz Ry\u015b nowym metropolit\u0105 krakowskim    <img src=\"https:\/\/www.europesays.com\/pl\/wp-content\/uploads\/2025\/12\/0hKk9lGaHR0cHM6Ly9vY2RuLmV1L3B1bHNjbXMvTURBXy81NzEzZmYxMC1jNjg4LTQwZDItYWQ2OC1hMzQ4YWM3N2YzY2QuanBlZ.jpeg\" height=\"627\" width=\"940\" alt=\"Grzegorz Ry\u015b nowym metropolit\u0105 krakowskim\" loading=\"lazy\" decoding=\"async\" class=\"ods-c-image__img ods-c-image__img--placeholder\"\/>     14\/16   <\/p>\n<p>PAP\/\u0141ukasz G\u0105gulski<\/p>\n<p>               <img src=\"https:\/\/www.europesays.com\/pl\/wp-content\/uploads\/2025\/12\/k4Tk9lGaHR0cHM6Ly9vY2RuLmV1L3B1bHNjbXMvTURBXy84MjY4YzQ1YS0zYThhLTQ1MzQtYmNiNy1jNDQyMTU5NjAzMGYuanBlZ.jpeg\" height=\"627\" width=\"940\" alt=\"25c20060 - KRAK\u00d3W INGRES KARDYNA\u0141A GRZEGORZA RYSIA (Uroczysty ingres kard. Grzegorza Rysia)\" loading=\"lazy\" decoding=\"async\" class=\"ods-c-image__img ods-c-image__img--placeholder\"\/>     15\/16   <\/p>\n<p>PAP\/\u0141ukasz G\u0105gulski<\/p>\n<p>            <img src=\"https:\/\/www.europesays.com\/pl\/wp-content\/uploads\/2025\/12\/2uuk9lGaHR0cHM6Ly9vY2RuLmV1L3B1bHNjbXMvTURBXy9hZGQ1NWIwMS02YzcwLTQ5OTMtOTJjZC0xZDQ3OGJiMzMxODcuanBlZ.jpeg\" height=\"627\" width=\"940\" alt=\"25c20058 - KRAK\u00d3W INGRES KARDYNA\u0141A GRZEGORZA RYSIA (Grzegorz Ry\u015b)\" loading=\"lazy\" decoding=\"async\" class=\"ods-c-image__img ods-c-image__img--placeholder\"\/>     16\/16   <\/p>\n<p>PAP\/\u0141ukasz G\u0105gulski<\/p>\n","protected":false},"excerpt":{"rendered":"W trakcie uroczysto\u015bci publicznie odczytano bull\u0119 papiesk\u0105, czyli pismo nominacyjne podpisane przez papie\u017ca Leona XIV. Zwracaj\u0105c si\u0119 w&hellip;\n","protected":false},"author":2,"featured_media":161522,"comment_status":"","ping_status":"","sticky":false,"template":"","format":"standard","meta":{"footnotes":"","_share_on_mastodon":"0"},"categories":[12],"tags":[32,33,36,37,16004,27,702,1304,34,35,16003,28,31,48,25,46,42,38,40,39,41,47,29,30,26],"class_list":["post-161521","post","type-post","status-publish","format-standard","has-post-thumbnail","category-polska","tag-breaking-news","tag-breakingnews","tag-featured-news","tag-featurednews","tag-grzegorz_rys_duchowny","tag-headlines","tag-kosciol_katolicki","tag-krakow","tag-latest-news","tag-latestnews","tag-marek_jedraszewski","tag-naglowki","tag-najwazniejsze-artykuly","tag-nat_styl","tag-news","tag-omp","tag-pl","tag-poland","tag-polish","tag-polska","tag-polski","tag-screening_general","tag-top-stories","tag-topstories","tag-wiadomosci"],"share_on_mastodon":{"url":"https:\/\/pubeurope.com\/@pl\/115751876607613889","error":""},"_links":{"self":[{"href":"https:\/\/www.europesays.com\/pl\/wp-json\/wp\/v2\/posts\/161521","targetHints":{"allow":["GET"]}}],"collection":[{"href":"https:\/\/www.europesays.com\/pl\/wp-json\/wp\/v2\/posts"}],"about":[{"href":"https:\/\/www.europesays.com\/pl\/wp-json\/wp\/v2\/types\/post"}],"author":[{"embeddable":true,"href":"https:\/\/www.europesays.com\/pl\/wp-json\/wp\/v2\/users\/2"}],"replies":[{"embeddable":true,"href":"https:\/\/www.europesays.com\/pl\/wp-json\/wp\/v2\/comments?post=161521"}],"version-history":[{"count":0,"href":"https:\/\/www.europesays.com\/pl\/wp-json\/wp\/v2\/posts\/161521\/revisions"}],"wp:featuredmedia":[{"embeddable":true,"href":"https:\/\/www.europesays.com\/pl\/wp-json\/wp\/v2\/media\/161522"}],"wp:attachment":[{"href":"https:\/\/www.europesays.com\/pl\/wp-json\/wp\/v2\/media?parent=161521"}],"wp:term":[{"taxonomy":"category","embeddable":true,"href":"https:\/\/www.europesays.com\/pl\/wp-json\/wp\/v2\/categories?post=161521"},{"taxonomy":"post_tag","embeddable":true,"href":"https:\/\/www.europesays.com\/pl\/wp-json\/wp\/v2\/tags?post=161521"}],"curies":[{"name":"wp","href":"https:\/\/api.w.org\/{rel}","templated":true}]}}