{"id":161549,"date":"2025-12-20T12:37:12","date_gmt":"2025-12-20T12:37:12","guid":{"rendered":"https:\/\/www.europesays.com\/pl\/161549\/"},"modified":"2025-12-20T12:37:12","modified_gmt":"2025-12-20T12:37:12","slug":"nominacja-nowego-arcybiskupa-westminsteru-vatican-news","status":"publish","type":"post","link":"https:\/\/www.europesays.com\/pl\/161549\/","title":{"rendered":"Nominacja nowego arcybiskupa Westminsteru &#8211; Vatican News"},"content":{"rendered":"<p>Papie\u017c Leon XIV mianowa\u0142 arcybiskupa Richarda Motha nowym arcybiskupem Westminsteru. To wa\u017cna zmiana dla Ko\u015bcio\u0142a katolickiego w Wielkiej Brytanii.<\/p>\n<p>Karol Darmoros<\/p>\n<p>Decyzja Papie\u017ca<\/p>\n<p>Dotychczas arcybiskup Moth by\u0142 biskupem diecezji Arundel and Brighton, nale\u017c\u0105cej do metropolii Southwark. Arcybiskup-nominat zast\u0105pi kardyna\u0142a Vincenta Gerarda Nicholsa, kt\u00f3ry kierowa\u0142 archidiecezj\u0105 od 2009 roku i z\u0142o\u017cy\u0142 rezygnacj\u0119 z urz\u0119du. Archidiecezja westionsterska jest siedzib\u0105 prymasowsk\u0105 w Ko\u015bciele angielskim.<\/p>\n<p>Droga kap\u0142a\u0144ska<\/p>\n<p>Richard Moth urodzi\u0142 si\u0119 8 lipca 1958 roku w Chingola w Zambii. Edukacj\u0119 podstawow\u0105 i \u015bredni\u0105 odby\u0142 w katolickich szko\u0142ach w hrabstwie Kent. Formacj\u0119 kap\u0142a\u0144sk\u0105 zdobywa\u0142 w seminarium St. John\u2019s w Wonersh w Surrey oraz na Uniwersytecie \u015aw. Paw\u0142a w Ottawie, gdzie uzyska\u0142 licencjat z prawa kanonicznego. \u015awi\u0119cenia kap\u0142a\u0144skie przyj\u0105\u0142 3 lipca 1982 roku dla archidiecezji Southwark.<\/p>\n<p>Wa\u017cne funkcje<\/p>\n<p>W swojej pos\u0142udze pe\u0142ni\u0142 wiele odpowiedzialnych funkcji. By\u0142 m.in. wikariuszem parafialnym, s\u0119dzi\u0105 Trybuna\u0142u Metropolitalnego, kapelanem Korpusu Medycznego Armii, sekretarzem arcybiskupa oraz mistrzem celebracji liturgicznych. Kierowa\u0142 tak\u017ce Urz\u0119dem Powo\u0142a\u0144 i pe\u0142ni\u0142 funkcj\u0119 wicekanclerza oraz przewodnicz\u0105cego Trybuna\u0142u Drugiej Instancji.<\/p>\n<p>Pos\u0142uga biskupia<\/p>\n<p>W 2001 roku zosta\u0142 mianowany wikariuszem generalnym archidiecezji Southwark i pra\u0142atem honorowym. W 2009 roku papie\u017c powierzy\u0142 mu urz\u0105d ordynariusza wojskowego Wielkiej Brytanii. Sakr\u0119 biskupi\u0105 przyj\u0105\u0142 29 wrze\u015bnia tego samego roku. Od 21 marca 2015 roku kierowa\u0142 diecezj\u0105 Arundel and Brighton.<\/p>\n<p>\u00a0<\/p>\n","protected":false},"excerpt":{"rendered":"Papie\u017c Leon XIV mianowa\u0142 arcybiskupa Richarda Motha nowym arcybiskupem Westminsteru. To wa\u017cna zmiana dla Ko\u015bcio\u0142a katolickiego w Wielkiej&hellip;\n","protected":false},"author":2,"featured_media":161550,"comment_status":"","ping_status":"","sticky":false,"template":"","format":"standard","meta":{"footnotes":""},"categories":[5],"tags":[31988,32,33,36,37,27,34,35,28,31,25,42,38,40,39,41,29,30,26],"class_list":{"0":"post-161549","1":"post","2":"type-post","3":"status-publish","4":"format-standard","5":"has-post-thumbnail","7":"category-naglowki","8":"tag-richard-moth-westminster-leon-xiv","9":"tag-breaking-news","10":"tag-breakingnews","11":"tag-featured-news","12":"tag-featurednews","13":"tag-headlines","14":"tag-latest-news","15":"tag-latestnews","16":"tag-naglowki","17":"tag-najwazniejsze-artykuly","18":"tag-news","19":"tag-pl","20":"tag-poland","21":"tag-polish","22":"tag-polska","23":"tag-polski","24":"tag-top-stories","25":"tag-topstories","26":"tag-wiadomosci"},"share_on_mastodon":{"url":"https:\/\/pubeurope.com\/@pl\/115751934303123535","error":""},"_links":{"self":[{"href":"https:\/\/www.europesays.com\/pl\/wp-json\/wp\/v2\/posts\/161549","targetHints":{"allow":["GET"]}}],"collection":[{"href":"https:\/\/www.europesays.com\/pl\/wp-json\/wp\/v2\/posts"}],"about":[{"href":"https:\/\/www.europesays.com\/pl\/wp-json\/wp\/v2\/types\/post"}],"author":[{"embeddable":true,"href":"https:\/\/www.europesays.com\/pl\/wp-json\/wp\/v2\/users\/2"}],"replies":[{"embeddable":true,"href":"https:\/\/www.europesays.com\/pl\/wp-json\/wp\/v2\/comments?post=161549"}],"version-history":[{"count":0,"href":"https:\/\/www.europesays.com\/pl\/wp-json\/wp\/v2\/posts\/161549\/revisions"}],"wp:featuredmedia":[{"embeddable":true,"href":"https:\/\/www.europesays.com\/pl\/wp-json\/wp\/v2\/media\/161550"}],"wp:attachment":[{"href":"https:\/\/www.europesays.com\/pl\/wp-json\/wp\/v2\/media?parent=161549"}],"wp:term":[{"taxonomy":"category","embeddable":true,"href":"https:\/\/www.europesays.com\/pl\/wp-json\/wp\/v2\/categories?post=161549"},{"taxonomy":"post_tag","embeddable":true,"href":"https:\/\/www.europesays.com\/pl\/wp-json\/wp\/v2\/tags?post=161549"}],"curies":[{"name":"wp","href":"https:\/\/api.w.org\/{rel}","templated":true}]}}