{"id":161558,"date":"2025-12-20T12:42:07","date_gmt":"2025-12-20T12:42:07","guid":{"rendered":"https:\/\/www.europesays.com\/pl\/161558\/"},"modified":"2025-12-20T12:42:07","modified_gmt":"2025-12-20T12:42:07","slug":"ukraincy-zniszczyli-rosyjski-mysliwiec-ruszal-w-lot-bojowy-onet","status":"publish","type":"post","link":"https:\/\/www.europesays.com\/pl\/161558\/","title":{"rendered":"Ukrai\u0144cy zniszczyli rosyjski my\u015bliwiec. Rusza\u0142 w lot bojowy &#8211; Onet"},"content":{"rendered":"<ol>\n<li><a href=\"https:\/\/news.google.com\/rss\/articles\/CBMivgFBVV95cUxQOFFZVlIwR0ZwdlJvYXoyTThsRUd0dV9KOUprancteWs2Y2dSejZJZGtZa3diSjBJdzBrQmhHa3RKQjROMXkzdzdGQk82MFJ2NkFWZmNZaDJac0N6YlR2ajJvYWxpWFpJVC1sSmlXRWRGYXZySURJWVJuUWhaa080dzhDWjhCMXVUU0V2UlROR25zVXhsRGZGbzVYYmFRVE95d1hFeHllaFV2NzM4bGdhQ1FMY24xYXRsMHN0Z2hB?oc=5\" target=\"_blank\" rel=\"nofollow noopener\">Ukrai\u0144cy zniszczyli rosyjski my\u015bliwiec. Rusza\u0142 w lot bojowy<\/a>&nbsp;&nbsp;Onet<\/li>\n<li><a href=\"https:\/\/news.google.com\/rss\/articles\/CBMitwFBVV95cUxOLVN6cWNDZ2wwQjVHbWNTS2g1ZEQydS1PVklacFNDNElPbEthVVE4a21xWEtxdnpUbkJTOW9PRXFvWWlKNGQ4QUQ4WnRXeTBmcjRmYzMyQlgwR0dqbm1kZ1BZb1Zkcms3WjRuUzQ0c1d5MDhYb2dqaXVBT3dyQW8yNWNuWGFEa29BcVJrUFJKS1M2dGxMZFRLc2ZSTXExZE4yU1Jkb3lZU2hodGtzYmZZbXRpSEFDU3c?oc=5\" target=\"_blank\" rel=\"nofollow noopener\">Rosyjskie my\u015bliwce szykowa\u0142y si\u0119 lotu bojowego. Wtedy Ukrai\u0144cy uderzyli w lotnisko<\/a>&nbsp;&nbsp;Wydarzenia w INTERIA.PL<\/li>\n<li><a href=\"https:\/\/news.google.com\/rss\/articles\/CBMiywFBVV95cUxQSXdjcGRfTS1uQmU0OERJRUJ4VlRXQ29NU0xUdzNvbU9ickVzUnk5dVNFS05VS2xJdnl0R1BRMlNEaC0xRWNfN09SNzRwRXVhT2NRQldHMUN1MFozWE5nVmxOMFdGM1g2alY1d3RMTVJlalk0aWJENHEzVFg4ci1Bc3A0X0dHQUFaVXVqeGprNUR2ek1BODk0OFdVWGVCejRkb1pHN21WaVdtQkxiUDE1Wkx0QzRKRmhBZnJ2eEN5emNMaWtMMk9WWTNHMA?oc=5\" target=\"_blank\" rel=\"nofollow noopener\">Niezwykle cenny sprz\u0119t Rosji zniszczony. Idealny atak Ukrainy [WIDEO]<\/a>&nbsp;&nbsp;Komputer \u015awiat<\/li>\n<li><a href=\"https:\/\/news.google.com\/rss\/articles\/CBMiygFBVV95cUxQcENxREhYOXNxSEliZUtuc1hzQ2tWTU9jZklIV2VuNjlDR1M5YVNZd3QzM3M2N2w4cEFaMUpHdlNmM2FhOEJEZFpLSzZ4Y1BlRUM1Zkd6WmtxVHlKUUM5SDdpRE8zMDdGRUt1bHI5NkE0a0hYLThfOEtpWEhSN0hHWTFSd05QbUNiWkl1a0V3dTF0cWI2S2tNeXAydWtSaGd3aXlxRElfc3Yxa0J4VGJWQkRPTjNTa3VRTEdrVWt2NWRVWTA2WHBRUjB3?oc=5\" target=\"_blank\" rel=\"nofollow noopener\">Drony SBU atakuj\u0105 rosyjskie lotnisko. Dwa my\u015bliwce Su-27 trafione<\/a>&nbsp;&nbsp;Defence24<\/li>\n<li><a href=\"https:\/\/news.google.com\/rss\/articles\/CBMiwgFBVV95cUxNX0FiLWJPeUtSWVFXU3k5SzZrMTRlN3Z5d0IyMDZjV0Q1QWV5NUIzNGNfVkcxcGlraFhiVzJyel90ZWxRTkVEUWtUXzlZNDV6TnNBRl9yMjdKS0hGWDY3bFlVa0NNUkJyWXd5aF9kT0g2NDZNTDJnNnJFRDAyek4xb0R4UE1ISnlzMGxzSHplMmFjeGpIQkRXRk85SEJETVFoU3FaYmFiMWFLNW1rTEVrVGxFRFlqdWFPTHYyT1JJaUFIdw?oc=5\" target=\"_blank\" rel=\"nofollow noopener\">Szykowali go na Ukrain\u0119. Zosta\u0142 zniszczony na terenie wroga<\/a>&nbsp;&nbsp;PolsatNews.pl<\/li>\n<\/ol>\n","protected":false},"excerpt":{"rendered":"Ukrai\u0144cy zniszczyli rosyjski my\u015bliwiec. Rusza\u0142 w lot bojowy&nbsp;&nbsp;Onet Rosyjskie my\u015bliwce szykowa\u0142y si\u0119 lotu bojowego. Wtedy Ukrai\u0144cy uderzyli w&hellip;\n","protected":false},"author":2,"featured_media":161559,"comment_status":"","ping_status":"","sticky":false,"template":"","format":"standard","meta":{"footnotes":""},"categories":[14],"tags":[31420,32,33,165,27,64,3847,34,35,31989,28,31,53,25,52,68,51,55,40,41,5428,47,31990,80,29,30,65,50,26,82,83,84],"class_list":{"0":"post-161558","1":"post","2":"type-post","3":"status-publish","4":"format-standard","5":"has-post-thumbnail","7":"category-swiat","8":"tag-belbek","9":"tag-breaking-news","10":"tag-breakingnews","11":"tag-drony_dron","12":"tag-headlines","13":"tag-inwazja_rosji_na_ukraine_2014_","14":"tag-krym_polwysep_krymski","15":"tag-latest-news","16":"tag-latestnews","17":"tag-mig_31_samolot","18":"tag-naglowki","19":"tag-najwazniejsze-artykuly","20":"tag-new_header","21":"tag-news","22":"tag-onet3","23":"tag-onet3d","24":"tag-onet3d_2i","25":"tag-phx","26":"tag-polish","27":"tag-polski","28":"tag-radar","29":"tag-screening_general","30":"tag-su_27","31":"tag-swiat","32":"tag-top-stories","33":"tag-topstories","34":"tag-update_me","35":"tag-v2021","36":"tag-wiadomosci","37":"tag-world","38":"tag-world-news","39":"tag-worldnews"},"share_on_mastodon":{"url":"https:\/\/pubeurope.com\/@pl\/115751954045759481","error":""},"_links":{"self":[{"href":"https:\/\/www.europesays.com\/pl\/wp-json\/wp\/v2\/posts\/161558","targetHints":{"allow":["GET"]}}],"collection":[{"href":"https:\/\/www.europesays.com\/pl\/wp-json\/wp\/v2\/posts"}],"about":[{"href":"https:\/\/www.europesays.com\/pl\/wp-json\/wp\/v2\/types\/post"}],"author":[{"embeddable":true,"href":"https:\/\/www.europesays.com\/pl\/wp-json\/wp\/v2\/users\/2"}],"replies":[{"embeddable":true,"href":"https:\/\/www.europesays.com\/pl\/wp-json\/wp\/v2\/comments?post=161558"}],"version-history":[{"count":0,"href":"https:\/\/www.europesays.com\/pl\/wp-json\/wp\/v2\/posts\/161558\/revisions"}],"wp:featuredmedia":[{"embeddable":true,"href":"https:\/\/www.europesays.com\/pl\/wp-json\/wp\/v2\/media\/161559"}],"wp:attachment":[{"href":"https:\/\/www.europesays.com\/pl\/wp-json\/wp\/v2\/media?parent=161558"}],"wp:term":[{"taxonomy":"category","embeddable":true,"href":"https:\/\/www.europesays.com\/pl\/wp-json\/wp\/v2\/categories?post=161558"},{"taxonomy":"post_tag","embeddable":true,"href":"https:\/\/www.europesays.com\/pl\/wp-json\/wp\/v2\/tags?post=161558"}],"curies":[{"name":"wp","href":"https:\/\/api.w.org\/{rel}","templated":true}]}}