{"id":161616,"date":"2025-12-20T13:16:14","date_gmt":"2025-12-20T13:16:14","guid":{"rendered":"https:\/\/www.europesays.com\/pl\/161616\/"},"modified":"2025-12-20T13:16:14","modified_gmt":"2025-12-20T13:16:14","slug":"korekta-rozkladu-jazdy-pkp-ic-na-odcinku-korsze-ketrzyn","status":"publish","type":"post","link":"https:\/\/www.europesays.com\/pl\/161616\/","title":{"rendered":"Korekta rozk\u0142adu jazdy PKP IC na odcinku Korsze \u2013 K\u0119trzyn"},"content":{"rendered":"<p>Zarz\u0105dca infrastruktury PKP Polskie Linie Kolejowe S.A. og\u0142osi\u0142 nadzwyczajn\u0105 korekt\u0119 rozk\u0142adu jazdy poci\u0105g\u00f3w dalekobie\u017cnych w okresie od 20 grudnia 2025 r. do 15 stycznia 2026 r. Decyzja dotyczy czterech kurs\u00f3w realizowanych przez PKP Intercity.<\/p>\n<p>Chodzi o po\u0142\u0105czenia: na linii p\u00f3\u0142noc\u2013wsch\u00f3d \u2013 po\u0142udnie-zach\u00f3d:<\/p>\n<ul>\n<li>IC nr 1806\/7 \u201eRYBAK\u201d relacji Bia\u0142ystok \u2013 Szczecin G\u0142\u00f3wny,<\/li>\n<li>IC nr 8106\/7 \u201eRYBAK\u201d relacji Szczecin G\u0142\u00f3wny \u2013 Bia\u0142ystok,<\/li>\n<li>TLK nr 15110\/1 \u201eBIEBRZA\u201d relacji Bia\u0142ystok \u2013 Gdynia G\u0142\u00f3wna,<\/li>\n<li>TLK nr 51110\/1 \u201eBIEBRZA\u201d relacji Gdynia G\u0142\u00f3wna \u2013 Bia\u0142ystok.<\/li>\n<\/ul>\n<p>W zwi\u0105zku z korekt\u0105 zmieni\u0142y si\u0119 godziny odjazd\u00f3w i przyjazd\u00f3w z wybranych stacji, co mo\u017ce powodowa\u0107 r\u00f3\u017cnice mi\u0119dzy aktualnym rozk\u0142adem a godzinami wydrukowanymi na biletach lub rezerwacjach. PKP Intercity zapewnia, \u017ce papierowe i elektroniczne dokumenty przewozowe zachowuj\u0105 pe\u0142n\u0105 wa\u017cno\u015b\u0107 i b\u0119d\u0105 honorowane w poci\u0105gach, mimo r\u00f3\u017cnic czasowych. Podr\u00f3\u017cni s\u0105 proszeni o weryfikacj\u0119 aktualnych godzin kursowania w serwisie e-IC lub w aplikacji mobilnej PKP IC oraz o uwa\u017cne \u015bledzenie komunikat\u00f3w g\u0142osowych na stacjach.<\/p>\n<blockquote>\n<p>W przypadku planowanych przesiadek zalecamy zg\u0142oszenie tego faktu dru\u017cynie konduktorskiej, co u\u0142atwi organizacj\u0119 podr\u00f3\u017cy \u2013 podkre\u015bla przewo\u017anik.<\/p>\n<\/blockquote>\n<p>Problemy techniczne na odcinku K\u0119trzyn\u2013Korsze \u2013 co si\u0119 sta\u0142o?<\/p>\n<p>Dodatkowo, odcinek K\u0119trzyn \u2013 Korsze pozostaje obj\u0119ty utrudnieniami w ruchu kolejowym. Cho\u0107 planowane wcze\u015bniej wznowienie ruchu poci\u0105g\u00f3w po modernizacji mia\u0142o nast\u0105pi\u0107 14 grudnia 2025 r., <a href=\"https:\/\/kolejowyportal.pl\/osuniecie-nasypu-opozni-wznowienie-ruchu-pociagow-na-odcinku-ketrzyn-korsze\/\" rel=\"nofollow noopener\" target=\"_blank\">prace naprawcze zosta\u0142y op\u00f3\u017anione z powodu osuni\u0119cia nasypu kolejowego i uszkodzenia toru mi\u0119dzy K\u0119trzynem a miejscowo\u015bci\u0105 To\u0142kiny.<\/a><\/p>\n<p>Do zdarzenia dosz\u0142o na fragmencie nasypu w rejonie tzw. \u201eg\u00f3rki pozna\u0144skiej\u201d w K\u0119trzynie, gdzie wcze\u015bniej inspekcje wykaza\u0142y p\u0119kni\u0119cia gruntu.\u00a0<\/p>\n<p>PKP PLK oraz wykonawca inwestycji, firma Torpol, przyst\u0105pili niezw\u0142ocznie do prac stabilizacyjnych i rekonstrukcji nasypu. Szacuje si\u0119, \u017ce do pe\u0142nej stabilizacji mo\u017ce by\u0107 konieczna wymiana nawet ok. 20 tys. ton gruntu. Roboty prowadzone s\u0105 w trybie ci\u0105g\u0142ym i mog\u0105 potrwa\u0107 oko\u0142o miesi\u0105ca, po kt\u00f3rym \u2013 po odbiorach technicznych \u2013 mo\u017cliwe b\u0119dzie wznowienie ruchu poci\u0105g\u00f3w na tym fragmencie.<\/p>\n<p>W zwi\u0105zku z utrzymuj\u0105cymi si\u0119 utrudnieniami, PKP PLK wprowadzi\u0142y r\u00f3wnie\u017c Zast\u0119pcz\u0105 Komunikacj\u0119 Autobusow\u0105 (ZKA) dla pasa\u017cer\u00f3w podr\u00f3\u017cuj\u0105cych tras\u0105 mi\u0119dzy K\u0119trzynem a Korszami. Autobusy kursuj\u0105 z nast\u0119puj\u0105cych lokalizacji:<\/p>\n<ul>\n<li>w K\u0119trzynie \u2014 dworzec autobusowy przy ul. Dworcowej 8, obok dworca PKP,<\/li>\n<li>w Korsze \u2014 przystanek przy ul. Dworcowej, w s\u0105siedztwie stacji kolejowej.<\/li>\n<\/ul>\n","protected":false},"excerpt":{"rendered":"Zarz\u0105dca infrastruktury PKP Polskie Linie Kolejowe S.A. og\u0142osi\u0142 nadzwyczajn\u0105 korekt\u0119 rozk\u0142adu jazdy poci\u0105g\u00f3w dalekobie\u017cnych w okresie od 20&hellip;\n","protected":false},"author":2,"featured_media":161617,"comment_status":"","ping_status":"","sticky":false,"template":"","format":"standard","meta":{"footnotes":"","_share_on_mastodon":"0"},"categories":[16],"tags":[113,112,31997,3945,1195,2801,42,38,40,39,41,4801],"class_list":["post-161616","post","type-post","status-publish","format-standard","has-post-thumbnail","category-biznes","tag-biznes","tag-business","tag-ketyrzyn","tag-kostrzyn","tag-pkp-intercity","tag-pkp-plk","tag-pl","tag-poland","tag-polish","tag-polska","tag-polski","tag-torpol"],"share_on_mastodon":{"url":"https:\/\/pubeurope.com\/@pl\/115752087262009159","error":""},"_links":{"self":[{"href":"https:\/\/www.europesays.com\/pl\/wp-json\/wp\/v2\/posts\/161616","targetHints":{"allow":["GET"]}}],"collection":[{"href":"https:\/\/www.europesays.com\/pl\/wp-json\/wp\/v2\/posts"}],"about":[{"href":"https:\/\/www.europesays.com\/pl\/wp-json\/wp\/v2\/types\/post"}],"author":[{"embeddable":true,"href":"https:\/\/www.europesays.com\/pl\/wp-json\/wp\/v2\/users\/2"}],"replies":[{"embeddable":true,"href":"https:\/\/www.europesays.com\/pl\/wp-json\/wp\/v2\/comments?post=161616"}],"version-history":[{"count":0,"href":"https:\/\/www.europesays.com\/pl\/wp-json\/wp\/v2\/posts\/161616\/revisions"}],"wp:featuredmedia":[{"embeddable":true,"href":"https:\/\/www.europesays.com\/pl\/wp-json\/wp\/v2\/media\/161617"}],"wp:attachment":[{"href":"https:\/\/www.europesays.com\/pl\/wp-json\/wp\/v2\/media?parent=161616"}],"wp:term":[{"taxonomy":"category","embeddable":true,"href":"https:\/\/www.europesays.com\/pl\/wp-json\/wp\/v2\/categories?post=161616"},{"taxonomy":"post_tag","embeddable":true,"href":"https:\/\/www.europesays.com\/pl\/wp-json\/wp\/v2\/tags?post=161616"}],"curies":[{"name":"wp","href":"https:\/\/api.w.org\/{rel}","templated":true}]}}