{"id":161620,"date":"2025-12-20T13:19:10","date_gmt":"2025-12-20T13:19:10","guid":{"rendered":"https:\/\/www.europesays.com\/pl\/161620\/"},"modified":"2025-12-20T13:19:10","modified_gmt":"2025-12-20T13:19:10","slug":"krakow-ma-nowego-metropolite-ingres-kardynala-grzegorza-rysia-zdjecia-2","status":"publish","type":"post","link":"https:\/\/www.europesays.com\/pl\/161620\/","title":{"rendered":"Krak\u00f3w ma nowego metropolit\u0119. Ingres kardyna\u0142a Grzegorza Rysia [ZDJ\u0118CIA]"},"content":{"rendered":"<p class=\"Paragraph_desktopParagraph__U31Gm\">W trakcie uroczysto\u015bci publicznie odczytano bull\u0119 papiesk\u0105, czyli pismo nominacyjne podpisane przez papie\u017ca Leona XIV. Zwracaj\u0105c si\u0119 w nim do nowego arcybiskupa, papie\u017c napisa\u0142, \u017ce \u2014 rozwa\u017cywszy &#8222;ci\u0119\u017car i powag\u0119 tego urz\u0119du&#8221; \u2014 uznano za stosowne powierzy\u0107 kardyna\u0142owi Rysiowi &#8222;zarz\u0105d i pos\u0142ug\u0119&#8221;.<\/p>\n<p>&#8222;Gorliwo\u015b\u0107, do\u015bwiadczenie, troska o najs\u0142abszych&#8221; <\/p>\n<p class=\"Paragraph_desktopParagraph__U31Gm\">&#8222;Twoja gorliwo\u015b\u0107, okazana we wsp\u00f3lnocie \u0142\u00f3dzkiej, do\u015bwiadczenie w prowadzeniu spraw oraz ewangeliczna troska o najs\u0142abszych przekonuj\u0105 nas, aby powierzy\u0107 ci t\u0119 znamienit\u0105 ko\u015bcieln\u0105 prowincj\u0119 od wiek\u00f3w wyr\u00f3\u017cniaj\u0105c\u0105 si\u0119 wierno\u015bci\u0105 oraz wieloma \u015bwi\u0119tymi i b\u0142ogos\u0142awionymi&#8221; \u2014 wskaza\u0142 papie\u017c Leon XIV.<\/p>\n<ul class=\"OchatFollowUps_wrapper__1ry7X\">\n<li class=\"OchatFollowUps_item__Dhyly OchatFollowUps_itemDesktop__R6aBv\">Kto nowym arcybiskupem metropolit\u0105 krakowskim?<\/li>\n<li class=\"OchatFollowUps_item__Dhyly OchatFollowUps_itemDesktop__R6aBv\">Kiedy mia\u0142a miejsce uroczysto\u015b\u0107 obj\u0119cia urz\u0119du przez kardyna\u0142a Rysia?<\/li>\n<li class=\"OchatFollowUps_item__Dhyly OchatFollowUps_itemDesktop__R6aBv\">Kto odczyta\u0142 bull\u0119 papiesk\u0105 podczas mszy?<\/li>\n<li class=\"OchatFollowUps_item__Dhyly OchatFollowUps_itemDesktop__R6aBv\">Dlaczego abp. Marek J\u0119draszewski z\u0142o\u017cy\u0142 rezygnacj\u0119?<\/li>\n<\/ul>\n<p class=\"Paragraph_desktopParagraph__U31Gm\">W czasie obj\u0119cia urz\u0119du \u2014 po odczytaniu bulli papieskiej, przekazaniu pastora\u0142u, a w przypadku Archidiecezji Krakowskiej, tak\u017ce Racjona\u0142u \u015bw. Jadwigi \u2014 nowy biskup zajmuje miejsce na katedrze.<\/p>\n<p>Na Wawelu wierni, duchowie\u0144stwo i przedstawiciele w\u0142adz <\/p>\n<p class=\"Paragraph_desktopParagraph__U31Gm\">W uroczysto\u015bci bior\u0105 udzia\u0142 liczni przedstawiciele duchowie\u0144stwa, w tym m.in. nuncjusz apostolski abp Antonio Guido Filipazzi, kardyna\u0142owie Stanis\u0142aw Dziwisz, Konrad Krajewski, Arthur Rothe, a tak\u017ce w\u0142adze pa\u0144stwowe \u2014 wicepremier, szef MON W\u0142adys\u0142aw Kosiniak-Kamysz.<\/p>\n<p class=\"Paragraph_desktopParagraph__U31Gm\">Nowemu metropolicie towarzyszy tak\u017ce wielu wiernych.<\/p>\n<p class=\"Paragraph_desktopParagraph__U31Gm\">Kardyna\u0142 Grzegorz Ry\u015b wszed\u0142 do bazyliki ok. godz. 10.30 w uroczystej procesji, kt\u00f3rej towarzyszy\u0142o bicie dzwonu Zygmunt.<\/p>\n<p>Kard. Ry\u015b zast\u0105pi\u0142 abp. J\u0119draszewskiego <\/p>\n<p class=\"Paragraph_desktopParagraph__U31Gm\"><a href=\"https:\/\/wiadomosci.onet.pl\/kard-grzegorz-rys\" id=\"ff160878-f5fe-4df0-8da6-5d3b24c40dc0\" rel=\"nofollow noopener\" target=\"_blank\">Kard. Grzegorz Ry\u015b <\/a>decyzj\u0105 Leona XIV zajmie miejsce abp. Marka J\u0119draszewskiego, kt\u00f3ry arcybiskupem metropolit\u0105 krakowskim by\u0142 od 2017 r. W zwi\u0105zku z osi\u0105gni\u0119ciem wieku emerytalnego w czerwcu 2024 r. z\u0142o\u017cy\u0142 na r\u0119ce Franciszka rezygnacj\u0119 z pe\u0142nionego urz\u0119du. Papie\u017c przyj\u0105\u0142 j\u0105, prosz\u0105c jednocze\u015bnie, aby sprawowa\u0142 t\u0119 funkcj\u0119 do czasu mianowania nast\u0119pcy.<\/p>\n<p class=\"Paragraph_desktopParagraph__U31Gm\">Grzegorz Ry\u015b urodzi\u0142 si\u0119 w 1964 r. w Krakowie, tu studiowa\u0142 w Wy\u017cszym Seminarium Duchownym i Papieskiej Akademii Teologicznej (obecnie Uniwersytet Papieski Jana Paw\u0142a II), przyj\u0105\u0142 \u015bwi\u0119cenia kap\u0142a\u0144skie, by\u0142 biskupem pomocniczym. Wyk\u0142ada\u0142 te\u017c w Uniwersytecie Papieskim Jana Paw\u0142a II. W 2017 r. zosta\u0142 arcybiskupem metropolit\u0105 \u0142\u00f3dzkim.<\/p>\n","protected":false},"excerpt":{"rendered":"W trakcie uroczysto\u015bci publicznie odczytano bull\u0119 papiesk\u0105, czyli pismo nominacyjne podpisane przez papie\u017ca Leona XIV. Zwracaj\u0105c si\u0119 w&hellip;\n","protected":false},"author":2,"featured_media":161621,"comment_status":"","ping_status":"","sticky":false,"template":"","format":"standard","meta":{"footnotes":""},"categories":[5],"tags":[32,33,36,37,27,25727,1269,34,35,25726,28,31,53,25,52,68,51,55,42,38,40,39,41,47,29,30,65,50,26],"class_list":{"0":"post-161620","1":"post","2":"type-post","3":"status-publish","4":"format-standard","5":"has-post-thumbnail","7":"category-naglowki","8":"tag-breaking-news","9":"tag-breakingnews","10":"tag-featured-news","11":"tag-featurednews","12":"tag-headlines","13":"tag-kard_grzegorz_rys","14":"tag-kosciol_katolicki_duchowienstwo_duchowni_zakonnicy","15":"tag-latest-news","16":"tag-latestnews","17":"tag-marek_jedraszewski_arcybiskup","18":"tag-naglowki","19":"tag-najwazniejsze-artykuly","20":"tag-new_header","21":"tag-news","22":"tag-onet3","23":"tag-onet3d","24":"tag-onet3d_2i","25":"tag-phx","26":"tag-pl","27":"tag-poland","28":"tag-polish","29":"tag-polska","30":"tag-polski","31":"tag-screening_general","32":"tag-top-stories","33":"tag-topstories","34":"tag-update_me","35":"tag-v2021","36":"tag-wiadomosci"},"share_on_mastodon":{"url":"https:\/\/pubeurope.com\/@pl\/115752099062890608","error":""},"_links":{"self":[{"href":"https:\/\/www.europesays.com\/pl\/wp-json\/wp\/v2\/posts\/161620","targetHints":{"allow":["GET"]}}],"collection":[{"href":"https:\/\/www.europesays.com\/pl\/wp-json\/wp\/v2\/posts"}],"about":[{"href":"https:\/\/www.europesays.com\/pl\/wp-json\/wp\/v2\/types\/post"}],"author":[{"embeddable":true,"href":"https:\/\/www.europesays.com\/pl\/wp-json\/wp\/v2\/users\/2"}],"replies":[{"embeddable":true,"href":"https:\/\/www.europesays.com\/pl\/wp-json\/wp\/v2\/comments?post=161620"}],"version-history":[{"count":0,"href":"https:\/\/www.europesays.com\/pl\/wp-json\/wp\/v2\/posts\/161620\/revisions"}],"wp:featuredmedia":[{"embeddable":true,"href":"https:\/\/www.europesays.com\/pl\/wp-json\/wp\/v2\/media\/161621"}],"wp:attachment":[{"href":"https:\/\/www.europesays.com\/pl\/wp-json\/wp\/v2\/media?parent=161620"}],"wp:term":[{"taxonomy":"category","embeddable":true,"href":"https:\/\/www.europesays.com\/pl\/wp-json\/wp\/v2\/categories?post=161620"},{"taxonomy":"post_tag","embeddable":true,"href":"https:\/\/www.europesays.com\/pl\/wp-json\/wp\/v2\/tags?post=161620"}],"curies":[{"name":"wp","href":"https:\/\/api.w.org\/{rel}","templated":true}]}}