{"id":161686,"date":"2025-12-20T14:06:23","date_gmt":"2025-12-20T14:06:23","guid":{"rendered":"https:\/\/www.europesays.com\/pl\/161686\/"},"modified":"2025-12-20T14:06:23","modified_gmt":"2025-12-20T14:06:23","slug":"kurdej-szatan-zerwala-z-tradycja-swieta-spedza-w-nietypowy-sposob","status":"publish","type":"post","link":"https:\/\/www.europesays.com\/pl\/161686\/","title":{"rendered":"Kurdej-Szatan zerwa\u0142a z tradycj\u0105. \u015awi\u0119ta sp\u0119dza w nietypowy spos\u00f3b"},"content":{"rendered":"<p class=\"typography ids-typeset-body ids-typeset-body--preset-large link paragraph ids-paragraph ids-paragraph--default\"><a href=\"https:\/\/www.pomponik.pl\/gwiazdy-i-produkcje-barbara-kurdej-szatan,gsbi,62\" rel=\"nofollow noopener\" target=\"_blank\">Barbara Kurdej-Szatan<\/a> od wielu lat jest szcz\u0119\u015bliw\u0105 \u017con\u0105 aktora <a href=\"https:\/\/www.pomponik.pl\/tagi-rafal-szatan,tId,281399\" target=\"_blank\" rel=\"nofollow noopener\">Rafa\u0142a Szatana<\/a>. Zakochani doczekali si\u0119 narodzin dw\u00f3jki pociech. Mimo wielu <a href=\"https:\/\/www.pomponik.pl\/plotki\/news-wiesci-z-domu-kurdej-szatan-dotarly-w-nocy-z-wtorku-na-srode,nId,22460319\" target=\"_blank\" rel=\"nofollow noopener\">plotek o kryzysie w ma\u0142\u017ce\u0144stwie<\/a>, arty\u015bci wci\u0105\u017c z dum\u0105 krocz\u0105 u swojego boku. Z roku na rok ich relacja wydaje si\u0119 by\u0107 coraz silniejsza.<\/p>\n<p>Ewa Chodakowska o relacji z Lewandowsk\u0105. Co my\u015bli o diecie gwiazd?pomponik.pl<\/p>\n<p>Barbara Kurdej-Szatan sp\u0119dza \u015bwi\u0119ta w nietypowy spos\u00f3b. Nie b\u0119dzie tylko siedzie\u0107 przy stole<\/p>\n<p class=\"typography ids-typeset-body ids-typeset-body--preset-large link paragraph ids-paragraph ids-paragraph--default\">Barbara Kurdej-Szatan jest wielk\u0105 fank\u0105 grudniowych \u015bwi\u0105t. Przez lata nie organizowa\u0142a jednak Wigilii u siebie w domu. Wraz z m\u0119\u017cem oraz dzie\u0107mi co roku je\u017adzili do rodziny, kt\u00f3ra zreszt\u0105 ch\u0119tnie go\u015bci\u0142a ich w swoich domach. Zar\u00f3wno aktorka, jak i jej ukochany liczyli na to, \u017ce u najbli\u017cszych odnajd\u0105 &#8222;smaki z dzieci\u0144stwa&#8221;, kt\u00f3re tworzy\u0142y magi\u0119 \u015bwi\u0105t.<\/p>\n<p class=\"typography ids-typeset-body ids-typeset-body--preset-large link paragraph ids-paragraph ids-paragraph--default\">&#8222;Pomagamy w kuchni, ale na pewno nie tworzymy potraw od pocz\u0105tku. Smaki mamuni s\u0105 najlepsze&#8221; &#8211; przyzna\u0142a Basia w rozmowie z &#8222;Plejad\u0105&#8221;.<\/p>\n<p class=\"typography ids-typeset-body ids-typeset-body--preset-large link paragraph ids-paragraph ids-paragraph--default\">Na przestrzeni lat zwyczaje \u015bwi\u0105teczne w rodzinie artyst\u00f3w jednak si\u0119 zmieni\u0142y. Basia i Rafa\u0142 byli ju\u017c zm\u0119czeni tym, \u017ce musieli w kr\u00f3tkim czasie tak du\u017co podr\u00f3\u017cowa\u0107. Postanowili wi\u0119c stworzy\u0107 now\u0105 tradycj\u0119.<\/p>\n<p class=\"typography ids-typeset-body ids-typeset-body--preset-large link paragraph ids-paragraph ids-paragraph--default\">&#8222;Od jakiego\u015b czasu wyje\u017cd\u017camy gdzie\u015b wsp\u00f3lnie, bo troch\u0119 nam si\u0119 z Rafa\u0142em przykrzy\u0142o, kiedy musieli\u015bmy dzieli\u0107 \u015bwi\u0119ta. Od kilku lat zabieramy ca\u0142\u0105 rodzin\u0119 gdzie\u015b i organizujemy po prostu wsp\u00f3lny wyjazd. Jest cudownie&#8221; &#8211; przyzna\u0142a aktorka.<\/p>\n<p class=\"typography ids-typeset-body ids-typeset-body--preset-large link paragraph ids-paragraph ids-paragraph--default\">Kurdej-Szatan wyjawi\u0142a przy okazji, ze wraz z rodzin\u0105 najcz\u0119\u015bciej wyje\u017cd\u017caj\u0105 w g\u00f3ry. Sp\u0119dzaj\u0105 czas na rozmowach oraz aktywno\u015bci fizycznej. W tym roku dodatkowo b\u0119d\u0105 wsp\u00f3lnie gotowa\u0107, poniewa\u017c wybrali zakwaterowanie z brakiem opcji wy\u017cywienia.<\/p>\n<p>Barbara Kurdej-Szatan zdradzi\u0142a, jaki ma patent na prezenty \u015bwi\u0105teczne. Pieni\u0105dze wydaje w nietypowy spos\u00f3b<\/p>\n<p class=\"typography ids-typeset-body ids-typeset-body--preset-large link paragraph ids-paragraph ids-paragraph--default\">Cho\u0107 Barbara Kurdej-Szatan uwielbia \u015bwi\u0119ta, to otwarcie przyznaje, \u017ce w jej domu nie s\u0105 one obchodzone w tradycyjny spos\u00f3b.\u00a0Aktorka i jej bliscy jaki\u015b czas temu zdecydowali, \u017ce nie b\u0119d\u0105 kupowa\u0107 sobie prezent\u00f3w. Wszystko przez to, \u017ce nie chc\u0105 wydawa\u0107 pieni\u0119dzy, na rzeczy, kt\u00f3re s\u0105 im zupe\u0142nie niepotrzebne.<\/p>\n<p class=\"typography ids-typeset-body ids-typeset-body--preset-large link paragraph ids-paragraph ids-paragraph--default\">&#8222;(&#8230;)od lat my doro\u015bli nie kupujemy sobie prezent\u00f3w. W zamian umawiamy si\u0119, \u017ce przeka\u017cemy datek na jaki\u015b cel charytatywny. Prezenty Miko\u0142aj przynosi tylko naszym ma\u0142ym dzieciom&#8221; &#8211; przyzna\u0142a Kurdej-Szatan.<\/p>\n<p class=\"typography ids-typeset-body ids-typeset-body--preset-large link paragraph ids-paragraph ids-paragraph--default\">Rodzina aktorki stawia tylko na drobne upominki, kt\u00f3re maj\u0105 podkr\u0119ci\u0107 \u015bwi\u0105teczn\u0105 atmosfer\u0119.<\/p>\n<p class=\"typography ids-typeset-body ids-typeset-body--preset-large link paragraph ids-paragraph ids-paragraph--default\">&#8222;Jedyne co robimy, to jaki\u015b totalny drobiazg. Raz um\u00f3wili\u015bmy si\u0119, \u017ce ka\u017cdy ka\u017cdemu kupuje jakie\u015b totalnie obciachowe, \u015bmiechowe skarpety. Potem by\u0142 konkurs i ka\u017cdy po kolei prezentowa\u0142 te skarpety. Dzieci wybieraj\u0105, kt\u00f3re s\u0105 najbardziej obciachowe i to jest strasznie fajne&#8221; &#8211; doda\u0142a Basia.<\/p>\n<p>Czytaj tak\u017ce:<a id=\"a-img\" class=\"hl-6\"><img class=\"hl-8\"\/><\/a><a id=\"a-main\" class=\"hl-9\"\/>Halo! Wejd\u017a na <a id=\"halo-text-a\" href=\"https:\/\/halotu.polsat.pl#parametr=link_halo\" rel=\"nofollow noopener\" target=\"_blank\">halotu.polsat.pl<\/a> i nie przegap naj\u015bwie\u017cszych informacji z poranka w Polsacie.<\/p>\n<p class=\"typography ids-typeset-body ids-typeset-body--preset-large link paragraph ids-paragraph ids-paragraph--default\">Zobacz te\u017c:<\/p>\n<p class=\"typography ids-typeset-body ids-typeset-body--preset-large link paragraph ids-paragraph ids-paragraph--default\"><a href=\"https:\/\/www.pomponik.pl\/plotki\/news-a-jednak-to-nie-byly-plotki-ws-kurdej-szatan-juz-tego-nie-uk,nId,22500169\" target=\"_blank\" rel=\"nofollow noopener\">A jednak to nie by\u0142y plotki ws. Kurdej-Szatan. Ju\u017c tego nie ukrywa i og\u0142asza. To koniec<\/a><\/p>\n<p class=\"typography ids-typeset-body ids-typeset-body--preset-large link paragraph ids-paragraph ids-paragraph--default\"><a href=\"https:\/\/www.pomponik.pl\/plotki\/news-to-nie-sa-dobre-wiesci-dla-kurdej-szatan-nie-zapowiada-sie-b,nId,22499759\" target=\"_blank\" rel=\"nofollow noopener\">To nie s\u0105 dobre wie\u015bci dla Kurdej-Szatan. Nie zapowiada si\u0119, by w kolejnych tygodniach by\u0142o lepiej<\/a><\/p>\n<p class=\"typography ids-typeset-body ids-typeset-body--preset-large link paragraph ids-paragraph ids-paragraph--default\"><a href=\"https:\/\/www.pomponik.pl\/plotki\/news-w-srode-rano-splynely-wiesci-ws-kurdej-szatan-jest-gorzej-ni,nId,22466059\" target=\"_blank\" rel=\"nofollow noopener\">W \u015brod\u0119 rano sp\u0142yn\u0119\u0142y wie\u015bci ws. Kurdej-Szatan. Jest gorzej, ni\u017c zak\u0142ada\u0142a<\/a><\/p>\n","protected":false},"excerpt":{"rendered":"Barbara Kurdej-Szatan od wielu lat jest szcz\u0119\u015bliw\u0105 \u017con\u0105 aktora Rafa\u0142a Szatana. Zakochani doczekali si\u0119 narodzin dw\u00f3jki pociech. Mimo&hellip;\n","protected":false},"author":2,"featured_media":161687,"comment_status":"","ping_status":"","sticky":false,"template":"","format":"standard","meta":{"footnotes":""},"categories":[22],"tags":[122,42,38,40,39,41,123],"class_list":{"0":"post-161686","1":"post","2":"type-post","3":"status-publish","4":"format-standard","5":"has-post-thumbnail","7":"category-rozrywka","8":"tag-entertainment","9":"tag-pl","10":"tag-poland","11":"tag-polish","12":"tag-polska","13":"tag-polski","14":"tag-rozrywka"},"share_on_mastodon":{"url":"https:\/\/pubeurope.com\/@pl\/115752283886361000","error":""},"_links":{"self":[{"href":"https:\/\/www.europesays.com\/pl\/wp-json\/wp\/v2\/posts\/161686","targetHints":{"allow":["GET"]}}],"collection":[{"href":"https:\/\/www.europesays.com\/pl\/wp-json\/wp\/v2\/posts"}],"about":[{"href":"https:\/\/www.europesays.com\/pl\/wp-json\/wp\/v2\/types\/post"}],"author":[{"embeddable":true,"href":"https:\/\/www.europesays.com\/pl\/wp-json\/wp\/v2\/users\/2"}],"replies":[{"embeddable":true,"href":"https:\/\/www.europesays.com\/pl\/wp-json\/wp\/v2\/comments?post=161686"}],"version-history":[{"count":0,"href":"https:\/\/www.europesays.com\/pl\/wp-json\/wp\/v2\/posts\/161686\/revisions"}],"wp:featuredmedia":[{"embeddable":true,"href":"https:\/\/www.europesays.com\/pl\/wp-json\/wp\/v2\/media\/161687"}],"wp:attachment":[{"href":"https:\/\/www.europesays.com\/pl\/wp-json\/wp\/v2\/media?parent=161686"}],"wp:term":[{"taxonomy":"category","embeddable":true,"href":"https:\/\/www.europesays.com\/pl\/wp-json\/wp\/v2\/categories?post=161686"},{"taxonomy":"post_tag","embeddable":true,"href":"https:\/\/www.europesays.com\/pl\/wp-json\/wp\/v2\/tags?post=161686"}],"curies":[{"name":"wp","href":"https:\/\/api.w.org\/{rel}","templated":true}]}}