{"id":161718,"date":"2025-12-20T14:39:09","date_gmt":"2025-12-20T14:39:09","guid":{"rendered":"https:\/\/www.europesays.com\/pl\/161718\/"},"modified":"2025-12-20T14:39:09","modified_gmt":"2025-12-20T14:39:09","slug":"atak-na-polski-konsulat-w-brukseli-jest-reakcja-radoslawa-sikorskiego-onet","status":"publish","type":"post","link":"https:\/\/www.europesays.com\/pl\/161718\/","title":{"rendered":"Atak na polski konsulat w Brukseli. Jest reakcja Rados\u0142awa Sikorskiego &#8211; Onet"},"content":{"rendered":"<ol>\n<li><a href=\"https:\/\/news.google.com\/rss\/articles\/CBMizAFBVV95cUxPZUN0YUtTWFpjN0xXYWR0MUhBVEtVSVpaSlNjV0JpWVBYV0t4cnpmamNNX2hIWEw5cEUxTXZsV3FMcmtWMTRSX1Eybm5LREZDVi1nblhSOU1yQ0hMRTZFZlhReHhKZ2pVN1k1cVl4OEN3by1vMW9PNE5IeHpITUVLbmc3aFdsejdyVUFYWUp1VlhNbTVqTUZxMEtNSXhjRnNfS05PWnEzTFhZamh2R1NMb2hxTTVxaWUzLXhsLWRXV1Q4UmFwNXpvc2hEMEc?oc=5\" target=\"_blank\" rel=\"nofollow noopener\">Atak na polski konsulat w Brukseli. Jest reakcja Rados\u0142awa Sikorskiego<\/a>&nbsp;&nbsp;Onet<\/li>\n<li><a href=\"https:\/\/news.google.com\/rss\/articles\/CBMiugFBVV95cUxNanJsQnRZYl9feWkyQ0pVLXVfQlBjQ0dEM0FMMGZPM3hPVXdoa21IbGFSWTZxR3JlUFB3VDgwSmdjMmhaZGpaQWVtSnozTC1pTDVwT1p5ZDZ0TGNkMnllVUVrQlROWDc2cUxLMkZjNWNxWWtyb1JJNEJYUGJUVnFiM1VETktSY2gyMGJIQlpYcmdTaHc2VjItRmpJTGtpVC1yU0c2RWhJMDQtVzNOOW1pRXZsbVV4eC1od0E?oc=5\" target=\"_blank\" rel=\"nofollow noopener\">Polski konsulat zdewastowany. Sprawcy wypisali obra\u017aliwe has\u0142a<\/a>&nbsp;&nbsp;Wydarzenia w INTERIA.PL<\/li>\n<li><a href=\"https:\/\/news.google.com\/rss\/articles\/CBMitwFBVV95cUxORXdGTm10U0tsRnVUaFlocnpZSjEtaWhURHZ6cXVXbzlnbmd1Nk4xb05MUEhEU3BuOWFxclB5SzVKcU1ZSVBpaDZiUnFzS0VYajZOUTZGem0xeEo0THhxcEhfOUJMUE1MWl91ZGExZHhrdTduSWhUcmpNblh3eGwzNHJDNVhnMmtzb01SQ2hpQVhlRzRvTHBCTmlEMFZMMFB2VktJOGxnM3JVU3p1dVJTSVJkeWk0OVU?oc=5\" target=\"_blank\" rel=\"nofollow noopener\">Sikorski w\u015bciek\u0142y po akcji przeciwko polityce rz\u0105du. Zdewastowali konsulat<\/a>&nbsp;&nbsp;WP Wiadomo\u015bci<\/li>\n<li><a href=\"https:\/\/news.google.com\/rss\/articles\/CBMiowFBVV95cUxPVWVMczhZRFRrd0lXSGtxWlFhVGN2WUdoLW40dnA0VENpZmhMb1A4eElVWW44b0ZNcUFLdVlfRmg5Rk4xN0xCdnUtR0ltQWgyUk4zcmJJUmdQOXJCVzVSYk9qN2RScnhIalJETTBhcmhNSXBKS18wYkxER1NXbUZtSWxCX1d3M0E2LUZ4Nmw2M1NHZ1pzempjNzN0TUdDWndsQklv?oc=5\" target=\"_blank\" rel=\"nofollow noopener\">Atak na polski konsulat w Brukseli. Czerwona farba, obra\u017aliwe has\u0142a i odchody<\/a>&nbsp;&nbsp;Wyborcza.pl<\/li>\n<li><a href=\"https:\/\/news.google.com\/rss\/articles\/CBMirwFBVV95cUxPODY5RlFJaERtQ2RyQzd3NjRuUHNiZ0xCZTZKWkQ4VUE4YTh0emNyR3c4WEFYeGFRWFBBaE1vWHJPWnVvS0FSalZjdWNObU9jQXdIMHpQYkFFUm03a3ZRYUp1U29VTzlzcDI1cWhORWJLMFhaVnUtUlVrdFNFaG1oYUxxMXhoRVJkcTVlbzR5aXpMRkRlcTZYVkh1clNzNFhFNExrTkw3OHJyRDdEV2NB?oc=5\" target=\"_blank\" rel=\"nofollow noopener\">Atak na polski konsulat. Czerwona farba i obra\u017aliwe has\u0142a w sercu Europy<\/a>&nbsp;&nbsp;RMF24<\/li>\n<\/ol>\n","protected":false},"excerpt":{"rendered":"Atak na polski konsulat w Brukseli. Jest reakcja Rados\u0142awa Sikorskiego&nbsp;&nbsp;Onet Polski konsulat zdewastowany. Sprawcy wypisali obra\u017aliwe has\u0142a&nbsp;&nbsp;Wydarzenia w&hellip;\n","protected":false},"author":2,"featured_media":161719,"comment_status":"","ping_status":"","sticky":false,"template":"","format":"standard","meta":{"footnotes":""},"categories":[5],"tags":[2763,32,33,2761,36,37,27,34,35,1120,28,31,53,25,52,68,51,55,42,38,40,39,2847,41,1534,47,1998,29,30,65,50,26],"class_list":{"0":"post-161718","1":"post","2":"type-post","3":"status-publish","4":"format-standard","5":"has-post-thumbnail","7":"category-naglowki","8":"tag-belgia_kraj","9":"tag-breaking-news","10":"tag-breakingnews","11":"tag-bruksela","12":"tag-featured-news","13":"tag-featurednews","14":"tag-headlines","15":"tag-latest-news","16":"tag-latestnews","17":"tag-msz_ministerstwo_spraw_zagranicznych","18":"tag-naglowki","19":"tag-najwazniejsze-artykuly","20":"tag-new_header","21":"tag-news","22":"tag-onet3","23":"tag-onet3d","24":"tag-onet3d_2i","25":"tag-phx","26":"tag-pl","27":"tag-poland","28":"tag-polish","29":"tag-polska","30":"tag-polska_polak_polka_polacy_polki","31":"tag-polski","32":"tag-radoslaw_sikorski_polityk","33":"tag-screening_general","34":"tag-short_news","35":"tag-top-stories","36":"tag-topstories","37":"tag-update_me","38":"tag-v2021","39":"tag-wiadomosci"},"share_on_mastodon":{"url":"","error":"Validation failed: Text character limit of 500 exceeded"},"_links":{"self":[{"href":"https:\/\/www.europesays.com\/pl\/wp-json\/wp\/v2\/posts\/161718","targetHints":{"allow":["GET"]}}],"collection":[{"href":"https:\/\/www.europesays.com\/pl\/wp-json\/wp\/v2\/posts"}],"about":[{"href":"https:\/\/www.europesays.com\/pl\/wp-json\/wp\/v2\/types\/post"}],"author":[{"embeddable":true,"href":"https:\/\/www.europesays.com\/pl\/wp-json\/wp\/v2\/users\/2"}],"replies":[{"embeddable":true,"href":"https:\/\/www.europesays.com\/pl\/wp-json\/wp\/v2\/comments?post=161718"}],"version-history":[{"count":0,"href":"https:\/\/www.europesays.com\/pl\/wp-json\/wp\/v2\/posts\/161718\/revisions"}],"wp:featuredmedia":[{"embeddable":true,"href":"https:\/\/www.europesays.com\/pl\/wp-json\/wp\/v2\/media\/161719"}],"wp:attachment":[{"href":"https:\/\/www.europesays.com\/pl\/wp-json\/wp\/v2\/media?parent=161718"}],"wp:term":[{"taxonomy":"category","embeddable":true,"href":"https:\/\/www.europesays.com\/pl\/wp-json\/wp\/v2\/categories?post=161718"},{"taxonomy":"post_tag","embeddable":true,"href":"https:\/\/www.europesays.com\/pl\/wp-json\/wp\/v2\/tags?post=161718"}],"curies":[{"name":"wp","href":"https:\/\/api.w.org\/{rel}","templated":true}]}}