{"id":161756,"date":"2025-12-20T15:09:11","date_gmt":"2025-12-20T15:09:11","guid":{"rendered":"https:\/\/www.europesays.com\/pl\/161756\/"},"modified":"2025-12-20T15:09:11","modified_gmt":"2025-12-20T15:09:11","slug":"w-polsce-byl-gwiazda-nie-jest-tajemnica-jak-zarabia-dzis-w-niemczech","status":"publish","type":"post","link":"https:\/\/www.europesays.com\/pl\/161756\/","title":{"rendered":"W Polsce by\u0142 gwiazd\u0105. Nie jest tajemnic\u0105, jak zarabia dzi\u015b w Niemczech"},"content":{"rendered":"\n<p>Steffen M\u00f6ller, pochodz\u0105cy z\u00a0Niemiec aktor i\u00a0satyryk, przez lata zrobi\u0142 w\u00a0Polsce du\u017c\u0105 karier\u0119. Og\u00f3lnopolsk\u0105 rozpoznawalno\u015b\u0107 przynios\u0142y mu wyst\u0119py w\u00a0serialu &#8222;M\u00a0jak mi\u0142o\u015b\u0107&#8221; oraz udzia\u0142 w\u00a0programie &#8222;Europa da si\u0119 lubi\u0107&#8221;, w\u00a0kt\u00f3rym opowiada\u0142 o\u00a0r\u00f3\u017cnicach kulturowych z\u00a0charakterystycznym dystansem i\u00a0humorem. Z\u00a0czasem jego obecno\u015b\u0107 w\u00a0mediach zacz\u0119\u0142a jednak s\u0142abn\u0105\u0107, a\u00a0aktor coraz rzadziej pojawia\u0142 si\u0119 w\u00a0nowych projektach.<\/p>\n<p>Steffen M\u00f6ller: 'Jestem legend\u0105&#8217; <\/p>\n<p>W rozmowie z\u00a0Interi\u0105 Steffen M\u00f6ller przywo\u0142a\u0142 sytuacj\u0119, kt\u00f3ra \u2013\u00a0jak sam przyzna\u0142 \u2013\u00a0najlepiej oddaje skal\u0119 jego rozpoznawalno\u015bci w\u00a0Polsce. Opowiedzia\u0142 o\u00a0spotkaniu z\u00a0widzem po jednym z\u00a0wyst\u0119p\u00f3w.<\/p>\n<p> <img role=\"presentation\" class=\"absolute left-1\/2 top-1\/2 max-h-[80%] max-w-[100px] -translate-x-1\/2 -translate-y-1\/2\" src=\"https:\/\/v.wpimg.pl\/ZXJfd3AudTkrBBIAbg54LGhcRlAxHQUrPgJGH2MAeGJoSQ1eIBI_K2UHAEVuBTY5KQMMXC0RPyoVERQdMgM9ejc\" loading=\"lazy\" decoding=\"async\"\/> <\/p>\n<p>Jak Niemcy postrzegaj\u0105 Tuska? &#8222;Kartoflany nos&#8221;, &#8222;Raczej jest z\u00a0prawicy&#8221;<\/p>\n<blockquote><p>\u2013 Do dzi\u015b ludzie do mnie podchodz\u0105. Niedawno mia\u0142em kabaretowy wyst\u0119p w\u00a0Niemczech. Po nim podszed\u0142 do mnie starszy Polak i\u00a0powiedzia\u0142, \u017ce ma golden retrievera. Zapyta\u0142, czy wiem, jak si\u0119 wabi. Odpowiedzia\u0142em, \u017ce pewnie Bruder, a\u00a0on na to, \u017ce Steffen M\u00f6ller. To ju\u017c legenda. Jestem legend\u0105, mo\u017cna powiedzie\u0107 \u2013\u00a0stwierdzi\u0142 w\u00a0rozmowie z\u00a0dziennikark\u0105.<\/p><\/blockquote>\n<p> <img role=\"presentation\" class=\"absolute left-1\/2 top-1\/2 max-h-[80%] max-w-[100px] -translate-x-1\/2 -translate-y-1\/2\" src=\"https:\/\/v.wpimg.pl\/ZXJfd3AudTkrBBIAbg54LGhcRlAxHQUrPgJGH2MAeGJoSQ1eIBI_K2UHAEVuBTY5KQMMXC0RPyoVERQdMgM9ejc\" loading=\"lazy\" decoding=\"async\"\/> <\/p>\n<p>Dlaczego Steffen M\u00f6ller wyjecha\u0142 z\u00a0Polski? <\/p>\n<p>W wywiadzie dla serwisu Onet Podr\u00f3\u017ce Steffen M\u00f6ller otwarcie opowiedzia\u0142 o\u00a0powodach powrotu do Niemiec. Jak przyzna\u0142, decyzja by\u0142a wynikiem zar\u00f3wno sytuacji zawodowej, jak i\u00a0zmian, kt\u00f3re obserwowa\u0142 w\u00a0Polsce.<\/p>\n<p>\u2013 Po prostu czu\u0142em, \u017ce moje pi\u0119\u0107 minut w\u00a0Polsce si\u0119 sko\u0144czy\u0142o. Zamiast patrze\u0107 na Zach\u00f3d, Polacy zacz\u0119li k\u0142\u00f3ci\u0107 si\u0119 mi\u0119dzy sob\u0105, a\u00a0to ju\u017c nie moja dzia\u0142ka \u2013\u00a0m\u00f3wi\u0142.<\/p>\n<p> <img role=\"presentation\" class=\"absolute left-1\/2 top-1\/2 max-h-[80%] max-w-[100px] -translate-x-1\/2 -translate-y-1\/2\" src=\"https:\/\/v.wpimg.pl\/ZXJfd3AudTkrBBIAbg54LGhcRlAxHQUrPgJGH2MAeGJoSQ1eIBI_K2UHAEVuBTY5KQMMXC0RPyoVERQdMgM9ejc\" loading=\"lazy\" decoding=\"async\"\/> <\/p>\n<p>Doda\u0142, \u017ce po przeprowadzce przez pewien czas nie mia\u0142 jasno sprecyzowanych plan\u00f3w na przysz\u0142o\u015b\u0107.<\/p>\n<p> <a href=\"https:\/\/kobieta.wp.pl\/po-latach-wraca-do-m-jak-milosc-jak-dzis-wyglada-7226280784476800a\" class=\"teaser-inline\" rel=\"nofollow noopener\" target=\"_blank\">  <img decoding=\"async\" src=\"https:\/\/www.europesays.com\/pl\/wp-content\/uploads\/2025\/12\/ZTEyYjY5dTUkGy9Zdk54IGdDewMwF3Z2MFtjSHYEaGx1AXYMMFk_JiAJNkQ-Ry8kJA4pRClZdTU1EHYcaBo-PTYJNQsgGj85Jxw9.jpeg\" width=\"0\" height=\"0\" loading=\"lazy\" class=\"wp-media-image cropped\" alt=\"Po latach wraca do &quot;M jak mi\u0142o\u015b\u0107&quot;. Tak si\u0119 zmieni\u0142\"\/><\/p>\n<p>Po latach wraca do &#8222;M jak mi\u0142o\u015b\u0107&#8221;. Tak si\u0119 zmieni\u0142<\/p>\n<p><\/a><\/p>\n<p>Nowa nisza po\u00a0powrocie do\u00a0Niemiec <\/p>\n<p>Z czasem Steffen M\u00f6ller dostrzeg\u0142 jednak przestrze\u0144, w\u00a0kt\u00f3rej m\u00f3g\u0142 ponownie odnale\u017a\u0107 si\u0119 zawodowo. Zauwa\u017cy\u0142, \u017ce w\u00a0Niemczech mieszka oko\u0142o wielu Polak\u00f3w, kt\u00f3rzy s\u0105 odbiorcami tre\u015bci opartych na relacjach polsko-niemieckich.<\/p>\n<p> <img role=\"presentation\" class=\"absolute left-1\/2 top-1\/2 max-h-[80%] max-w-[100px] -translate-x-1\/2 -translate-y-1\/2\" src=\"https:\/\/v.wpimg.pl\/ZXJfd3AudTkrBBIAbg54LGhcRlAxHQUrPgJGH2MAeGJoSQ1eIBI_K2UHAEVuBTY5KQMMXC0RPyoVERQdMgM9ejc\" loading=\"lazy\" decoding=\"async\"\/> <\/p>\n<p>\u2013 Wr\u00f3ci\u0142em wi\u0119c do Niemiec i\u00a0pocz\u0105tkowo nie mia\u0142em, co robi\u0107. W\u00a0pewnym momencie odkry\u0142em, \u017ce w\u00a0tym kraju mieszka 3,5 mln Polak\u00f3w, kt\u00f3rzy czekaj\u0105 na kabaret o\u00a0Polakach i\u00a0Niemcach. To wspania\u0142a nisza, kt\u00f3r\u0105 zacz\u0105\u0142em zarz\u0105dza\u0107 i\u00a0to robi\u0119 od kilkunastu lat do dzisiaj \u2013\u00a0wyznaje.<\/p>\n<p>Po powrocie do Niemiec Steffen M\u00f6ller napisa\u0142 r\u00f3wnie\u017c ksi\u0105\u017ck\u0119 pt. &#8222;Weronika, tw\u00f3j m\u0105\u017c tu jest! Gdy Niemcy i\u00a0Polacy si\u0119 kochaj\u0105&#8221;. Publikacja opowiada o\u00a0zwi\u0105zkach polsko-niemieckich i\u00a0r\u00f3\u017cnicach kulturowych widzianych z\u00a0perspektywy codziennego \u017cycia.<\/p>\n<p>\u2013 Co ciekawe, na og\u00f3\u0142 polsko-niemieckie pary mieszkaj\u0105 w\u00a0Niemczech, ale wesela odbywaj\u0105 si\u0119 w\u00a0Polsce. Dlaczego tak? Pewien niemiecki m\u0105\u017c zdradzi\u0142 mi odpowied\u017a. Tyle jedzenia, ile potrzeba, \u017ceby zorganizowa\u0107 polskie wesele, nie da si\u0119 kupi\u0107 nawet w\u00a0Niemczech&#8230; \u2013\u00a0podsumowa\u0142.<\/p>\n<p> <img role=\"presentation\" class=\"absolute left-1\/2 top-1\/2 max-h-[80%] max-w-[100px] -translate-x-1\/2 -translate-y-1\/2\" src=\"https:\/\/v.wpimg.pl\/ZXJfd3AudTkrBBIAbg54LGhcRlAxHQUrPgJGH2MAeGJoSQ1eIBI_K2UHAEVuBTY5KQMMXC0RPyoVERQdMgM9ejc\" loading=\"lazy\" decoding=\"async\"\/> <\/p>\n<p>Steffen wielokrotnie porusza\u0142 temat r\u00f3\u017cnic mi\u0119dzy Polsk\u0105 a\u00a0Niemcami. \u2013\u00a0Niemcom przeszkadza chyba silne przywi\u0105zanie Polak\u00f3w do rodziny. Nazywam je &#8222;polsk\u0105 symbioz\u0105&#8221;. Niemiec dzwoni do mamy i\u00a0taty co 10 dni i\u00a0rozmowa trwa pi\u0119\u0107 minut, a\u00a0Polak dzwoni do rodzic\u00f3w 10 razy dziennie i\u00a0komunikuje im nawet, \u017ce w\u0142a\u015bnie wychodzi z\u00a0basenu czy je kanapk\u0119. Oni zreszt\u0105 tego oczekuj\u0105. P\u00f3\u017aniej polscy te\u015bciowie przyje\u017cd\u017caj\u0105 do Niemiec, do swojej ukochanej c\u00f3rki, ale nie raz w\u00a0roku, jak ci niemieccy, tylko najch\u0119tniej raz na sze\u015b\u0107 tygodni. I\u00a0tu nast\u0119puje szok, \u017ce chc\u0105 spa\u0107 u\u00a0dzieci w\u00a0domu. Niemiecki m\u0105\u017c m\u00f3wi: &#8222;przecie\u017c s\u0105 hotele&#8221;, a\u00a0polska \u017cona si\u0119 obra\u017ca \u2013\u00a0m\u00f3wi\u0142<a href=\"https:\/\/kobieta.wp.pl\/steffen-moller-polacy-mowia-szwaby-a-niemcy-mowia-polacken-7018520716041120a\" rel=\"noopener noreferrer nofollow\" target=\"_blank\"> w\u00a0wywiadzie dla WP Kobieta.<\/a><\/p>\n<p> <a href=\"https:\/\/kobieta.wp.pl\/byl-w-polsce-gwiazda-mowi-dlaczego-wrocil-do-niemiec-7073132336438208a\" class=\"teaser-inline\" rel=\"nofollow noopener\" target=\"_blank\">  <img decoding=\"async\" src=\"https:\/\/www.europesays.com\/pl\/wp-content\/uploads\/2025\/12\/NTk4OTIyYTUKVjlnZgJsIEkObT0gW2J2HhZ1dmZIfGxbTGAyIBUrJg5EIHouCzskCkM_ejkVYTUbXWAieFYqPRhEIzUwVis5CVEr.jpeg\" width=\"0\" height=\"0\" loading=\"lazy\" class=\"wp-media-image cropped\" alt=\"Przez lata \u017cy\u0142 w Polsce. Bez ogr\u00f3dek m\u00f3wi, dlaczego si\u0119 wyprowadzi\u0142\"\/><\/p>\n<p>Przez lata \u017cy\u0142 w Polsce. Bez ogr\u00f3dek m\u00f3wi, dlaczego si\u0119 wyprowadzi\u0142<\/p>\n<p><\/a> <\/p>\n<p>Zapraszamy na grup\u0119 FB &#8211;\u00a0<a href=\"https:\/\/www.facebook.com\/groups\/126020819449720\" rel=\"noopener noreferrer nofollow\" target=\"_blank\">#Wszechmocne<\/a>. To tu b\u0119dziemy informowa\u0107 na bie\u017c\u0105co o\u00a0terminach webinar\u00f3w, wywiadach, nowych historiach. Do\u0142\u0105czcie do nas i\u00a0zapro\u015bcie wszystkie znajome. Czekamy na was! Ch\u0119tnie poznamy wasze historie, podzielcie si\u0119 nimi z\u00a0nami i\u00a0wy\u015blijcie na adres: wszechmocna_to_ja@grupawp.pl<\/p>\n<p> <img role=\"presentation\" class=\"absolute left-1\/2 top-1\/2 max-h-[80%] max-w-[100px] -translate-x-1\/2 -translate-y-1\/2\" src=\"https:\/\/v.wpimg.pl\/ZXJfd3AudTkrBBIAbg54LGhcRlAxHQUrPgJGH2MAeGJoSQ1eIBI_K2UHAEVuBTY5KQMMXC0RPyoVERQdMgM9ejc\" loading=\"lazy\" decoding=\"async\"\/> <a class=\"cHJldmVudENC\" target=\"_blank\" rel=\"noopener nofollow\" href=\"https:\/\/kobieta.wp.pl\/testy-konsumenckie\/klub-testerek\">    <img decoding=\"async\" src=\"https:\/\/www.europesays.com\/pl\/wp-content\/uploads\/2025\/12\/Yzk0YzA1dhsKUi9Jbkp7DkkKexMoE3VYHhJjWG5Sdk9eBSFLcwF2HAJcPAgkQTZUDEIsCiBGKVQbXHYbMVh2DFofPRMyQTUbEh88.jpeg\" width=\"555\" height=\"120\" loading=\"lazy\" class=\"wp-media-image\" alt=\"Klub \u015awiadomej Konsumentki\"\/><\/a>Klub \u015awiadomej Konsumentki \u00a9 WP Kobieta<\/p>\n","protected":false},"excerpt":{"rendered":"Steffen M\u00f6ller, pochodz\u0105cy z\u00a0Niemiec aktor i\u00a0satyryk, przez lata zrobi\u0142 w\u00a0Polsce du\u017c\u0105 karier\u0119. Og\u00f3lnopolsk\u0105 rozpoznawalno\u015b\u0107 przynios\u0142y mu wyst\u0119py w\u00a0serialu&hellip;\n","protected":false},"author":2,"featured_media":161757,"comment_status":"","ping_status":"","sticky":false,"template":"","format":"standard","meta":{"footnotes":""},"categories":[22],"tags":[122,42,38,40,39,41,123],"class_list":{"0":"post-161756","1":"post","2":"type-post","3":"status-publish","4":"format-standard","5":"has-post-thumbnail","7":"category-rozrywka","8":"tag-entertainment","9":"tag-pl","10":"tag-poland","11":"tag-polish","12":"tag-polska","13":"tag-polski","14":"tag-rozrywka"},"share_on_mastodon":{"url":"https:\/\/pubeurope.com\/@pl\/115752531949102460","error":""},"_links":{"self":[{"href":"https:\/\/www.europesays.com\/pl\/wp-json\/wp\/v2\/posts\/161756","targetHints":{"allow":["GET"]}}],"collection":[{"href":"https:\/\/www.europesays.com\/pl\/wp-json\/wp\/v2\/posts"}],"about":[{"href":"https:\/\/www.europesays.com\/pl\/wp-json\/wp\/v2\/types\/post"}],"author":[{"embeddable":true,"href":"https:\/\/www.europesays.com\/pl\/wp-json\/wp\/v2\/users\/2"}],"replies":[{"embeddable":true,"href":"https:\/\/www.europesays.com\/pl\/wp-json\/wp\/v2\/comments?post=161756"}],"version-history":[{"count":0,"href":"https:\/\/www.europesays.com\/pl\/wp-json\/wp\/v2\/posts\/161756\/revisions"}],"wp:featuredmedia":[{"embeddable":true,"href":"https:\/\/www.europesays.com\/pl\/wp-json\/wp\/v2\/media\/161757"}],"wp:attachment":[{"href":"https:\/\/www.europesays.com\/pl\/wp-json\/wp\/v2\/media?parent=161756"}],"wp:term":[{"taxonomy":"category","embeddable":true,"href":"https:\/\/www.europesays.com\/pl\/wp-json\/wp\/v2\/categories?post=161756"},{"taxonomy":"post_tag","embeddable":true,"href":"https:\/\/www.europesays.com\/pl\/wp-json\/wp\/v2\/tags?post=161756"}],"curies":[{"name":"wp","href":"https:\/\/api.w.org\/{rel}","templated":true}]}}