{"id":161764,"date":"2025-12-20T15:14:10","date_gmt":"2025-12-20T15:14:10","guid":{"rendered":"https:\/\/www.europesays.com\/pl\/161764\/"},"modified":"2025-12-20T15:14:10","modified_gmt":"2025-12-20T15:14:10","slug":"przemysl-dziekczynienie-za-25-lat-poslugi-biskupiej-abp-adama-szala","status":"publish","type":"post","link":"https:\/\/www.europesays.com\/pl\/161764\/","title":{"rendered":"PRZEMY\u015aL: Dzi\u0119kczynienie za 25 lat pos\u0142ugi biskupiej abp. Adama Szala"},"content":{"rendered":"<p>W sobot\u0119, 20 grudnia 2025 r., podczas uroczystej Eucharystii sprawowanej w Bazylice Archikatedralnej w Przemy\u015blu wierni i duchowie\u0144stwo archidiecezji przemyskiej dzi\u0119kowali za 25 lat pos\u0142ugi biskupiej abp. Adama Szala, metropolity przemyskiego.<\/p>\n<p>Na pocz\u0105tku Mszy \u015bwi\u0119tej bp Krzysztof Chudzio odczyta\u0142 list gratulacyjny, kt\u00f3ry Dostojny Jubilat otrzyma\u0142 z Watykanu od Ojca \u015awi\u0119tego Leona XIV. \u2013 Z szacunkiem uznajemy jego gorliwo\u015b\u0107, wytrwale podejmowan\u0105 pos\u0142ug\u0119 dla dobra wiernych archidiecezji przemyskiej obrz\u0105dku \u0142aci\u0144skiego, zachowuj\u0105c tak\u017ce w pami\u0119ci jego sumienn\u0105 prac\u0119 w Konferencji Episkopatu polski oraz pastersk\u0105 trosk\u0119 w kszta\u0142towaniu m\u0142odych, szczeg\u00f3lnie w ruchu i charyzmacie \u015awiat\u0142o-\u017bycie \u2013 napisa\u0142 papie\u017c. \u2013 Jemu teraz wypraszamy od Chrystusa pe\u0142ni\u0119 niebieskich \u0142ask przez wstawiennictwo Naj\u015bwi\u0119tszej Maryi Dziewicy Niepokalanej i Jej Oblubie\u0144ca, \u015bw. J\u00f3zefa \u2013 napisa\u0142 Leon XIV udzielaj\u0105c apostolskiego b\u0142ogos\u0142awie\u0144stwa.<\/p>\n<p>W homilii metropolita przemyski nawi\u0105za\u0142 do odczytanej w Ewangelii sceny Zwiastowania Pa\u0144skiego. \u2013 To jest pocz\u0105tkiem nawi\u0105zania niezwyk\u0142ej wsp\u00f3lnoty. Wsp\u00f3lnoty 3:40 \u2013 m\u00f3wi\u0142 Jubilat nawi\u0105zuj\u0105c do swojego has\u0142a pos\u0142ugi biskupiej \u201eGloria Tibi Trinitas\u201d \u2013 Chwa\u0142a Tobie, Tr\u00f3jco \u015awi\u0119ta.<\/p>\n<p>Metropolita przemyski wzywa\u0142 do dzi\u0119kczynienia Bogu za Tajemnic\u0119 Tr\u00f3jcy \u015awi\u0119tej. \u2013 Dzi\u015b pragniemy razem z Maryj\u0105 wyrazi\u0107 nasze uwielbienie i dzi\u0119kczynienie za objawienie Jej i nam tajemnicy Boga Jedynego w Tr\u00f3jcy \u015awi\u0119tej. Chocia\u017c do ko\u0144ca nie zg\u0142\u0119bimy tej tajemnicy \u2013 powiedzia\u0142 hierarcha i wzywa\u0142 do uwielbiania Tr\u00f3jcy Przenaj\u015bwi\u0119tszej.<\/p>\n<p>\u2013 Kontempluj\u0105c Tajemnic\u0119 Tr\u00f3jcy \u015awi\u0119tej w kontek\u015bcie dzisiejszej opatrzno\u015bciowej perykopy ewangelicznej, warto u\u015bwiadomi\u0107 sobie, \u017ce nasze doczesne \u017cycie rozci\u0105ga si\u0119 mi\u0119dzy narodzinami i zako\u0144czone jest \u015bmierci\u0105, ale jest ubogacone obecno\u015bci\u0105 Tr\u00f3jcy \u015awi\u0119tej \u2013 zapewnia\u0142 metropolita przemyski wyliczaj\u0105c, jak wiele razy w \u017cyciu chrze\u015bcijanina Tr\u00f3jca Przenaj\u015bwi\u0119tsza jest przyzywana: podczas sakrament chrztu, bierzmowania, Eucharystii, zawierania ma\u0142\u017ce\u0144stwa, przyjmowania poszczeg\u00f3lnych stopni \u015bwi\u0119ce\u0144 kap\u0142a\u0144skich i przyjmowania sakramentu namaszczenia chorych. \u2013 Ca\u0142emu \u017cyciu chrze\u015bcija\u0144skiemu towarzyszy Tr\u00f3jca. Te trzy Osoby, zjednoczone mi\u0142o\u015bci\u0105, b\u0119d\u0105ce Mi\u0142o\u015bci\u0105, id\u0105 obok nas, s\u0105 w naszym sercu, chocia\u017c czasami Ich nie rozpoznajemy \u2013 doda\u0142.<\/p>\n<p>Kaznodzieja przypomnia\u0142, \u017ce Tr\u00f3jca \u015awi\u0119ta jest wzorem mi\u0142o\u015bci s\u0142u\u017cby, \u017cycia. \u2013 Ka\u017cde powo\u0142anie, czy do \u017cycia w rodzinie, w ma\u0142\u017ce\u0144stwie, w samotno\u015bci, czy w kap\u0142a\u0144stwie, w pos\u0142ugiwaniu biskupim, jest darem od Boga \u2013 powiedzia\u0142 hierarcha.<\/p>\n<p>Abp Szal zach\u0119ca\u0142 do oddawania Bogu czci \u201eza dar sakrament\u00f3w \u015bwi\u0119tych, za mo\u017cliwo\u015b\u0107 udzia\u0142u w tajemnicach naszej wiary\u201d. \u2013 W Tajemnicach, kt\u00f3re w\u0142\u0105czaj\u0105 nas w istot\u0119 Tr\u00f3jcy \u015awi\u0119tej \u2013 podkre\u015bli\u0142 kaznodzieja i przypomnia\u0142, \u017ce \u201ekap\u0142a\u0144ska pos\u0142uga, pos\u0142uga biskupia, jest darem, a nie jest wynikiem ludzkich zas\u0142ug\u201d.<\/p>\n<p>\u2013 Tajemnica Tr\u00f3jcy \u015awi\u0119tej uczy nas, \u017ce \u017cycie biskupa jest nie tyle urz\u0119dem czy funkcj\u0105, ale powo\u0142aniem do bycia \u015bwiadkiem Boga, kt\u00f3ry jest Mi\u0142o\u015bci\u0105 \u2013 zaznaczy\u0142 metropolita przemyski. \u2013 Czerpiemy jako biskupi, jako kap\u0142ani, jako chrze\u015bcijanie, moc ze \u0179r\u00f3d\u0142a, kt\u00f3rym jest Ojciec. Idziemy drog\u0105, kt\u00f3r\u0105 wskaza\u0142 nam Chrystus \u2013 doda\u0142.<\/p>\n<p>Abp Szal podkre\u015bli\u0142, \u017ce archidiecezja przemyska jest wielk\u0105 rodzin\u0105, w kt\u00f3rej spotykaj\u0105 si\u0119 r\u00f3\u017cne powo\u0142ania, charyzmaty i historie \u017cycia. \u2013 Dzi\u0119kujmy dzisiaj za to, \u017ce wzorem Tr\u00f3jcy \u015awi\u0119tej, trwa w naszej archidiecezji, w naszych rodzinach, w \u017cyciu zakonnym, jedno\u015b\u0107 wiernych, jedno\u015b\u0107 wiernych \u015bwieckich, jedno\u015b\u0107 os\u00f3b konsekrowanych, kap\u0142an\u00f3w i biskup\u00f3w, kt\u00f3rzy razem tworz\u0105 \u017cywy Ko\u015bci\u00f3\u0142 \u2013 zaznaczy\u0142 Jubilat. \u2013 Ka\u017cda wsp\u00f3lnota powinna by\u0107 odbiciem mi\u0142o\u015bci Boga, kt\u00f3ry jest wsp\u00f3lnot\u0105 Os\u00f3b \u2013 doda\u0142.<\/p>\n<p>Na zako\u0144czenie homilii abp Szal zach\u0119ca\u0142, aby modli\u0107 si\u0119, dzi\u0119kuj\u0105c, ale tak\u017ce przepraszaj\u0105c za to, \u017ce \u201enie zawsze potrafimy odpowiedzie\u0107 na to zobowi\u0105zanie, kt\u00f3re jest po\u0142\u0105czone z Tajemnic\u0105 Tr\u00f3jcy \u015awi\u0119tej\u201d.\u00a0 \u2013 Niech \u017cyczenie \u015bw. Paw\u0142a, kt\u00f3re dzisiaj wybrzmia\u0142o, b\u0119dzie naszym udzia\u0142em: \u0141aska Pana Jezusa Chrystusa, Mi\u0142o\u015b\u0107 Boga Ojca i udzielanie si\u0119 Ducha \u015awi\u0119tego, niech b\u0119dzie z wami wszystkimi \u2013 zako\u0144czy\u0142 hierarcha.<\/p>\n<p style=\"text-align: left;\">Na zako\u0144czenie Eucharystii abp Adam Szal, \u201ew dow\u00f3d uznania oraz wdzi\u0119czno\u015bci za wieloletni\u0105 pos\u0142ug\u0119 pastersk\u0105 w archidiecezji przemyskiej, a tak\u017ce za \u017cyczliwo\u015b\u0107 i otwarto\u015b\u0107 na potrzeby Stra\u017cy Granicznej\u201d zosta\u0142 oznaczony Z\u0142ot\u0105 Odznak\u0105 Pami\u0105tkow\u0105, kt\u00f3ra wr\u0119czy\u0142 Komendant Bieszczadzkiego Oddzia\u0142u Stra\u017cy Granicznej, gen. bryg. SG Tomasz Zybi\u0144ski. \u017byczenia metropolicie przemyskiemu z\u0142o\u017cyli tak\u017ce przedstawiciele r\u00f3\u017cnych stan\u00f3w i wsp\u00f3lnot dzia\u0142aj\u0105cych w archidiecezji przemyskiej.<\/p>\n<p style=\"text-align: right;\">\u00a0Tekst: \u0141ukasz Sztolf<\/p>\n<p style=\"text-align: center;\">\ufeff<\/p>\n<p>Abp Adam Szal urodzi\u0142 si\u0119 24 grudnia 1953 w Wysokiej. W 1972 zosta\u0142 przyj\u0119ty do Wy\u017cszego Seminarium Duchownego w Przemy\u015blu. W trakcie studi\u00f3w odby\u0142\u00a0zasadnicz\u0105 s\u0142u\u017cb\u0119 wojskow\u0105\u00a0w jednostce kleryckiej w\u00a0Bartoszycach (1972\u20131974.<\/p>\n<p>Prezbiterat i studia<\/p>\n<p>\u015awi\u0119ce\u0144 prezbiteratu udzieli\u0142 mu 31 maja 1979 w katedrze przemyskiej \u00f3wczesny biskup diecezjalny Ignacy Tokarczuk. W 1980 uzyska\u0142 na\u00a0Katolickim Uniwersytecie Lubelskim\u00a0magisterium\u00a0z\u00a0teologii. Na tej samej uczelni kontynuowa\u0142 studia z zakresu\u00a0historii Ko\u015bcio\u0142a, uko\u0144czone w 1990 uzyskaniem\u00a0doktoratu\u00a0na podstawie\u00a0dysertacji \u201eDuchowie\u0144stwo diecezji przemyskiej obrz\u0105dku \u0142aci\u0144skiego w latach 1918\u20131939\u2033.<\/p>\n<p>Praca duszpasterska i naukowa<\/p>\n<p>W latach 1979\u20131982 pos\u0142ugiwa\u0142 w parafii pw. Wniebowzi\u0119cia NMP w Lutczy (obecna diecezja rzeszowska), w latach 1982\u20131984 w parafii pw. Tr\u00f3jcy \u015awi\u0119tej w Kro\u015bnie, a w latach 1987\u20131988 w parafii pw. Ducha \u015awi\u0119tego w Przeworsku.<\/p>\n<p>W 1988 zosta\u0142 dyrektorem Biblioteki Wy\u017cszego Seminarium Duchownego w Przemy\u015blu i wyk\u0142adowc\u0105 historii Ko\u015bcio\u0142a w Instytucie Teologicznym w Przemy\u015blu. Od 1991 by\u0142 prefektem alumn\u00f3w Wy\u017cszego Seminarium Duchownego w Przemy\u015blu, a w latach 1996\u20132001 piastowa\u0142 stanowisko rektora przemyskiego seminarium. W 1999 zosta\u0142 kanonikiem gremialnym Przemyskiej Kapitu\u0142y Metropolitalnej, a w 2005 obj\u0105\u0142 w niej funkcj\u0119 prepozyta.<\/p>\n<p>Pos\u0142uga biskupia<\/p>\n<p>16 listopada 2000 papie\u017c\u00a0Jan Pawe\u0142 II\u00a0mianowa\u0142 go\u00a0biskupem pomocniczym\u00a0archidiecezji przemyskiej\u00a0ze\u00a0stolic\u0105 tytularn\u0105\u00a0Lavellum.\u00a0\u015awi\u0119cenia biskupie\u00a0otrzyma\u0142 23 grudnia 2000 w\u00a0bazylice archikatedralnej Wniebowzi\u0119cia Naj\u015bwi\u0119tszej Maryi Panny i \u015bw. Jana Chrzciciela w Przemy\u015blu. G\u0142\u00f3wnym konsekratorem by\u0142 abp. J\u00f3zef Michalik, arcybiskup metropolita przemyski, a wsp\u00f3\u0142konsekratorami bp. Stefan Moskwa, biskup pomocniczy przemyski, i bp. Edward Bia\u0142og\u0142owski, biskup pomocniczy rzeszowski. Jako zawo\u0142anie biskupie przyj\u0105\u0142 s\u0142owa \u201eGloria Tibi Trinitas\u201d (Chwa\u0142a Tobie, Tr\u00f3jco \u015awi\u0119ta). W archidiecezji przemyskiej obj\u0105\u0142 urz\u0105d\u00a0wikariusza generalnego.<\/p>\n<p>Metropolita przemyski<\/p>\n<p>30 kwietnia 2016 roku papie\u017c Franciszek\u00a0mianowa\u0142 go arcybiskupem metropolit\u0105 przemyskim. Urz\u0105d kanonicznie przej\u0105\u0142 11 maja 2016 roku, natomiast\u00a0ingres\u00a0do archikatedry przemyskiej odby\u0142 21 maja 2016. 29 czerwca 2016 odebra\u0142 od papie\u017ca Franciszka\u00a0paliusz, kt\u00f3ry 2 lipca 2016 roku w archikatedrze przemyskiej, wedle obowi\u0105zuj\u0105cego wtedy zwyczaju, na\u0142o\u017cy\u0142 mu arcybiskup Celestino Migliore, nuncjusz apostolski w Polsce.<\/p>\n<p>Funkcje w Konferencji Episkopatu Polski<\/p>\n<p>W strukturach\u00a0Konferencji Episkopatu Polski\u00a0w latach 2007\u20132017 by\u0142 delegatem ds.\u00a0Ruchu \u015awiat\u0142o-\u017bycie. W 2001 zosta\u0142 cz\u0142onkiem Rady (p\u00f3\u017aniej Komisji) ds. Misji, w latach 2008\u20132014 zasiada\u0142 w Komisji ds. M\u0142odzie\u017cy, a w 2018 wszed\u0142 w sk\u0142ad Zespo\u0142u ds. Apostolstwa Trze\u017awo\u015bci i Os\u00f3b Uzale\u017cnionych,\u00a0do\u0142\u0105czy\u0142 tak\u017ce do sk\u0142adu Komisji Duszpasterstwa. Ponadto zosta\u0142 cz\u0142onkiem Komisji Nadzorczej Krajowego Biura Organizacyjnego\u00a0\u015awiatowych Dni M\u0142odzie\u017cy.<\/p>\n<p>Konsekracje biskupie<\/p>\n<p>W 2020 konsekrowa\u0142 biskupa pomocniczego przemyskiego\u00a0Krzysztofa Chudzia. By\u0142 wsp\u00f3\u0142konsekratorem podczas\u00a0sakr\u00a0biskupa pomocniczego przemyskiego\u00a0Stanis\u0142awa Jamrozka\u00a0(2013) i nuncjusza apostolskiego w Angoli oraz na Wyspach \u015awi\u0119tego Tomasza i Ksi\u0105\u017c\u0119cej\u00a0Kryspina Dubiela (2024).<\/p>\n<p style=\"text-align: right;\">Zdj\u0119cia: kl. Krzysztof Zawada \/ WSD Przemy\u015bl<\/p>\n","protected":false},"excerpt":{"rendered":"W sobot\u0119, 20 grudnia 2025 r., podczas uroczystej Eucharystii sprawowanej w Bazylice Archikatedralnej w Przemy\u015blu wierni i duchowie\u0144stwo&hellip;\n","protected":false},"author":2,"featured_media":161765,"comment_status":"","ping_status":"","sticky":false,"template":"","format":"standard","meta":{"footnotes":""},"categories":[5],"tags":[32004,32005,32006,32007,32,33,32008,36,37,27,258,34,35,32009,32011,28,31,25,42,38,40,39,41,352,6008,32010,29,30,26,1092],"class_list":{"0":"post-161764","1":"post","2":"type-post","3":"status-publish","4":"format-standard","5":"has-post-thumbnail","7":"category-naglowki","8":"tag-abp-adam-szal","9":"tag-archidiecezja-przemyska","10":"tag-bazylika-archikatedralna-w-przemyslu","11":"tag-biskupstwo","12":"tag-breaking-news","13":"tag-breakingnews","14":"tag-dziekczynienie","15":"tag-featured-news","16":"tag-featurednews","17":"tag-headlines","18":"tag-jubileusz","19":"tag-latest-news","20":"tag-latestnews","21":"tag-metropolita-przemyski","22":"tag-minione","23":"tag-naglowki","24":"tag-najwazniejsze-artykuly","25":"tag-news","26":"tag-pl","27":"tag-poland","28":"tag-polish","29":"tag-polska","30":"tag-polski","31":"tag-przemysl","32":"tag-rocznica","33":"tag-sakra","34":"tag-top-stories","35":"tag-topstories","36":"tag-wiadomosci","37":"tag-wydarzenia"},"share_on_mastodon":{"url":"https:\/\/pubeurope.com\/@pl\/115752551455235517","error":""},"_links":{"self":[{"href":"https:\/\/www.europesays.com\/pl\/wp-json\/wp\/v2\/posts\/161764","targetHints":{"allow":["GET"]}}],"collection":[{"href":"https:\/\/www.europesays.com\/pl\/wp-json\/wp\/v2\/posts"}],"about":[{"href":"https:\/\/www.europesays.com\/pl\/wp-json\/wp\/v2\/types\/post"}],"author":[{"embeddable":true,"href":"https:\/\/www.europesays.com\/pl\/wp-json\/wp\/v2\/users\/2"}],"replies":[{"embeddable":true,"href":"https:\/\/www.europesays.com\/pl\/wp-json\/wp\/v2\/comments?post=161764"}],"version-history":[{"count":0,"href":"https:\/\/www.europesays.com\/pl\/wp-json\/wp\/v2\/posts\/161764\/revisions"}],"wp:featuredmedia":[{"embeddable":true,"href":"https:\/\/www.europesays.com\/pl\/wp-json\/wp\/v2\/media\/161765"}],"wp:attachment":[{"href":"https:\/\/www.europesays.com\/pl\/wp-json\/wp\/v2\/media?parent=161764"}],"wp:term":[{"taxonomy":"category","embeddable":true,"href":"https:\/\/www.europesays.com\/pl\/wp-json\/wp\/v2\/categories?post=161764"},{"taxonomy":"post_tag","embeddable":true,"href":"https:\/\/www.europesays.com\/pl\/wp-json\/wp\/v2\/tags?post=161764"}],"curies":[{"name":"wp","href":"https:\/\/api.w.org\/{rel}","templated":true}]}}