{"id":161770,"date":"2025-12-20T15:18:14","date_gmt":"2025-12-20T15:18:14","guid":{"rendered":"https:\/\/www.europesays.com\/pl\/161770\/"},"modified":"2025-12-20T15:18:14","modified_gmt":"2025-12-20T15:18:14","slug":"mpk-odebralo-komplet-nowych-dwukierunkowych-tramwajow-gamma","status":"publish","type":"post","link":"https:\/\/www.europesays.com\/pl\/161770\/","title":{"rendered":"MPK odebra\u0142o komplet nowych, dwukierunkowych tramwaj\u00f3w Gamma"},"content":{"rendered":"<p id=\"breadcrumbs\"><a href=\"https:\/\/codziennypoznan.pl\/\" rel=\"nofollow noopener\" target=\"_blank\">Strona g\u0142\u00f3wna<\/a> \u00bb <a href=\"https:\/\/codziennypoznan.pl\/blog\/\" rel=\"nofollow noopener\" target=\"_blank\">Blog<\/a> \u00bb <a href=\"https:\/\/codziennypoznan.pl\/kategoria\/wiadomosci\/\" rel=\"nofollow noopener\" target=\"_blank\">Wiadomo\u015bci<\/a> \u00bb MPK odebra\u0142o komplet nowych, dwukierunkowych tramwaj\u00f3w Gamma<\/p>\n<p>MPK Pozna\u0144 zako\u0144czy\u0142o odbi\u00f3r wszystkich zam\u00f3wionych tramwaj\u00f3w Moderus Gamma LF 04 AC BD \u2013 i to a\u017c p\u00f3\u0142 roku wcze\u015bniej, ni\u017c zak\u0142ada\u0142 pierwotny harmonogram. Trzydzie\u015bci nowoczesnych, niskopod\u0142ogowych i dwukierunkowych pojazd\u00f3w ju\u017c dzi\u015b wzmacnia flot\u0119 miejskiego przewo\u017anika, realnie poprawiaj\u0105c dost\u0119pno\u015b\u0107 transportu publicznego w ca\u0142ym mie\u015bcie.<\/p>\n<p>Przez Codzienny Pozna\u0144 fot. MPK Pozna\u0144W <a href=\"https:\/\/codziennypoznan.pl\/kategoria\/wiadomosci\/\" rel=\"category tag nofollow noopener\" target=\"_blank\">Wiadomo\u015bci<\/a>Dnia 19 grudnia, 2025<img decoding=\"async\" data-lazyloaded=\"1\" loading=\"lazy\" width=\"1170\" height=\"650\" src=\"https:\/\/www.europesays.com\/pl\/wp-content\/uploads\/2025\/12\/pictures-2-3-1170x650.jpeg\" class=\"attachment-kava-thumb-l size-kava-thumb-l wp-post-image\" alt=\"\"\/><\/p>\n","protected":false},"excerpt":{"rendered":"Strona g\u0142\u00f3wna \u00bb Blog \u00bb Wiadomo\u015bci \u00bb MPK odebra\u0142o komplet nowych, dwukierunkowych tramwaj\u00f3w Gamma MPK Pozna\u0144 zako\u0144czy\u0142o odbi\u00f3r&hellip;\n","protected":false},"author":2,"featured_media":161771,"comment_status":"","ping_status":"","sticky":false,"template":"","format":"standard","meta":{"footnotes":""},"categories":[16],"tags":[113,112,32013,27167,42,38,40,39,41],"class_list":{"0":"post-161770","1":"post","2":"type-post","3":"status-publish","4":"format-standard","5":"has-post-thumbnail","7":"category-biznes","8":"tag-biznes","9":"tag-business","10":"tag-moderus-gamma","11":"tag-nowe-tramwaje","12":"tag-pl","13":"tag-poland","14":"tag-polish","15":"tag-polska","16":"tag-polski"},"share_on_mastodon":{"url":"https:\/\/pubeurope.com\/@pl\/115752567461436692","error":""},"_links":{"self":[{"href":"https:\/\/www.europesays.com\/pl\/wp-json\/wp\/v2\/posts\/161770","targetHints":{"allow":["GET"]}}],"collection":[{"href":"https:\/\/www.europesays.com\/pl\/wp-json\/wp\/v2\/posts"}],"about":[{"href":"https:\/\/www.europesays.com\/pl\/wp-json\/wp\/v2\/types\/post"}],"author":[{"embeddable":true,"href":"https:\/\/www.europesays.com\/pl\/wp-json\/wp\/v2\/users\/2"}],"replies":[{"embeddable":true,"href":"https:\/\/www.europesays.com\/pl\/wp-json\/wp\/v2\/comments?post=161770"}],"version-history":[{"count":0,"href":"https:\/\/www.europesays.com\/pl\/wp-json\/wp\/v2\/posts\/161770\/revisions"}],"wp:featuredmedia":[{"embeddable":true,"href":"https:\/\/www.europesays.com\/pl\/wp-json\/wp\/v2\/media\/161771"}],"wp:attachment":[{"href":"https:\/\/www.europesays.com\/pl\/wp-json\/wp\/v2\/media?parent=161770"}],"wp:term":[{"taxonomy":"category","embeddable":true,"href":"https:\/\/www.europesays.com\/pl\/wp-json\/wp\/v2\/categories?post=161770"},{"taxonomy":"post_tag","embeddable":true,"href":"https:\/\/www.europesays.com\/pl\/wp-json\/wp\/v2\/tags?post=161770"}],"curies":[{"name":"wp","href":"https:\/\/api.w.org\/{rel}","templated":true}]}}