{"id":161821,"date":"2025-12-20T15:51:12","date_gmt":"2025-12-20T15:51:12","guid":{"rendered":"https:\/\/www.europesays.com\/pl\/161821\/"},"modified":"2025-12-20T15:51:12","modified_gmt":"2025-12-20T15:51:12","slug":"kaminska-mowi-o-relacji-z-mlodym-wlochem-planuja-slub","status":"publish","type":"post","link":"https:\/\/www.europesays.com\/pl\/161821\/","title":{"rendered":"Kami\u0144ska m\u00f3wi o relacji z M\u0141ODYM W\u0141OCHEM. Planuj\u0105 \u015blub?"},"content":{"rendered":"\n<p>Julia Kami\u0144ska zdoby\u0142a popularno\u015b\u0107 dzi\u0119ki roli w\u00a0<a href=\"https:\/\/www.pudelek.pl\/tag\/brzydula\/\" rel=\"noopener noreferrer nofollow\" target=\"_blank\">&#8222;BrzydUli&#8221;<\/a>, gdzie wciela\u0142a si\u0119 w\u00a0tytu\u0142ow\u0105 posta\u0107 Urszuli Cieplak. Na przestrzeni lat aktorka gra\u0142a tak\u017ce w\u00a0teatrze i\u00a0anga\u017cowa\u0142a si\u0119 w\u00a0szereg telewizyjnych projekt\u00f3w. Wyst\u0105pi\u0142a m.in. w\u00a0&#8222;Ta\u0144cu z\u00a0Gwiazdami&#8221; czy show <a href=\"https:\/\/www.pudelek.pl\/internauci-krytykuja-wystep-julii-kaminskiej-i-wesza-spisek-w-twoja-twarz-brzmi-znajomo-zenada-towarzystwo-wzajemnej-adoracji-6887611781458880a\" rel=\"noopener noreferrer nofollow\" target=\"_blank\">&#8222;Twoja twarz brzmi znajomo&#8221;.<\/a> Spe\u0142nia si\u0119 te\u017c jako wokalistka. W\u00a0zesz\u0142ym roku wyda\u0142a album.<\/p>\n<p>Zobacz: <a href=\"https:\/\/www.pudelek.pl\/organizator-odwolanego-koncertu-julii-kaminskiej-ujawnia-decyzje-zostaly-podyktowane-razaco-niska-sprzedaza-biletow-7149209862777440a\" rel=\"noopener noreferrer nofollow\" target=\"_blank\">Organizator odwo\u0142anego koncertu Julii Kami\u0144skiej ujawnia: &#8222;Decyzje zosta\u0142y podyktowane RA\u017b\u0104CO NISK\u0104 sprzeda\u017c\u0105 bilet\u00f3w&#8230;&#8221;<\/a> <\/p>\n<p>Julia Kami\u0144ska m\u00f3wi, czy jest singielk\u0105 i\u00a0zdradza, \u017ce uwielbia przeklina\u0107! &#8222;Matkowa\u0142a&#8221; kiedy\u015b partnerowi? <\/p>\n<p>  <img role=\"presentation\" class=\"absolute left-1\/2 top-1\/2 max-h-[80%] max-w-[100px] -translate-x-1\/2 -translate-y-1\/2\" src=\"https:\/\/v.wpimg.pl\/ZXJfd3AudTkrBBIAbg54LGhcRlAxHQUrPgJGH2MAeGJoSQ1eIBI_K2UHAEVuBTY5KQMMXC0RPyoVERQdMgM9ejc\" loading=\"lazy\" decoding=\"async\"\/> <\/p>\n<p>Je\u017celi chodzi o\u00a0prywatno\u015b\u0107, wszechstronna artystka nie jest zbyt wylewna. Julka od pocz\u0105tku kariery skrz\u0119tnie chroni tej sfery \u017cycia. Wiadomo jednak, \u017ce przez ponad dekad\u0119 by\u0142a zwi\u0105zana z Piotrem Jaskiem, z\u00a0kt\u00f3rym <a href=\"https:\/\/www.pudelek.pl\/julia-kaminska-chwali-sie-na-instagramie-nowym-ciachem-co-sie-stalo-z-piotrem-jaskiem-zdjecia-6812203202673376a\" rel=\"noopener noreferrer nofollow\" target=\"_blank\">rozsta\u0142a si\u0119 w\u00a02022 roku.<\/a><\/p>\n<p>Zobacz te\u017c: <a href=\"https:\/\/www.pudelek.pl\/julia-kaminska-wspomina-rozstanie-z-piotrem-jaskiem-to-byla-moja-wielka-porazka-tak-to-wtedy-postrzegalam-6967580105161600a?pvclid=01KCY11SMR1Y9TREYNNQDRRMJC\" rel=\"noopener noreferrer nofollow\" target=\"_blank\">Julia Kami\u0144ska wspomina ROZSTANIE z\u00a0Piotrem Jaskiem: &#8222;To by\u0142a moja wielka pora\u017cka. Tak to wtedy postrzega\u0142am&#8221;<\/a> <\/p>\n<p>Julia Kami\u0144ska zn\u00f3w zakochana <\/p>\n<p>Wkr\u00f3tce media zacz\u0119\u0142y rozpisywa\u0107 si\u0119 o\u00a0jej <a href=\"https:\/\/www.pudelek.pl\/tygodnik-ujawnia-kim-jest-nowy-partner-julii-kaminskiej-to-byla-milosc-od-pierwszego-wejrzenia-6815461097995072a\" rel=\"noopener noreferrer nofollow\" target=\"_blank\">nowym partnerze Roie Weinsteinie<\/a>. Zwi\u0105zek jednak nie przetrwa\u0142 pr\u00f3by czasu. Od jakiego\u015b czasu m\u00f3wi si\u0119 o\u00a0tym, \u017ce w\u00a0\u017cyciu Kami\u0144skiej pojawi\u0142 si\u0119 kolejny m\u0119\u017cczyzna. W zesz\u0142ym miesi\u0105cu &#8222;przy\u0142apano&#8221; ich na <a href=\"https:\/\/www.pudelek.pl\/julia-kaminska-imprezuje-z-ukochanym-pod-oslona-nocy-wpadl-tez-piotr-stramowski-z-partnerka-zdjecia-7217491861367392g\" rel=\"noopener noreferrer nofollow\" target=\"_blank\">wsp\u00f3lnym imprezowaniu w\u00a0Warszawie.<\/a> Zakochani nie szcz\u0119dzili sobie czu\u0142o\u015bci.<\/p>\n<p> <img role=\"presentation\" class=\"absolute left-1\/2 top-1\/2 max-h-[80%] max-w-[100px] -translate-x-1\/2 -translate-y-1\/2\" src=\"https:\/\/v.wpimg.pl\/ZXJfd3AudTkrBBIAbg54LGhcRlAxHQUrPgJGH2MAeGJoSQ1eIBI_K2UHAEVuBTY5KQMMXC0RPyoVERQdMgM9ejc\" loading=\"lazy\" decoding=\"async\"\/><\/p>\n<p>Julia Kami\u0144ska opowiada o\u00a0pocz\u0105tkach relacji z\u00a0nowym partnerem <\/p>\n<p>Niedawno 38-latka udzieli\u0142a wywiadu, w\u00a0kt\u00f3rym nieco otworzy\u0142a si\u0119 na temat nowej mi\u0142o\u015bci. Okazuje si\u0119, \u017ce m\u0119\u017cczyzna to o kilka lat m\u0142odszy od niej W\u0142och, kt\u00f3ry jest osob\u0105 spoza bran\u017cy showbiznesowej, w\u00a0zwi\u0105zku z\u00a0czym gwiazda nie pokazuje go publicznie. Wybranek jej serca pracuje pono\u0107 jako informatyk. Oto jak si\u0119 poznali:<\/p>\n<p>Poznali\u015bmy si\u0119 w\u00a0Warszawie, w\u00a0kt\u00f3rej by\u0142 przejazdem i\u00a0jako\u015b na tyle fajnie nam si\u0119 gada\u0142o, \u017ce zdecydowa\u0142 si\u0119 wr\u00f3ci\u0107. No i\u00a0tak ju\u017c si\u0119 spotykamy od d\u0142u\u017cszego czasu, dlatego te\u017c ju\u017c nie boj\u0119 si\u0119 o\u00a0tym m\u00f3wi\u0107 &#8211;\u00a0m\u00f3wi\u0142a w\u00a0podca\u015bcie &#8222;Damian\u2019s Corner&#8221;.<\/p>\n<p>Celebrytka przyzna\u0142a, \u017ce pocz\u0105tkowo podchodzi\u0142a do relacji ostro\u017cnie. Stwierdzi\u0142a, \u017ce gdyby nie zdj\u0119cia paparazzi najpewniej w\u00a0og\u00f3le nie opowiada\u0142aby o\u00a0chc\u0105cym strzec prywatno\u015bci\u00a0ukochanym.<\/p>\n<p> <img role=\"presentation\" class=\"absolute left-1\/2 top-1\/2 max-h-[80%] max-w-[100px] -translate-x-1\/2 -translate-y-1\/2\" src=\"https:\/\/v.wpimg.pl\/ZXJfd3AudTkrBBIAbg54LGhcRlAxHQUrPgJGH2MAeGJoSQ1eIBI_K2UHAEVuBTY5KQMMXC0RPyoVERQdMgM9ejc\" loading=\"lazy\" decoding=\"async\"\/> <\/p>\n<p>Na pocz\u0105tku nie wiedzia\u0142am, w\u00a0kt\u00f3r\u0105 stron\u0119 to p\u00f3jdzie, a\u00a0wiadomo, jak to jest z\u00a0relacjami. Kiedy oswajamy si\u0119 z\u00a0drug\u0105 osob\u0105 i\u00a0ro\u015bnie zaufanie, te wszystkie strachy staj\u0105 si\u0119 mniejsze. Pewnie w\u00a0og\u00f3le nie ujawnia\u0142abym tej relacji i\u00a0nie rozmawia\u0142yby\u015bmy o\u00a0tym, gdyby nie to, \u017ce zrobiono nam zdj\u0119cia w\u00a0prywatnej sytuacji &#8211;\u00a0zaznaczy\u0142a.<\/p>\n<p>Julia Kami\u0144ska planuje \u015blub? <\/p>\n<p>Gdy pad\u0142o pytanie o\u00a0plany \u015blubne, Julia odnios\u0142a si\u0119 do swojej wypowiedzi sprzed lat.<\/p>\n<p>To trudna sprawa, dlatego \u017ce kiedy\u015b powiedzia\u0142am, \u017ce nie wezm\u0119 \u015blubu, dop\u00f3ki w\u00a0Polsce nie b\u0119dzie zwi\u0105zk\u00f3w partnerskich. W\u00a0zwi\u0105zku z\u00a0czym, no niestety politycy nas zawodz\u0105 i\u00a0ja ca\u0142y czas czekam. A\u00a0je\u017celi si\u0119 uda, to b\u0119d\u0119 bardzo szcz\u0119\u015bliwa &#8211;\u00a0podsumowa\u0142a.<\/p>\n<p> <img role=\"presentation\" class=\"absolute left-1\/2 top-1\/2 max-h-[80%] max-w-[100px] -translate-x-1\/2 -translate-y-1\/2\" src=\"https:\/\/v.wpimg.pl\/ZXJfd3AudTkrBBIAbg54LGhcRlAxHQUrPgJGH2MAeGJoSQ1eIBI_K2UHAEVuBTY5KQMMXC0RPyoVERQdMgM9ejc\" loading=\"lazy\" decoding=\"async\"\/> <\/p>\n<p>My\u015blicie, \u017ce kiedy\u015b si\u0119 doczeka?<\/p>\n<p>Przypominamy: <a href=\"https:\/\/www.pudelek.pl\/anna-mucha-apeluje-w-najnowszym-poscie-zadamy-zwiazkow-partnerskich-foto-7038833574669056a\" rel=\"noopener noreferrer nofollow\" target=\"_blank\">Anna Mucha apeluje w\u00a0najnowszym po\u015bcie: &#8222;\u017b\u0105damy ZWI\u0104ZK\u00d3W PARTNERSKICH!&#8221;. W\u00a0komentarzach afera (FOTO)<\/a> <\/p>\n<p>     <img decoding=\"async\" src=\"https:\/\/www.europesays.com\/pl\/wp-content\/uploads\/2025\/12\/YzI4NDYxdhsoVjh3dgN7DmsObC0wWnVYPBZ0ZnYbdkt6B3o8a0hpSmZSJyg8CjwKJhopNiwIOA05Gj4odhkpE2ZCf2s9ESoKJVU3.jpeg\" width=\"1334\" height=\"2000\" loading=\"lazy\" class=\"wp-media-image\" alt=\"Julia Kami\u0144ska\" data-lightbox=\"true\"\/> Julia Kami\u0144ska \u00a9 AKPA | AKPA <img role=\"presentation\" class=\"absolute left-1\/2 top-1\/2 max-h-[80%] max-w-[100px] -translate-x-1\/2 -translate-y-1\/2\" src=\"https:\/\/v.wpimg.pl\/ZXJfd3AudTkrBBIAbg54LGhcRlAxHQUrPgJGH2MAeGJoSQ1eIBI_K2UHAEVuBTY5KQMMXC0RPyoVERQdMgM9ejc\" loading=\"lazy\" decoding=\"async\"\/>     <img decoding=\"async\" src=\"https:\/\/www.europesays.com\/pl\/wp-content\/uploads\/2025\/12\/MWEzYTg3YjYkGC9nSEhvI2dAez0OEWF1MFhjdkhQYmV1SmksVgB-ZGocMDgCQSgnKlQ-JhJDLCA1VCk4SFI9PmoMaHsDWj4nKRsg.jpeg\" width=\"2000\" height=\"1333\" loading=\"lazy\" class=\"wp-media-image\" alt=\"Julia Kami\u0144ska\" data-lightbox=\"true\"\/> Julia Kami\u0144ska \u00a9 AKPA | AKPA     <img decoding=\"async\" src=\"https:\/\/www.europesays.com\/pl\/wp-content\/uploads\/2025\/12\/ODQxNzhmYCUwGjhJRxZtMHNCbBMBT2NmJFp0WEcOYHViS30CWl1_dH4eJxYNHyo0PlYpCB0dLjMhVj4WRww_LX4Of1UMBDw0PRk3.jpeg\" width=\"1333\" height=\"2000\" loading=\"lazy\" class=\"wp-media-image\" alt=\"Julia Kami\u0144ska\" data-lightbox=\"true\"\/> Julia Kami\u0144ska \u00a9 AKPA | AKPA     <img decoding=\"async\" src=\"https:\/\/www.europesays.com\/pl\/wp-content\/uploads\/2025\/12\/ZDMzMDBldSUsGDt3bRd4MG9Aby0rTnZmOFh3Zm0PdXV-SX48cFxqdGIcJCgnHj80IlQqNjccOzM9VD0obQ0qLWIMfGsmBSk0IRs0.jpeg\" width=\"1333\" height=\"2000\" loading=\"lazy\" class=\"wp-media-image\" alt=\"Julia Kami\u0144ska\" data-lightbox=\"true\"\/> Julia Kami\u0144ska \u00a9 AKPA | AKPA <img role=\"presentation\" class=\"absolute left-1\/2 top-1\/2 max-h-[80%] max-w-[100px] -translate-x-1\/2 -translate-y-1\/2\" src=\"https:\/\/v.wpimg.pl\/ZXJfd3AudTkrBBIAbg54LGhcRlAxHQUrPgJGH2MAeGJoSQ1eIBI_K2UHAEVuBTY5KQMMXC0RPyoVERQdMgM9ejc\" loading=\"lazy\" decoding=\"async\"\/>     <img decoding=\"async\" src=\"https:\/\/www.europesays.com\/pl\/wp-content\/uploads\/2025\/12\/MTAzZjczYjUgGCxZTAFvIGNAeAMKWGF2NFhgSEwZYmZxSmoSUkl-Z24cMwYGCCgkLlQ9GBYKLCMxVCoGTBs9PW4Ma0UHEz4kLRsj.jpeg\" width=\"2000\" height=\"1333\" loading=\"lazy\" class=\"wp-media-image\" alt=\"Julia Kami\u0144ska\" data-lightbox=\"true\"\/> Julia Kami\u0144ska \u00a9 AKPA | AKPA<\/p>\n","protected":false},"excerpt":{"rendered":"Julia Kami\u0144ska zdoby\u0142a popularno\u015b\u0107 dzi\u0119ki roli w\u00a0&#8222;BrzydUli&#8221;, gdzie wciela\u0142a si\u0119 w\u00a0tytu\u0142ow\u0105 posta\u0107 Urszuli Cieplak. Na przestrzeni lat aktorka&hellip;\n","protected":false},"author":2,"featured_media":161822,"comment_status":"","ping_status":"","sticky":false,"template":"","format":"standard","meta":{"footnotes":""},"categories":[22],"tags":[122,42,38,40,39,41,123],"class_list":{"0":"post-161821","1":"post","2":"type-post","3":"status-publish","4":"format-standard","5":"has-post-thumbnail","7":"category-rozrywka","8":"tag-entertainment","9":"tag-pl","10":"tag-poland","11":"tag-polish","12":"tag-polska","13":"tag-polski","14":"tag-rozrywka"},"share_on_mastodon":{"url":"https:\/\/pubeurope.com\/@pl\/115752697269331215","error":""},"_links":{"self":[{"href":"https:\/\/www.europesays.com\/pl\/wp-json\/wp\/v2\/posts\/161821","targetHints":{"allow":["GET"]}}],"collection":[{"href":"https:\/\/www.europesays.com\/pl\/wp-json\/wp\/v2\/posts"}],"about":[{"href":"https:\/\/www.europesays.com\/pl\/wp-json\/wp\/v2\/types\/post"}],"author":[{"embeddable":true,"href":"https:\/\/www.europesays.com\/pl\/wp-json\/wp\/v2\/users\/2"}],"replies":[{"embeddable":true,"href":"https:\/\/www.europesays.com\/pl\/wp-json\/wp\/v2\/comments?post=161821"}],"version-history":[{"count":0,"href":"https:\/\/www.europesays.com\/pl\/wp-json\/wp\/v2\/posts\/161821\/revisions"}],"wp:featuredmedia":[{"embeddable":true,"href":"https:\/\/www.europesays.com\/pl\/wp-json\/wp\/v2\/media\/161822"}],"wp:attachment":[{"href":"https:\/\/www.europesays.com\/pl\/wp-json\/wp\/v2\/media?parent=161821"}],"wp:term":[{"taxonomy":"category","embeddable":true,"href":"https:\/\/www.europesays.com\/pl\/wp-json\/wp\/v2\/categories?post=161821"},{"taxonomy":"post_tag","embeddable":true,"href":"https:\/\/www.europesays.com\/pl\/wp-json\/wp\/v2\/tags?post=161821"}],"curies":[{"name":"wp","href":"https:\/\/api.w.org\/{rel}","templated":true}]}}