{"id":161958,"date":"2025-12-20T17:23:05","date_gmt":"2025-12-20T17:23:05","guid":{"rendered":"https:\/\/www.europesays.com\/pl\/161958\/"},"modified":"2025-12-20T17:23:05","modified_gmt":"2025-12-20T17:23:05","slug":"dave-the-diver-zachwyci-nowym-dlc-przygoda-w-dzungli-zapowiada-sie-wybitnie","status":"publish","type":"post","link":"https:\/\/www.europesays.com\/pl\/161958\/","title":{"rendered":"Dave the Diver zachwyci nowym DLC? Przygoda w d\u017cungli zapowiada si\u0119 WYBITNIE"},"content":{"rendered":"<p><a href=\"https:\/\/www.ppe.pl\/gry\/dave-the-diver\/17057\" rel=\"nofollow noopener\" target=\"_blank\">Dave the Diver<\/a> od d\u0142u\u017cszego czasu uchodzi za jedn\u0105 z najciekawszych i najbardziej charakterystycznych gier ostatnich lat &#8211; produkcj\u0119, kt\u00f3ra \u0142\u0105czy relaksuj\u0105c\u0105 zabaw\u0119, humor, eksploracj\u0119 oraz przyjemn\u0105 progresj\u0119. Tw\u00f3rcy z MINTROCKET regularnie udowadniaj\u0105, \u017ce nie zamierzaj\u0105 zwalnia\u0107 tempa, a ich najnowszy materia\u0142 \u201eDeveloper Dive\u201d jeszcze mocniej podkr\u0119ci\u0142 oczekiwania spo\u0142eczno\u015bci. Studio podsumowa\u0142o 2025 rok i zapowiedzia\u0142o co\u015b, co mo\u017ce sta\u0107 si\u0119 najwi\u0119kszym krokiem naprz\u00f3d w historii gry.<\/p>\n<p>Wideo przynios\u0142o bowiem solidn\u0105 dawk\u0119 konkret\u00f3w o nowym dodatku \u201eIn the Jungle\u201d, kt\u00f3ry zadebiutuje na pocz\u0105tku 2026 roku i zaoferuje oko\u0142o 10 godzin \u015bwie\u017cej zawarto\u015bci. DLC przeniesie nas w zupe\u0142nie nowe \u015brodowisko &#8211; do \u015bwiata w\u00f3d s\u0142odkich &#8211; gdzie Dave zaw\u0119druje do nowej bazy wypadowej w d\u017cungli, pozna mieszka\u0144c\u00f3w wioski Utara i podejmie si\u0119 nowych zada\u0144. Gracze mog\u0105 liczy\u0107 na \u015bwie\u017ce systemy rozgrywki, nowy restauracyjny projekt w postaci Bancho Grill, zmiany w strukturze poruszania si\u0119, nowe minigry, a tak\u017ce \u015bwie\u017cy arsena\u0142 z Jungle Gun na czele, pozwalaj\u0105cy dopasowa\u0107 styl walki do sytuacji.\u00a0<\/p>\n<p>    Dalsza cz\u0119\u015b\u0107 tekstu pod wideo<\/p>\n<p>To jednak nie koniec wie\u015bci &#8211; zapowiedziano r\u00f3wnie\u017c wersj\u0119 mobiln\u0105 gry, kt\u00f3ra nie b\u0119dzie prostym portem, ale produkcj\u0105 przebudowan\u0105 pod dotyk i specyfik\u0119 smartfon\u00f3w, najpierw debiutuj\u0105c w Chinach, a p\u00f3\u017aniej globalnie w 2026 roku. Patrz\u0105c na skal\u0119 plan\u00f3w, rozw\u00f3j spo\u0142eczno\u015bci i odwag\u0119 w wprowadzaniu zmian, mo\u017cna spodziewa\u0107 si\u0119, \u017ce przed Dave\u2019em jeszcze d\u0142uga i naprawd\u0119 ciekawa przysz\u0142o\u015b\u0107. Jak Wam si\u0119 podobaj\u0105 zapowiedzi \u201eIn the Jungle\u201d?<\/p>\n<p>        <img loading=\"lazy\" decoding=\"async\" src=\"https:\/\/www.europesays.com\/pl\/wp-content\/uploads\/2025\/12\/1766169616_588_B32963402.414688363;dc_trk_aid=607216972;dc_trk_cid=228291445;ord=[timestamp];dc_lat=;dc_rdid=;tag_f.gif\" attributionsrc=\"\" border=\"0\" height=\"1\" width=\"1\" alt=\"Advertisement\"\/><\/p>\n","protected":false},"excerpt":{"rendered":"Dave the Diver od d\u0142u\u017cszego czasu uchodzi za jedn\u0105 z najciekawszych i najbardziej charakterystycznych gier ostatnich lat &#8211;&hellip;\n","protected":false},"author":2,"featured_media":161959,"comment_status":"","ping_status":"","sticky":false,"template":"","format":"standard","meta":{"footnotes":""},"categories":[20],"tags":[120,118,119,42,38,40,39,41,116,114,115,121,117],"class_list":{"0":"post-161958","1":"post","2":"type-post","3":"status-publish","4":"format-standard","5":"has-post-thumbnail","7":"category-nauka-i-technika","8":"tag-nauka","9":"tag-nauka-i-technika","10":"tag-naukatechnika","11":"tag-pl","12":"tag-poland","13":"tag-polish","14":"tag-polska","15":"tag-polski","16":"tag-science","17":"tag-science-and-technology","18":"tag-sciencetechnology","19":"tag-technika","20":"tag-technology"},"share_on_mastodon":{"url":"https:\/\/pubeurope.com\/@pl\/115753058955675245","error":""},"_links":{"self":[{"href":"https:\/\/www.europesays.com\/pl\/wp-json\/wp\/v2\/posts\/161958","targetHints":{"allow":["GET"]}}],"collection":[{"href":"https:\/\/www.europesays.com\/pl\/wp-json\/wp\/v2\/posts"}],"about":[{"href":"https:\/\/www.europesays.com\/pl\/wp-json\/wp\/v2\/types\/post"}],"author":[{"embeddable":true,"href":"https:\/\/www.europesays.com\/pl\/wp-json\/wp\/v2\/users\/2"}],"replies":[{"embeddable":true,"href":"https:\/\/www.europesays.com\/pl\/wp-json\/wp\/v2\/comments?post=161958"}],"version-history":[{"count":0,"href":"https:\/\/www.europesays.com\/pl\/wp-json\/wp\/v2\/posts\/161958\/revisions"}],"wp:featuredmedia":[{"embeddable":true,"href":"https:\/\/www.europesays.com\/pl\/wp-json\/wp\/v2\/media\/161959"}],"wp:attachment":[{"href":"https:\/\/www.europesays.com\/pl\/wp-json\/wp\/v2\/media?parent=161958"}],"wp:term":[{"taxonomy":"category","embeddable":true,"href":"https:\/\/www.europesays.com\/pl\/wp-json\/wp\/v2\/categories?post=161958"},{"taxonomy":"post_tag","embeddable":true,"href":"https:\/\/www.europesays.com\/pl\/wp-json\/wp\/v2\/tags?post=161958"}],"curies":[{"name":"wp","href":"https:\/\/api.w.org\/{rel}","templated":true}]}}