{"id":162026,"date":"2025-12-20T18:16:11","date_gmt":"2025-12-20T18:16:11","guid":{"rendered":"https:\/\/www.europesays.com\/pl\/162026\/"},"modified":"2025-12-20T18:16:11","modified_gmt":"2025-12-20T18:16:11","slug":"co-on-zrobil-kuriozalny-blad-bramkarza-w-meczu-grabary-tylko-spojrz-przeglad-sportowy-onet","status":"publish","type":"post","link":"https:\/\/www.europesays.com\/pl\/162026\/","title":{"rendered":"Co on zrobi\u0142?! Kuriozalny b\u0142\u0105d bramkarza w meczu Grabary. Tylko sp\u00f3jrz &#8211; Przegl\u0105d Sportowy Onet"},"content":{"rendered":"<ol>\n<li><a href=\"https:\/\/news.google.com\/rss\/articles\/CBMiywFBVV95cUxNeUdQazQ4TzltZ2g1djhNWDY0dnNQLXRUN0lPLTYzdERSYm9UMURhblFvd08tcnpWdzA1NEo3MjhwenhwRERBallGaEpDc2p0cWpEWmRrOTRGLWtPSVU3U3c5OS1Xd3ZnRnU1R2ZyZVl5M3pJTmtodmRZMllQQzRWaExqZmY4NXBUXzM5UUU5akJFTEtuOHVkRmFzSE1iUWJmTVh0SnhKdHZaZjc5dHdrQ3o4MXZ2MTBNNGFTQ1labWF2YlItQU5lRjNNZw?oc=5\" target=\"_blank\" rel=\"nofollow noopener\">Co on zrobi\u0142?! Kuriozalny b\u0142\u0105d bramkarza w meczu Grabary. Tylko sp\u00f3jrz<\/a>&nbsp;&nbsp;Przegl\u0105d Sportowy Onet<\/li>\n<li><a href=\"https:\/\/news.google.com\/rss\/articles\/CBMiswFBVV95cUxNTEYweGlGWDg5anByLUNXQzFqRk5PQnNlQ01JZDZqZFZpTGpRY1dXVmI2aV9nZ01jM19EZkEwYm5WN1Z6UERnQy1mWElhMHRjMGpqZ0dyQTdVSU1sSVdYY0ZxejRseXJuS2czYjE0Z2JCMy1QcDQ1cnJBSGNrTC1KY1VsMVlkdkk0MlhocTJpc3poUS1HaV9XdWMwWGpHcmdUYmJkSzZXRTF5enp0Q1hRSlgzcw?oc=5\" target=\"_blank\" rel=\"nofollow noopener\">Kiks kolejki w Niemczech. Niewiarygodne zachowanie bramkarza [WIDEO]<\/a>&nbsp;&nbsp;SportoweFakty<\/li>\n<li><a href=\"https:\/\/news.google.com\/rss\/articles\/CBMisgFBVV95cUxPd2N2dFZtRnJULS1FUW04VUNHWk4xUU9HSGZ6ek9SOThteE1rb3loOWhUX1Vmdmx0bXd2OFVDMHhBRVJTZlR5T1Jsc2w2MVlWb1g4V3Y1aEx4U0VVNWp2ZmZkTXFJZHhyTUxydWVuRzdDcy1xTTV4MW9WVHduMmVSd0R2YXR6a3BZU3N5aXJtTkstX1RKQi1hM0l1Q2ZqVW40UTRDV19LbjJJSmpyX3dJSTNR?oc=5\" target=\"_blank\" rel=\"nofollow noopener\">Oto co sta\u0142o si\u0119 w meczu Grabary. Koszmar bramkarza w 49. minucie<\/a>&nbsp;&nbsp;Sport.pl<\/li>\n<li><a href=\"https:\/\/news.google.com\/rss\/articles\/CBMi7gFBVV95cUxOSnhtZVZBTmRmdzZRMDNFSGpJTGRvZG5UMXQzZVF4TkVmQUVBSWFidUpxNW5sZUotdFlSYnQ2b3hBaFFYZnBTaS1od05mQUg5ejhQOThFd0wxbFVfaWZKVV81M2lnWUtXRDBLLUpDZ1dnS0RFWlRxRFMzbjdfeEFnSWtpbGRaRkdYZ053T2VCaUJ2bkpseXMwREdQYjFqOHVzaElNcHQ2ZV92UE1RaVpXY1dMbFk4QUw1TEhNUkFzRXJEODJzeklkUVh1RTduN25NV0hRM0dvRWRnbEcxbFJfWkR1NVpZemd2LXJHWmVR?oc=5\" target=\"_blank\" rel=\"nofollow noopener\">Grabara wpu\u015bci\u0142 cztery gole, a i tak by\u0142 lepszym z bramkarzy. Pora\u017cka Wilk\u00f3w na koniec roku<\/a>&nbsp;&nbsp;Flashscore.pl<\/li>\n<li><a href=\"https:\/\/news.google.com\/rss\/articles\/CBMirAFBVV95cUxPZFdscE9kTlNJeXFYbFVBLUF1c1gyLVN6Wm5FRjdnb3hSZWVnNGo4V05zMkExUXY1SnEyUmZHalNadnI3Qk1MTTdhREkxbWlnbEZmTklDNnpLcXJXUktRX2g4LXNSN3luaXJ6MER2emd6c1NjUU5jNC1lS2x0ZXpIeE1FdGFlSTlhR01lamZBVTNIdUlCWVB6R1h4UndRV01BRzRhRWlvOWp2Ym9r?oc=5\" target=\"_blank\" rel=\"nofollow noopener\">Co za wtopa bramkarza! Grabara m\u00f3g\u0142 z\u0142apa\u0107 si\u0119 za g\u0142ow\u0119 [WIDEO]<\/a>&nbsp;&nbsp;Meczyki.pl<\/li>\n<\/ol>\n","protected":false},"excerpt":{"rendered":"Co on zrobi\u0142?! Kuriozalny b\u0142\u0105d bramkarza w meczu Grabary. Tylko sp\u00f3jrz&nbsp;&nbsp;Przegl\u0105d Sportowy Onet Kiks kolejki w Niemczech. Niewiarygodne&hellip;\n","protected":false},"author":2,"featured_media":162027,"comment_status":"","ping_status":"","sticky":false,"template":"","format":"standard","meta":{"footnotes":""},"categories":[5],"tags":[32,33,933,36,37,27,67,10950,34,35,28,31,25,948,42,38,40,39,41,136,128,32121,47,135,29,30,32122,26,130],"class_list":{"0":"post-162026","1":"post","2":"type-post","3":"status-publish","4":"format-standard","5":"has-post-thumbnail","7":"category-naglowki","8":"tag-breaking-news","9":"tag-breakingnews","10":"tag-bundesliga","11":"tag-featured-news","12":"tag-featurednews","13":"tag-headlines","14":"tag-intextvideo_splayer","15":"tag-kamil_grabara","16":"tag-latest-news","17":"tag-latestnews","18":"tag-naglowki","19":"tag-najwazniejsze-artykuly","20":"tag-news","21":"tag-pilka_nozna","22":"tag-pl","23":"tag-poland","24":"tag-polish","25":"tag-polska","26":"tag-polski","27":"tag-ps_detal_new","28":"tag-psv2","29":"tag-sc_freiburg","30":"tag-screening_general","31":"tag-sport_sport","32":"tag-top-stories","33":"tag-topstories","34":"tag-vfl_wolfsburg","35":"tag-wiadomosci","36":"tag-wiadomosci_sportowe"},"share_on_mastodon":{"url":"https:\/\/pubeurope.com\/@pl\/115753267198665795","error":""},"_links":{"self":[{"href":"https:\/\/www.europesays.com\/pl\/wp-json\/wp\/v2\/posts\/162026","targetHints":{"allow":["GET"]}}],"collection":[{"href":"https:\/\/www.europesays.com\/pl\/wp-json\/wp\/v2\/posts"}],"about":[{"href":"https:\/\/www.europesays.com\/pl\/wp-json\/wp\/v2\/types\/post"}],"author":[{"embeddable":true,"href":"https:\/\/www.europesays.com\/pl\/wp-json\/wp\/v2\/users\/2"}],"replies":[{"embeddable":true,"href":"https:\/\/www.europesays.com\/pl\/wp-json\/wp\/v2\/comments?post=162026"}],"version-history":[{"count":0,"href":"https:\/\/www.europesays.com\/pl\/wp-json\/wp\/v2\/posts\/162026\/revisions"}],"wp:featuredmedia":[{"embeddable":true,"href":"https:\/\/www.europesays.com\/pl\/wp-json\/wp\/v2\/media\/162027"}],"wp:attachment":[{"href":"https:\/\/www.europesays.com\/pl\/wp-json\/wp\/v2\/media?parent=162026"}],"wp:term":[{"taxonomy":"category","embeddable":true,"href":"https:\/\/www.europesays.com\/pl\/wp-json\/wp\/v2\/categories?post=162026"},{"taxonomy":"post_tag","embeddable":true,"href":"https:\/\/www.europesays.com\/pl\/wp-json\/wp\/v2\/tags?post=162026"}],"curies":[{"name":"wp","href":"https:\/\/api.w.org\/{rel}","templated":true}]}}