{"id":162119,"date":"2025-12-20T19:04:17","date_gmt":"2025-12-20T19:04:17","guid":{"rendered":"https:\/\/www.europesays.com\/pl\/162119\/"},"modified":"2025-12-20T19:04:17","modified_gmt":"2025-12-20T19:04:17","slug":"niecodzienne-glosowanie-w-sejmie-za-byli-wszyscy-poslowie-na-sali-onet-wiadomosci","status":"publish","type":"post","link":"https:\/\/www.europesays.com\/pl\/162119\/","title":{"rendered":"Niecodzienne g\u0142osowanie w Sejmie. &quot;Za&quot; byli wszyscy pos\u0142owie na sali &#8211; Onet Wiadomo\u015bci"},"content":{"rendered":"<ol>\n<li><a href=\"https:\/\/news.google.com\/rss\/articles\/CBMiqAFBVV95cUxNWXRCUkJyUWlZSnRUNnI5NHFfWFdVOWl3ZzljQXgzSWlsU0x6Z1pMZklBMkFrUGF6XzhLWlU2Z2k2SFNCcWN4cDNFclBha1lRZTBYTjllZFZmVWNMUGlqNXVpOEZUd01UQ3JNRlFxSUxJUUpqaFRMcEVYazZCQ3lrclFwa2JlN1JaLW80NXc0V0FnVmtybFlzb3VnYjJxTUZkZ2xDZXlqZXo?oc=5\" target=\"_blank\" rel=\"nofollow noopener\">Niecodzienne g\u0142osowanie w Sejmie. &#8222;Za&#8221; byli wszyscy pos\u0142owie na sali<\/a>&nbsp;&nbsp;Onet Wiadomo\u015bci<\/li>\n<li><a href=\"https:\/\/news.google.com\/rss\/articles\/CBMilAFBVV95cUxPUUpraElqQ0pfdWU4S0VnMDNuLVVjeXJfbWxJNHVoMnE2bkRRd3ZWOEJRUUduVUJfUlZPMDJsMlplQU1MTEtnX2tqbjBUYTVHb0FGamNQdHI4cE1KZVdaMHVpdUdwNmlVQXdGQzBzWnBiQXRnd1p2OHlCalo4Wnk3ZHYwdnlJaUlveG5aT0MzS2VvbXQ0?oc=5\" target=\"_blank\" rel=\"nofollow noopener\">Wszyscy &#8222;za&#8221;. Niecodzienne g\u0142osowanie w Sejmie<\/a>&nbsp;&nbsp;RMF24<\/li>\n<li><a href=\"https:\/\/news.google.com\/rss\/articles\/CBMingFBVV95cUxNaXYzUEtGZXJENC1ELXFtRFc2MThmVy10X2k5SDc4WG42cmZYMERSYUtyWE9oaE5ROEpJQ3hXVmV0Zzg3T0MxQVJxM0RYOTVBN29WS015Q096bkt6R2ozckxOdU5BbUYtMkRVVWMwZ3dzV2E3RHJiR0wxWFl2eUhyWmI5NVBoU2ZnQjVtNkFGeXJJVDZrTXA4XzJ0Z3dCZw?oc=5\" target=\"_blank\" rel=\"nofollow noopener\">Jednog\u0142o\u015bne poparcie dla ustawy. Wszyscy zag\u0142osowali &#8222;za&#8221;<\/a>&nbsp;&nbsp;WP Wiadomo\u015bci<\/li>\n<li><a href=\"https:\/\/news.google.com\/rss\/articles\/CBMiqAFBVV95cUxOUzdXQUwtYmNQcXNnM1BBcXVIdThqM1lQWk9CSEZTYWpBZm1INURMQnRyMV85S0h6d1FJdzB6US1sMnllVGQ5bEdpODEwWS1QTndLc3cwVEQyekl0czJFNm1NQ1pLTDR6VWNJeldOdzdoQnp0Y1NQNVlUa1ZYeWtNOEF2TlA4WENhUnFvM2Q2V0hJcVVzRkU2N2RVWkxtZG1TZVRvNVZFcFc?oc=5\" target=\"_blank\" rel=\"nofollow noopener\">Zaskakuj\u0105ce g\u0142osowanie na ostatnim posiedzeniu Sejmu. &#8222;Za&#8221; byli wszyscy<\/a>&nbsp;&nbsp;Fakt<\/li>\n<li><a href=\"https:\/\/news.google.com\/rss\/articles\/CBMirgJBVV95cUxPWVBMakVqbXdBb2pNdXNnczFBWHo1WlFmUkJ6T1hXREM2d3U0dkFqSVR2VmpSQVBVRG9JMWNLX1NDT0FhRGl5Tk5SeTVYYmJWTWZWQkY4WWVXZ2didDB2OFhtejFZOU56WGZSYXh4NkdyZ0RDMHdCSEJYVkZib0lqeU9hN000ZjRsRFpwTFVnanlRZVd1QUxjelJKdGVGRzBpWjdfTDNQcHN6aTFTX3ZNLV90MFEtQmhPV1g4SktEQTBLNkJhOUxILTRKSUdxZVVFWW0xSEswdENMZVpJNG9xVHlvS1RhdDBNcFJZNmsySXZGU3hCdzlldnppSlZSZTB6MHJxakJaQzRxSE5ldlFCaVFBaGNnczE5SzNDam9ZbW1XMllfZWUzTUh5RFl6dw?oc=5\" target=\"_blank\" rel=\"nofollow noopener\">Nikt nie by\u0142 przeciw, nikt si\u0119 nie wstrzyma\u0142. Niespotykane g\u0142osowanie w sejmie<\/a>&nbsp;&nbsp;MSN<\/li>\n<\/ol>\n","protected":false},"excerpt":{"rendered":"Niecodzienne g\u0142osowanie w Sejmie. &#8222;Za&#8221; byli wszyscy pos\u0142owie na sali&nbsp;&nbsp;Onet Wiadomo\u015bci Wszyscy &#8222;za&#8221;. Niecodzienne g\u0142osowanie w Sejmie&nbsp;&nbsp;RMF24 Jednog\u0142o\u015bne&hellip;\n","protected":false},"author":2,"featured_media":162120,"comment_status":"","ping_status":"","sticky":false,"template":"","format":"standard","meta":{"footnotes":""},"categories":[12],"tags":[32,33,36,37,27,49,34,35,1380,28,31,48,25,46,42,38,40,39,41,47,5485,29,30,6158,26,3648],"class_list":{"0":"post-162119","1":"post","2":"type-post","3":"status-publish","4":"format-standard","5":"has-post-thumbnail","7":"category-polska","8":"tag-breaking-news","9":"tag-breakingnews","10":"tag-featured-news","11":"tag-featurednews","12":"tag-headlines","13":"tag-kraj","14":"tag-latest-news","15":"tag-latestnews","16":"tag-ministerstwo_sprawiedliwosci","17":"tag-naglowki","18":"tag-najwazniejsze-artykuly","19":"tag-nat_styl","20":"tag-news","21":"tag-omp","22":"tag-pl","23":"tag-poland","24":"tag-polish","25":"tag-polska","26":"tag-polski","27":"tag-screening_general","28":"tag-sejm_rp","29":"tag-top-stories","30":"tag-topstories","31":"tag-ustawa","32":"tag-wiadomosci","33":"tag-wszystkie_miasta_bloczek_regionalny_wiadomosci"},"share_on_mastodon":{"url":"https:\/\/pubeurope.com\/@pl\/115753455690232787","error":""},"_links":{"self":[{"href":"https:\/\/www.europesays.com\/pl\/wp-json\/wp\/v2\/posts\/162119","targetHints":{"allow":["GET"]}}],"collection":[{"href":"https:\/\/www.europesays.com\/pl\/wp-json\/wp\/v2\/posts"}],"about":[{"href":"https:\/\/www.europesays.com\/pl\/wp-json\/wp\/v2\/types\/post"}],"author":[{"embeddable":true,"href":"https:\/\/www.europesays.com\/pl\/wp-json\/wp\/v2\/users\/2"}],"replies":[{"embeddable":true,"href":"https:\/\/www.europesays.com\/pl\/wp-json\/wp\/v2\/comments?post=162119"}],"version-history":[{"count":0,"href":"https:\/\/www.europesays.com\/pl\/wp-json\/wp\/v2\/posts\/162119\/revisions"}],"wp:featuredmedia":[{"embeddable":true,"href":"https:\/\/www.europesays.com\/pl\/wp-json\/wp\/v2\/media\/162120"}],"wp:attachment":[{"href":"https:\/\/www.europesays.com\/pl\/wp-json\/wp\/v2\/media?parent=162119"}],"wp:term":[{"taxonomy":"category","embeddable":true,"href":"https:\/\/www.europesays.com\/pl\/wp-json\/wp\/v2\/categories?post=162119"},{"taxonomy":"post_tag","embeddable":true,"href":"https:\/\/www.europesays.com\/pl\/wp-json\/wp\/v2\/tags?post=162119"}],"curies":[{"name":"wp","href":"https:\/\/api.w.org\/{rel}","templated":true}]}}