{"id":162241,"date":"2025-12-20T20:45:10","date_gmt":"2025-12-20T20:45:10","guid":{"rendered":"https:\/\/www.europesays.com\/pl\/162241\/"},"modified":"2025-12-20T20:45:10","modified_gmt":"2025-12-20T20:45:10","slug":"la-liga-real-madryt-sevilla-fc-relacja-na-zywo-przeglad-sportowy-onet","status":"publish","type":"post","link":"https:\/\/www.europesays.com\/pl\/162241\/","title":{"rendered":"La Liga: Real Madryt &#8211; Sevilla FC [RELACJA NA \u017bYWO] &#8211; Przegl\u0105d Sportowy Onet"},"content":{"rendered":"<ol>\n<li><a href=\"https:\/\/news.google.com\/rss\/articles\/CBMisAFBVV95cUxPc21LWGxDaTF3ejJqY0dTaEkzRnUxdHFLY1FEZlRRSHVMcm9USy1iQlZwdTYzaU1wNTlhN0VweTlESTFvbVJiSHpEY0M4bE0tWG1STjdyTkdtZGpHdHphaHhLMXU2MmNHQUhLZDhyRHhSdFBRaTkxOHBsNGhBb3VQSEhHUy1QV3BMbVJHRUM3SGR5ZVlyQUpCeHkta0tsUjJVb2VENG43UkNXRHlWT3NjUQ?oc=5\" target=\"_blank\" rel=\"nofollow noopener\">La Liga: Real Madryt &#8211; Sevilla FC [RELACJA NA \u017bYWO]<\/a>&nbsp;&nbsp;Przegl\u0105d Sportowy Onet<\/li>\n<li><a href=\"https:\/\/news.google.com\/rss\/articles\/CBMiqwFBVV95cUxNVS0zX3pXMzFlSGZFYXRUOXpTT3dtQlVpS0lWdHBmUUNiUFBnQmhTUkRUVFJzaWl6N2czMnJ2RUhkNzBQS0lMVlloRzJBWW9JT00tQmlrQUJPQk9kNmRySnNKUkJpTnJKS0t3eXBvVm9ydUZRUXNkaGlXMEhDN2hfQk1tWTRueEtwZnVRQjgtTERFUF9iZHZkVmpGdTl0dlFRNm42V1R4T0wtY3c?oc=5\" target=\"_blank\" rel=\"nofollow noopener\">Kluczowy pi\u0142karz Realu poza kadr\u0105. Czterech zawodnik\u00f3w wraca<\/a>&nbsp;&nbsp;SportoweFakty<\/li>\n<li><a href=\"https:\/\/news.google.com\/rss\/articles\/CBMisAFBVV95cUxPWnRVUm5CVjZtbVhqVDJvUHZyN3VnejBfOW1hbHFqcmtqa1Zkekg1RUtYQVFQbnFWemVHQ0ljVDZFcEk4TkJRdVM5NmRmQmNsSTFMSDVjS1BVZkJNOVBIQzJrWW10UUQzM1JNVFNsblZYd0xfRFJmWnFiMFdaM3V1Z2RMVWVELWVabEtxN0U1Y0piRVlWcm5Fenlzc29jdEhNaHlQcXdPLUJIUTNib2tINg?oc=5\" target=\"_blank\" rel=\"nofollow noopener\">Sk\u0142ad Realu na mecz z Sevill\u0105. Powr\u00f3t do &#8222;jedenastki&#8221; ekipy Alonso<\/a>&nbsp;&nbsp;Meczyki.pl<\/li>\n<li><a href=\"https:\/\/news.google.com\/rss\/articles\/CBMiiwFBVV95cUxOekU3TXZyRGdtSGZoV3JDRmpqaGx5eW9pbnNoX3JSV3o0UWJZUlBiT3lxVS1OQXVQZjZHTjI5cWhUYjYxUXViREQyNHVHcU01ZlZpRWs1MkNaSlhWbEFrS2N4ZTkxSU9tcDVVT3R4SWNKSkYzalNMXzBORHl5bHBweVAwemNuR1dWb0ln?oc=5\" target=\"_blank\" rel=\"nofollow noopener\">Real Madryt &#8211; Sevilla i Villarreal &#8211; FC Barcelona<\/a>&nbsp;&nbsp;satkurier.pl<\/li>\n<li><a href=\"https:\/\/news.google.com\/rss\/articles\/CBMizwFBVV95cUxQdGlnaDhnb2kzNFBXNzBmSmpfSGFqZ0VuUU9aX09TT1BQZldQaU5kUnN6UGZHSHdwU3FnSFJkSmpkYkNwaWlxUHlqX0F0Rjk0cmh1bll0cG9HMjl1dFVhQ3pGamNseWpnNy1wZnFKMm54N0xZU2tHbXk0SWpuZ2FSUEc4OG9UajIxazZjSklSc3d2VWZkVDR6TmxaTEVWN1JmbWRxNDhBZUNqa3pDRDVsSDFVZjRxcXA4TWhYeXNHaVF2NFFoQ2REUTBBZzBBems?oc=5\" target=\"_blank\" rel=\"nofollow noopener\">Valverde nie zagra w wieczornym meczu Realu Madryt przeciwko Sevilli<\/a>&nbsp;&nbsp;Wyniki na \u017cywo<\/li>\n<\/ol>\n","protected":false},"excerpt":{"rendered":"La Liga: Real Madryt &#8211; Sevilla FC [RELACJA NA \u017bYWO]&nbsp;&nbsp;Przegl\u0105d Sportowy Onet Kluczowy pi\u0142karz Realu poza kadr\u0105. Czterech&hellip;\n","protected":false},"author":2,"featured_media":162242,"comment_status":"","ping_status":"","sticky":false,"template":"","format":"standard","meta":{"footnotes":""},"categories":[24],"tags":[14850,2051,188,186,42,38,40,39,41,136,128,2961,47,32146,127,135,126,130],"class_list":{"0":"post-162241","1":"post","2":"type-post","3":"status-publish","4":"format-standard","5":"has-post-thumbnail","7":"category-sport","8":"tag-betfan_relacje_laliga","9":"tag-laliga","10":"tag-liveblog","11":"tag-na_zywo","12":"tag-pl","13":"tag-poland","14":"tag-polish","15":"tag-polska","16":"tag-polski","17":"tag-ps_detal_new","18":"tag-psv2","19":"tag-real_madryt","20":"tag-screening_general","21":"tag-sevilla_fc","22":"tag-sport","23":"tag-sport_sport","24":"tag-sports","25":"tag-wiadomosci_sportowe"},"share_on_mastodon":{"url":"https:\/\/pubeurope.com\/@pl\/115753852915524771","error":""},"_links":{"self":[{"href":"https:\/\/www.europesays.com\/pl\/wp-json\/wp\/v2\/posts\/162241","targetHints":{"allow":["GET"]}}],"collection":[{"href":"https:\/\/www.europesays.com\/pl\/wp-json\/wp\/v2\/posts"}],"about":[{"href":"https:\/\/www.europesays.com\/pl\/wp-json\/wp\/v2\/types\/post"}],"author":[{"embeddable":true,"href":"https:\/\/www.europesays.com\/pl\/wp-json\/wp\/v2\/users\/2"}],"replies":[{"embeddable":true,"href":"https:\/\/www.europesays.com\/pl\/wp-json\/wp\/v2\/comments?post=162241"}],"version-history":[{"count":0,"href":"https:\/\/www.europesays.com\/pl\/wp-json\/wp\/v2\/posts\/162241\/revisions"}],"wp:featuredmedia":[{"embeddable":true,"href":"https:\/\/www.europesays.com\/pl\/wp-json\/wp\/v2\/media\/162242"}],"wp:attachment":[{"href":"https:\/\/www.europesays.com\/pl\/wp-json\/wp\/v2\/media?parent=162241"}],"wp:term":[{"taxonomy":"category","embeddable":true,"href":"https:\/\/www.europesays.com\/pl\/wp-json\/wp\/v2\/categories?post=162241"},{"taxonomy":"post_tag","embeddable":true,"href":"https:\/\/www.europesays.com\/pl\/wp-json\/wp\/v2\/tags?post=162241"}],"curies":[{"name":"wp","href":"https:\/\/api.w.org\/{rel}","templated":true}]}}