{"id":162243,"date":"2025-12-20T20:46:11","date_gmt":"2025-12-20T20:46:11","guid":{"rendered":"https:\/\/www.europesays.com\/pl\/162243\/"},"modified":"2025-12-20T20:46:11","modified_gmt":"2025-12-20T20:46:11","slug":"michal-urbaniak-nie-zyje-kompozytor-i-muzyk-jazzowy-mial-82-lata","status":"publish","type":"post","link":"https:\/\/www.europesays.com\/pl\/162243\/","title":{"rendered":"Micha\u0142 Urbaniak nie \u017cyje. Kompozytor i\u00a0muzyk jazzowy mia\u0142 82 lata"},"content":{"rendered":"<p><img decoding=\"async\" alt=\"Micha\u0142 Urbaniak\" src=\"https:\/\/www.europesays.com\/pl\/wp-content\/uploads\/2025\/12\/1766263570_714_WEBP_LANDSCAPE_480.webp\" class=\"sc-1hpi2ez-6 hIHHkJy\"\/><\/p>\n<p>Micha\u0142 Urbaniak nie \u017cyje<\/p>\n<p>\u0179r\u00f3d\u0142o: TVN24<\/p>\n<p>Pos\u0142uchaj artyku\u0142uWykup subskrypcj\u0119 TVN24+, aby pos\u0142ucha\u0107 artyku\u0142u.<\/p>\n<p>Masz subskrypcj\u0119? Zaloguj si\u0119.<\/p>\n<p><a tabindex=\"0\" data-google-interstitial=\"false\" data-store-anchor=\"Text2SpeechTooltip\" as=\"a\" href=\"https:\/\/kup.tvn24.pl\/oferta\/rekomendowane\" rel=\"noopener nofollow\" title=\"Dowiedz si\u0119 wi\u0119cej\" part=\"Button Button--link Button--secondary Button--large\" class=\"sc-fwwElhy sc-jSoCLEy cgZulKy jACCoXy Button Button--link Button--secondary Button--large\" target=\"_blank\">Dowiedz si\u0119 wi\u0119cej<\/a>W wieku 82 lat zmar\u0142 wybitny kompozytor i\u00a0muzyk jazzowy Micha\u0142 Urbaniak. Informacj\u0119 poda\u0142a na jego kontach w mediach spo\u0142eczno\u015bciowych Dorota Urbaniak.<\/p>\n<p class=\"sc-aXZVgy sc-gEvEery ldavXXy dUmtgUy sc-gHCuMny sc-dkkA-Dcy chcjuDy iqYeLUy Paragraph TextBox\" part=\"Paragraph TextBox\" data-paragraph=\"\">&#8222;Micha\u0142 Urbaniak. \u017by\u0142 i czu\u0142 wielkimi nutami. Odszed\u0142 w wieku 82 lat&#8221; &#8211; napisa\u0142a jego \u017cona Dorota Urbaniak. <\/p>\n<p>Micha\u0142 Urbaniak nie \u017cyje <\/p>\n<p class=\"sc-aXZVgy sc-gEvEery ldavXXy dUmtgUy sc-gHCuMny sc-dkkA-Dcy chcjuDy iqYeLUy Paragraph TextBox\" part=\"Paragraph TextBox\" data-paragraph=\"\">Micha\u0142 Urbaniak nale\u017ca\u0142 do czo\u0142\u00f3wki najwa\u017cniejszych europejskich jazzman\u00f3w. Jest uznawany za wsp\u00f3\u0142tw\u00f3rc\u0119 fusion jazzu i urbjazzu. Jako pierwszy do muzyki fusion wprowadzi\u0142 elementy jazz rock, rapu i hip hopu. Napisa\u0142 muzyk\u0119 do wielu film\u00f3w, koncertowa\u0142 w najbardziej presti\u017cowych salach koncertowych salach \u015bwiata. Gra\u0142 z takimi legendami jazzu jak: Weather Report, Freddie Hubbard, Elvin Jones, Herbie Hancock, Chick Corea, Miles Davis, George Benson, Billy Cobham.<\/p>\n<p><img decoding=\"async\" src=\"https:\/\/www.europesays.com\/pl\/wp-content\/uploads\/2025\/12\/1766263571_217_WEBP_FREE_320.webp\"   alt=\"Micha\u0142 Urbaniak\" loading=\"lazy\" class=\"sc-eqUAAyy sc-fqkvVRy rseJJy gAuUMIy Picture Picture--free\" part=\"Picture Picture--free\"\/><\/p>\n<p>Micha\u0142 Urbaniak<\/p>\n<p>\u0179r\u00f3d\u0142o: Wojciech Olku\u015bnik\/PAP<\/p>\n<p class=\"sc-aXZVgy sc-gEvEery ldavXXy dUmtgUy sc-gHCuMny sc-dkkA-Dcy chcjuDy iqYeLUy sc-eRdibty sc-dTciy iXTDvxy bKTejPy ArticleMetaItem Paragraph TextBox\" part=\"ArticleMetaItem Paragraph TextBox\">Autorka\/Autor: mjz\/ft<\/p>\n<p class=\"sc-aXZVgy sc-gEvEery ldavXXy dUmtgUy sc-gHCuMny sc-dkkA-Dcy chcjuDy iqYeLUy sc-eRdibty sc-dTciy iXTDvxy bKTejPy ArticleMetaItem Paragraph TextBox\" part=\"ArticleMetaItem Paragraph TextBox\">\u0179r\u00f3d\u0142o: tvn24.pl<\/p>\n<p class=\"sc-aXZVgy sc-gEvEery ldavXXy dUmtgUy sc-gHCuMny sc-dkkA-Dcy chcjuDy iqYeLUy sc-eRdibty sc-dTciy iXTDvxy bKTejPy ArticleMetaItem Paragraph TextBox\" part=\"ArticleMetaItem Paragraph TextBox\">\u0179r\u00f3d\u0142o zdj\u0119cia g\u0142\u00f3wnego: PAP<\/p>\n<p>Udost\u0119pnij:<\/p>\n<p><a tabindex=\"0\" aria-label=\"Facebook\" href=\"https:\/\/facebook.com\/sharer\/sharer.php?u=https:\/\/tvn24.pl\/kultura-i-styl\/michal-urbaniak-nie-zyje-kompozytor-i-muzyk-jazzowy-mial-82-lata-st8811527\" rel=\"noopener noreferrer nofollow\" target=\"_blank\" title=\"Facebook\" data-ushare=\"fb\" part=\"Button Button--link Button--secondary Button--large\" class=\"sc-fwwElhy sc-jSoCLEy cgZulKy jACCoXy Button Button--link Button--secondary Button--large\"><\/a><a tabindex=\"0\" aria-label=\"X\" href=\"https:\/\/twitter.com\/intent\/tweet?text=https:\/\/tvn24.pl\/kultura-i-styl\/michal-urbaniak-nie-zyje-kompozytor-i-muzyk-jazzowy-mial-82-lata-st8811527\" rel=\"noopener noreferrer nofollow\" target=\"_blank\" title=\"X\" data-ushare=\"tt\" part=\"Button Button--link Button--secondary Button--large\" class=\"sc-fwwElhy sc-jSoCLEy cgZulKy jACCoXy Button Button--link Button--secondary Button--large\"><\/a><\/p>\n<p>Link skopiowany do schowka.<\/p>\n<p><script async src=\"https:\/\/platform.twitter.com\/widgets.js\" charset=\"utf-8\"><\/script><\/p>\n","protected":false},"excerpt":{"rendered":"Micha\u0142 Urbaniak nie \u017cyje \u0179r\u00f3d\u0142o: TVN24 Pos\u0142uchaj artyku\u0142uWykup subskrypcj\u0119 TVN24+, aby pos\u0142ucha\u0107 artyku\u0142u. Masz subskrypcj\u0119? Zaloguj si\u0119. Dowiedz&hellip;\n","protected":false},"author":2,"featured_media":162244,"comment_status":"","ping_status":"","sticky":false,"template":"","format":"standard","meta":{"footnotes":""},"categories":[22],"tags":[122,42,38,40,39,41,123],"class_list":{"0":"post-162243","1":"post","2":"type-post","3":"status-publish","4":"format-standard","5":"has-post-thumbnail","7":"category-rozrywka","8":"tag-entertainment","9":"tag-pl","10":"tag-poland","11":"tag-polish","12":"tag-polska","13":"tag-polski","14":"tag-rozrywka"},"share_on_mastodon":{"url":"https:\/\/pubeurope.com\/@pl\/115753857873446951","error":""},"_links":{"self":[{"href":"https:\/\/www.europesays.com\/pl\/wp-json\/wp\/v2\/posts\/162243","targetHints":{"allow":["GET"]}}],"collection":[{"href":"https:\/\/www.europesays.com\/pl\/wp-json\/wp\/v2\/posts"}],"about":[{"href":"https:\/\/www.europesays.com\/pl\/wp-json\/wp\/v2\/types\/post"}],"author":[{"embeddable":true,"href":"https:\/\/www.europesays.com\/pl\/wp-json\/wp\/v2\/users\/2"}],"replies":[{"embeddable":true,"href":"https:\/\/www.europesays.com\/pl\/wp-json\/wp\/v2\/comments?post=162243"}],"version-history":[{"count":0,"href":"https:\/\/www.europesays.com\/pl\/wp-json\/wp\/v2\/posts\/162243\/revisions"}],"wp:featuredmedia":[{"embeddable":true,"href":"https:\/\/www.europesays.com\/pl\/wp-json\/wp\/v2\/media\/162244"}],"wp:attachment":[{"href":"https:\/\/www.europesays.com\/pl\/wp-json\/wp\/v2\/media?parent=162243"}],"wp:term":[{"taxonomy":"category","embeddable":true,"href":"https:\/\/www.europesays.com\/pl\/wp-json\/wp\/v2\/categories?post=162243"},{"taxonomy":"post_tag","embeddable":true,"href":"https:\/\/www.europesays.com\/pl\/wp-json\/wp\/v2\/tags?post=162243"}],"curies":[{"name":"wp","href":"https:\/\/api.w.org\/{rel}","templated":true}]}}