{"id":162320,"date":"2025-12-20T21:54:14","date_gmt":"2025-12-20T21:54:14","guid":{"rendered":"https:\/\/www.europesays.com\/pl\/162320\/"},"modified":"2025-12-20T21:54:14","modified_gmt":"2025-12-20T21:54:14","slug":"michal-urbaniak-nie-zyje-wybitny-muzyk-jazzowy-mial-82-lata","status":"publish","type":"post","link":"https:\/\/www.europesays.com\/pl\/162320\/","title":{"rendered":"Micha\u0142 Urbaniak nie \u017cyje. Wybitny muzyk jazzowy mia\u0142 82 lata"},"content":{"rendered":"<p>SPIS TRE\u015aCI<\/p>\n<ol class=\"ods-a-table-of-content__items\">\n<li class=\"ods-a-table-of-content__item\"><a href=\"#toc-michal-urbaniak-nie-zyje\" class=\"ods-a-table-of-content__link\">Micha\u0142 Urbaniak nie \u017cyje<\/a><\/li>\n<li class=\"ods-a-table-of-content__item\"><a href=\"#toc-michal-urbaniak-zmagal-sie-z-problemami-zdrowotnymi\" class=\"ods-a-table-of-content__link\">Micha\u0142 Urbaniak zmaga\u0142 si\u0119 z problemami zdrowotnymi<\/a><\/li>\n<\/ol>\n<p>Micha\u0142 Urbaniak nie \u017cyje<\/p>\n<p class=\"ods-c-paragraph \">Informacj\u0119 o \u015bmierci artysty przekaza\u0142a za po\u015brednictwem Instagrama jego \u017cona, Dorota Palmowska. &#8222;Micha\u0142 Urbaniak. \u017by\u0142 i czu\u0142 wielkimi nutami. Odszed\u0142 w wieku 82 lat. (&#8230;) With love Dorota Dosia Urbaniak&#8221; \u2014 mo\u017cemy przeczyta\u0107 w mediach spo\u0142eczno\u015bciowych.<\/p>\n<p class=\"ods-c-paragraph \">Pod postem pojawi\u0142o si\u0119 mn\u00f3stwo komentarzy. &#8222;\u017begnaj Mistrzu&#8221; to najcz\u0119stsze s\u0142owa, kt\u00f3rymi \u017cegnali Urbaniaka internauci.<\/p>\n<p class=\"ods-c-paragraph \">Chocia\u017c dok\u0142adna przyczyna i okoliczno\u015bci \u015bmierci Urbaniaka nie zosta\u0142y upublicznione, wiadomo, \u017ce w ostatnim roku artysta przeszed\u0142 powa\u017cne zaburzenia zdrowotne zwi\u0105zane z sercem i intensywn\u0105 terapi\u0105.<\/p>\n<p>Dalszy ci\u0105g artyku\u0142u pod materia\u0142em wideo<\/p>\n<p> Kiedy zmar\u0142 Micha\u0142 Urbaniak? <\/p>\n<p> Ile lat mia\u0142 Micha\u0142 Urbaniak w momencie \u015bmierci? <\/p>\n<p> Jakie problemy zdrowotne mia\u0142 Micha\u0142 Urbaniak? <\/p>\n<p> Kto przekaza\u0142 informacj\u0119 o \u015bmierci Micha\u0142a Urbaniaka? <\/p>\n<p>  Micha\u0142 Urbaniak zmaga\u0142 si\u0119 z problemami zdrowotnymi<\/p>\n<p class=\"ods-c-paragraph \">Ostatni rok \u017cycia Micha\u0142a Urbaniaka by\u0142 naznaczony powa\u017cnymi komplikacjami zdrowotnymi. Na pocz\u0105tku 2024 r. Urbaniak przeszed\u0142 planowany zabieg kardiologiczny, kt\u00f3ry pocz\u0105tkowo mia\u0142 by\u0107 rutynowy. Niestety wyst\u0105pi\u0142y powik\u0142ania \u2014 artysta zosta\u0142 wprowadzony w <a href=\"https:\/\/www.medonet.pl\/zdrowie,spiaczka-farmakologiczna---co-to-jest--wybudzenie-pacjenta-ze-spiaczki-farmakologicznej,artykul,63752961.html\" id=\"d92ac6ce-13d5-406e-9aed-7d583cfc3ce5\" rel=\"nofollow noopener\" target=\"_blank\">\u015bpi\u0105czk\u0119 farmakologiczn\u0105<\/a> na pi\u0119\u0107 dni. W wywiadzie dla\u202f&#8221;Viva!&#8221; wspomina\u0142:<\/p>\n<p class=\"ods-c-paragraph \">&#8222;Mia\u0142em wielk\u0105 przygod\u0119, bo przy niewielkim zabiegu kardiologicznym pojawi\u0142y si\u0119 komplikacje, mi\u0119dzy innymi dlatego mam teraz g\u0142os jak Miles Davis. By\u0142em w \u015bpi\u0105czce farmakologicznej przez pi\u0119\u0107 dni&#8221; \u2014 przyzna\u0142.<\/p>\n<p class=\"ods-c-paragraph \">Po wybudzeniu przesz\u0142o 47 dni sp\u0119dzi\u0142 na OIOM-ie i oddziale kardiologii. W rozmowie z &#8222;Super Expressem&#8221; przyzna\u0142: &#8222;By\u0142o trudno, bo by\u0142o tak, \u017ce by\u0142em pi\u0119\u0107 dni w \u015bpi\u0105czce farmakologicznej i potem 47 dni na OIOM-ie, potem na kardiologii, a potem rehabilitacja, kt\u00f3r\u0105 jeszcze ko\u0144cz\u0119 dzisiaj w trybie p\u00f3\u0142szpitalnym, ale ju\u017c chodz\u0119, bo po parumiesi\u0119cznym le\u017ceniu nie mog\u0142em stan\u0105\u0107 na nogi&#8221;.<\/p>\n<p class=\"ods-c-paragraph \">Wybudzenie by\u0142o dopiero pocz\u0105tkiem d\u0142ugiej i trudnej drogi \u2014 muzyk musia\u0142 podj\u0105\u0107 intensywn\u0105 rehabilitacj\u0119, by odzyska\u0107 sprawno\u015b\u0107. Przez wiele miesi\u0119cy zmaga\u0142 si\u0119 z problemami z poruszaniem si\u0119, korzystaj\u0105c z balkonika. Jak zauwa\u017cy\u0142 &#8222;Poradnik Zdrowie&#8221;:<\/p>\n<p class=\"ods-c-paragraph \">&#8222;Micha\u0142 Urbaniak [\u2026] nie m\u00f3g\u0142 stan\u0105\u0107 na nogi po \u015bpi\u0105czce. [\u2026] potem rehabilitacja, kt\u00f3r\u0105 jeszcze ko\u0144cz\u0119 dzisiaj w trybie p\u00f3\u0142szpitalnym, ale ju\u017c chodz\u0119, bo po parumiesi\u0119cznym le\u017ceniu nie mog\u0142em stan\u0105\u0107 na nogi&#8221;.<\/p>\n<p class=\"ods-c-paragraph \">Jak opowiada\u0142 w TVP Info sam Urbaniak, w czasie \u015bpi\u0105czki dozna\u0142 surrealistycznych prze\u017cy\u0107: &#8222;Lecia\u0142em do Nowego Jorku z Ok\u0119cia, by\u0142y dwie rakiety, nie samolot, no i kumpla spotka\u0142em. Zacz\u0119li\u015bmy gada\u0107, nie m\u00f3wili\u015bmy, gdzie kto leci, bo wiadome by\u0142o, \u017ce do Nowego Jorku. Stewardesa m\u00f3wi po rosyjsku: &#8222;do Moskwy lecimy&#8221;. Sp\u0119dzi\u0142em troch\u0119 czasu tam, mia\u0142em romans ze sztuczn\u0105 inteligencj\u0105 \u2014 maszyna by\u0142a ko\u0142o mnie i taka r\u0119ka wychodzi\u0142a i wbija\u0142a mi zastrzyk co par\u0119 minut i krew pobierali, a ja mia\u0142em w\u0142a\u015bnie anemi\u0119 i brak\u0142o krwi. M\u00f3wi\u0119: &#8222;nielza, nielza, ja oddam wam potem, ale musz\u0119 sam zrobi\u0107 troch\u0119 tej krwi. Du\u017co tam si\u0119 dzia\u0142o&#8221; \u2014 opowiada\u0142 Urbaniak.<\/p>\n<p><a href=\"https:\/\/csr.onet.pl\/1746213\/trk\/adclick\/das,1824309,0?CS=tracking\" title=\"MedonetPRO OnetPremium\" data-astro-prefetch=\"tap\" rel=\"nofollow noopener\" target=\"_blank\"> <img decoding=\"async\" src=\"https:\/\/www.europesays.com\/pl\/wp-content\/uploads\/2025\/10\/1760947870_673_9xOk9lBaHR0cHM6Ly9vY2RuLmV1L3B1bHNjbXMvTURBXy9hMGY5NWNmMDcwYzA5MjFiZDc2NTFlYzU4MDEzNGIzNy5wbmeSlQMAA.jpeg\" height=\"200\" width=\"840\" alt=\"MedonetPRO OnetPremium\" loading=\"lazy\" class=\"ods-c-image__img ods-c-image__img--viewport-width\"\/> <\/a><\/p>\n<p>MedonetPRO OnetPremiumMedonet<\/p>\n<p>  Tre\u015bci z serwisu Medonet maj\u0105 na celu polepszenie, a nie zast\u0105pienie, kontaktu pomi\u0119dzy U\u017cytkownikiem a jego lekarzem. Serwis ma charakter wy\u0142\u0105cznie informacyjno-edukacyjny. Przed zastosowaniem si\u0119 do porad z zakresu wiedzy specjalistycznej, w szczeg\u00f3lno\u015bci medycznych, zawartych w Serwisie nale\u017cy bezwzgl\u0119dnie skonsultowa\u0107 si\u0119 z lekarzem. <\/p>\n","protected":false},"excerpt":{"rendered":"SPIS TRE\u015aCI Micha\u0142 Urbaniak nie \u017cyje Micha\u0142 Urbaniak zmaga\u0142 si\u0119 z problemami zdrowotnymi Micha\u0142 Urbaniak nie \u017cyje Informacj\u0119&hellip;\n","protected":false},"author":2,"featured_media":162321,"comment_status":"","ping_status":"","sticky":false,"template":"","format":"standard","meta":{"footnotes":""},"categories":[5],"tags":[32,33,36,37,27,34,35,32154,28,31,48,25,46,42,38,40,39,41,47,511,29,30,26],"class_list":{"0":"post-162320","1":"post","2":"type-post","3":"status-publish","4":"format-standard","5":"has-post-thumbnail","7":"category-naglowki","8":"tag-breaking-news","9":"tag-breakingnews","10":"tag-featured-news","11":"tag-featurednews","12":"tag-headlines","13":"tag-latest-news","14":"tag-latestnews","15":"tag-michal_urbaniak","16":"tag-naglowki","17":"tag-najwazniejsze-artykuly","18":"tag-nat_styl","19":"tag-news","20":"tag-omp","21":"tag-pl","22":"tag-poland","23":"tag-polish","24":"tag-polska","25":"tag-polski","26":"tag-screening_general","27":"tag-smierc","28":"tag-top-stories","29":"tag-topstories","30":"tag-wiadomosci"},"share_on_mastodon":{"url":"https:\/\/pubeurope.com\/@pl\/115754124461124582","error":""},"_links":{"self":[{"href":"https:\/\/www.europesays.com\/pl\/wp-json\/wp\/v2\/posts\/162320","targetHints":{"allow":["GET"]}}],"collection":[{"href":"https:\/\/www.europesays.com\/pl\/wp-json\/wp\/v2\/posts"}],"about":[{"href":"https:\/\/www.europesays.com\/pl\/wp-json\/wp\/v2\/types\/post"}],"author":[{"embeddable":true,"href":"https:\/\/www.europesays.com\/pl\/wp-json\/wp\/v2\/users\/2"}],"replies":[{"embeddable":true,"href":"https:\/\/www.europesays.com\/pl\/wp-json\/wp\/v2\/comments?post=162320"}],"version-history":[{"count":0,"href":"https:\/\/www.europesays.com\/pl\/wp-json\/wp\/v2\/posts\/162320\/revisions"}],"wp:featuredmedia":[{"embeddable":true,"href":"https:\/\/www.europesays.com\/pl\/wp-json\/wp\/v2\/media\/162321"}],"wp:attachment":[{"href":"https:\/\/www.europesays.com\/pl\/wp-json\/wp\/v2\/media?parent=162320"}],"wp:term":[{"taxonomy":"category","embeddable":true,"href":"https:\/\/www.europesays.com\/pl\/wp-json\/wp\/v2\/categories?post=162320"},{"taxonomy":"post_tag","embeddable":true,"href":"https:\/\/www.europesays.com\/pl\/wp-json\/wp\/v2\/tags?post=162320"}],"curies":[{"name":"wp","href":"https:\/\/api.w.org\/{rel}","templated":true}]}}