{"id":162326,"date":"2025-12-20T21:58:15","date_gmt":"2025-12-20T21:58:15","guid":{"rendered":"https:\/\/www.europesays.com\/pl\/162326\/"},"modified":"2025-12-20T21:58:15","modified_gmt":"2025-12-20T21:58:15","slug":"ikea-wycofala-produkt-u-niektorych-moze-wywolac-alergie","status":"publish","type":"post","link":"https:\/\/www.europesays.com\/pl\/162326\/","title":{"rendered":"IKEA wycofa\u0142a produkt. U niekt\u00f3rych mo\u017ce wywo\u0142a\u0107 alergi\u0119!"},"content":{"rendered":"<p>    Warto sprawdzi\u0107.<\/p>\n<p>&#8222;G\u0142\u00f3wny Inspektor Sanitarny zosta\u0142 poinformowany poprzez System Wczesnego Ostrzegania o Niebezpiecznej \u017bywno\u015bci i Paszy (RASFF) o wycofaniu okre\u015blonych partii pra\u017conej cebuli marki IKEA. Chocia\u017c lista sk\u0142adnik\u00f3w wskazuje, \u017ce produkt zawiera pszenic\u0119, sk\u0142adnik ten nie zosta\u0142 odpowiednio wyr\u00f3\u017cniony w wykazie sk\u0142adnik\u00f3w jako alergen (brak pogrubienia czcionki w wyrazie pszenica). Spo\u017cycie produktu przez osoby z alergi\u0105 na pszenic\u0119 mo\u017ce wywo\u0142a\u0107 u nich reakcj\u0119 alergiczn\u0105&#8221;- informuje GIS. <\/p>\n<p>Szczeg\u00f3\u0142y dotycz\u0105ce produktu:<br \/>Nazwa produktu: ROSTAD L\u00d6K Fried onions, 100 g<br \/>nr partii: 01-09-2026 &#8211; 22-11-2026<br \/>termin przydatno\u015bci do spo\u017cycia: od 01-09-2026 do 22-11-2026<br \/>Dystrybutor w Polsce: IKEA Retail Sp. z o.o., Janki, Pl. Szwedzki 3, 05-090 Raszyn<br \/>Kraj pochodzenia: Polska<\/p>\n<p>&#8222;IKEA Retail sp. z o.o. dobrowolnie wycofa\u0142a partie produktu oraz poinformowa\u0142a o zagro\u017ceniu. IKEA Retail sp. z o.o. poinformowa\u0142a klient\u00f3w o wycofaniu produktu na stronie internetowej www.ikea.pl, dodatkowo w ka\u017cdym sklepie, w widocznych miejscach, umieszczone s\u0105 komunikaty dla klient\u00f3w. Opr\u00f3cz tego opublikowano post informuj\u0105cy o wycofaniu produktu w mediach spo\u0142eczno\u015bciowych &#8211; w portalu Facebook&#8221;- przekazano. <\/p>\n<p>Organy Pa\u0144stwowej Inspekcji Sanitarnej, we wsp\u00f3\u0142pracy z dystrybutorem, monitoruj\u0105 proces wycofywania kwestionowanego produktu. <\/p>\n<p>Osoby uczulone na pszenic\u0119 nie powinny spo\u017cywa\u0107 produktu wskazanego w komunikacie. Mo\u017cna go zwr\u00f3ci\u0107 w dowolnym sklepie IKEA i otrzyma\u0107 pe\u0142ny zwrot koszt\u00f3w &#8211; paragon nie jest wymagany. <\/p>\n<p style=\"margin-bottom: 6px;\">Autor: <a href=\"https:\/\/epoznan.pl\/newsListAuthor-j\" rel=\"nofollow noopener\" target=\"_blank\">j<\/a><\/p>\n<p>Dodano: 20 grudnia 2025 r. godz. 16:32<\/p>\n","protected":false},"excerpt":{"rendered":"Warto sprawdzi\u0107. &#8222;G\u0142\u00f3wny Inspektor Sanitarny zosta\u0142 poinformowany poprzez System Wczesnego Ostrzegania o Niebezpiecznej \u017bywno\u015bci i Paszy (RASFF) o&hellip;\n","protected":false},"author":2,"featured_media":162327,"comment_status":"","ping_status":"","sticky":false,"template":"","format":"standard","meta":{"footnotes":""},"categories":[16],"tags":[113,112,8569,42,38,40,39,41],"class_list":{"0":"post-162326","1":"post","2":"type-post","3":"status-publish","4":"format-standard","5":"has-post-thumbnail","7":"category-biznes","8":"tag-biznes","9":"tag-business","10":"tag-gis","11":"tag-pl","12":"tag-poland","13":"tag-polish","14":"tag-polska","15":"tag-polski"},"share_on_mastodon":{"url":"https:\/\/pubeurope.com\/@pl\/115754140074574285","error":""},"_links":{"self":[{"href":"https:\/\/www.europesays.com\/pl\/wp-json\/wp\/v2\/posts\/162326","targetHints":{"allow":["GET"]}}],"collection":[{"href":"https:\/\/www.europesays.com\/pl\/wp-json\/wp\/v2\/posts"}],"about":[{"href":"https:\/\/www.europesays.com\/pl\/wp-json\/wp\/v2\/types\/post"}],"author":[{"embeddable":true,"href":"https:\/\/www.europesays.com\/pl\/wp-json\/wp\/v2\/users\/2"}],"replies":[{"embeddable":true,"href":"https:\/\/www.europesays.com\/pl\/wp-json\/wp\/v2\/comments?post=162326"}],"version-history":[{"count":0,"href":"https:\/\/www.europesays.com\/pl\/wp-json\/wp\/v2\/posts\/162326\/revisions"}],"wp:featuredmedia":[{"embeddable":true,"href":"https:\/\/www.europesays.com\/pl\/wp-json\/wp\/v2\/media\/162327"}],"wp:attachment":[{"href":"https:\/\/www.europesays.com\/pl\/wp-json\/wp\/v2\/media?parent=162326"}],"wp:term":[{"taxonomy":"category","embeddable":true,"href":"https:\/\/www.europesays.com\/pl\/wp-json\/wp\/v2\/categories?post=162326"},{"taxonomy":"post_tag","embeddable":true,"href":"https:\/\/www.europesays.com\/pl\/wp-json\/wp\/v2\/tags?post=162326"}],"curies":[{"name":"wp","href":"https:\/\/api.w.org\/{rel}","templated":true}]}}