{"id":162351,"date":"2025-12-20T22:17:16","date_gmt":"2025-12-20T22:17:16","guid":{"rendered":"https:\/\/www.europesays.com\/pl\/162351\/"},"modified":"2025-12-20T22:17:16","modified_gmt":"2025-12-20T22:17:16","slug":"kaczorowska-kontra-rozenek-majdan-czyli-sukcesy-i-porazki-modowe-tygodnia","status":"publish","type":"post","link":"https:\/\/www.europesays.com\/pl\/162351\/","title":{"rendered":"Kaczorowska kontra Rozenek-Majdan, czyli sukcesy i pora\u017cki modowe tygodnia"},"content":{"rendered":"<p>W nowym roku \u015bwiat b\u0119dzie nosi\u0142 biel. Czemu? Bo jej z\u0142amany ciep\u0142y odcie\u0144 zosta\u0142 kolorem roku 2026 Pantone. W\u0142a\u015bnie w tym odcieniu pokaza\u0142a si\u0119 w tym tygodniu <a href=\"https:\/\/plejada.pl\/temat\/malgorzata-kozuchowska-aktorka\/plyg8hf\" id=\"d69d88c1-18ab-4867-899d-e7b778873742\" rel=\"nofollow noopener\" target=\"_blank\">Ma\u0142gorzata Ko\u017cuchowska<\/a> w wersji &#8222;jestem misiem z Krup\u00f3wek&#8221;. Opr\u00f3cz niej Ma\u0142gorzata Rozenek-Majdan i Rados\u0142aw Majdan, a tak\u017ce <a href=\"https:\/\/plejada.pl\/temat\/agnieszka-kaczorowska\/gllmqk9\" id=\"72e28625-68f0-4941-acf2-156e1292f7ff\" rel=\"nofollow noopener\" target=\"_blank\">Agnieszka Kaczorowska<\/a> i Marcin Rogacewicz zmierzyli si\u0119 w pojedynku na br\u0105z.<\/p>\n<p> Galeria zdj\u0119\u0107    Janja Lesar, Katarzyna Zillmann    <img src=\"https:\/\/www.europesays.com\/pl\/wp-content\/uploads\/2025\/12\/wifk9lBaHR0cHM6Ly9vY2RuLmV1L3B1bHNjbXMvTURBXy84ZGUyMTVkMThmN2Y2ZDM1NTM0ZjFiZTg0OTMyNjc2Zi5qcGeRlQLNA.jpeg\" height=\"529\" width=\"940\" alt=\"Janja Lesar, Katarzyna Zillmann\" loading=\"lazy\" decoding=\"async\" class=\"ods-c-image__img ods-c-image__img--placeholder\"\/>     1\/7   <\/p>\n<p>Pawe\u0142 Wrzecion \/ AKPA<\/p>\n<p class=\"ods-c-gallery__item__description\">Janja Lesar i Katarzyna Zillmann pojawi\u0142y si\u0119 w pi\u0105tek w &#8222;Halo tu Polsat&#8221;, wybieraj\u0105c dopasowane do siebie stylizacje. Obie mia\u0142y na sobie niezwykle modne w tym sezonie szerokie spodnie. Janja Lesar po\u0142\u0105czy\u0142a je z kobiec\u0105 d\u0142ug\u0105 kamizelk\u0105 i p\u00f3\u0142przezroczyst\u0105 bluzk\u0105, natomiast Zillmann postawi\u0142a na bardziej sportowe rozwi\u0105zanie, czyli bia\u0142\u0105 prost\u0105 koszul\u0119 i basicowy podkoszulek. To, co by\u0142o na plus, to drobne akcenty, na jakie postawi\u0142a Zillmann. Z\u0142oty \u0142a\u0144cuch na szyi, delikatne kolczyki i z\u0142ote klamerki na butach prze\u0142amywa\u0142y do\u015b\u0107 &#8222;m\u0119sk\u0105&#8221; w wyrazie stylizacj\u0119.\n<\/p>\n<p>Ocena: 7\/10<\/p>\n<p>    Agnieszka Kaczorowska, Marcin Rogacewicz    <img src=\"https:\/\/www.europesays.com\/pl\/wp-content\/uploads\/2025\/12\/ID2k9lBaHR0cHM6Ly9vY2RuLmV1L3B1bHNjbXMvTURBXy81MGY3MDQyMDMyMzBiZmRmM2QyNWQ3ZTcxNDMyYzZlYi5qcGeRlQLNA.jpeg\" height=\"529\" width=\"940\" alt=\"Agnieszka Kaczorowska, Marcin Rogacewicz\" loading=\"lazy\" decoding=\"async\" class=\"ods-c-image__img ods-c-image__img--placeholder\"\/>     2\/7   <\/p>\n<p>https:\/\/www.instagram.com\/agakaczor\/<\/p>\n<p class=\"ods-c-gallery__item__description\">Agnieszka Kaczorowska zachwyci\u0142a podczas wizyty w &#8222;Dzie\u0144 dobry TVN&#8221;. Aktorka i tancerka ostatnio zaskakuje zmian\u0105 stylu. W przesz\u0142o\u015bci Kaczorowska lubi\u0142a przesadzi\u0107, wybieraj\u0105c suknie z rozci\u0119ciami i stroje, kt\u00f3re mog\u0142yby si\u0119 nadawa\u0107 na taneczny parkiet. Od pewnego czasu tancerka stawia na minimalizm i zgaszone barwy, kt\u00f3re \u015bwietnie do niej pasuj\u0105. Podczas wizyty w \u015bniadani\u00f3wce Kaczorowska mia\u0142a na sobie bordow\u0105 koszul\u0119, kt\u00f3r\u0105 po\u0142\u0105czy\u0142a z br\u0105zow\u0105 marynark\u0105 i ciemn\u0105 sp\u00f3dniczk\u0105 mini. Do tego wszystkiego dobra\u0142a wysokie &#8222;ci\u0119\u017ckie&#8221; buty, prze\u0142amuj\u0105c lekko biurowy sznyt. To naprawd\u0119 dobra stylizacja, a po\u0142\u0105czenie kolor\u00f3w by\u0142o uczt\u0105 dla oka. Jako elegancki dodatek s\u0142u\u017cy\u0142 Marcin Rogacewicz, kt\u00f3ry r\u00f3wnie\u017c wybra\u0142 ciep\u0142e jesienne kolory.\n<\/p>\n<p>Ocena: 8\/10<\/p>\n<p>       Rados\u0142aw Majdan, Ma\u0142gorzata Rozenek-Majdan    <img src=\"https:\/\/www.europesays.com\/pl\/wp-content\/uploads\/2025\/12\/nglk9lBaHR0cHM6Ly9vY2RuLmV1L3B1bHNjbXMvTURBXy83MTM1ODZhNmEyYTkxNjJjM2RhZTY4MjVmMmJmYTMxYi5qcGeRlQLNA.jpeg\" height=\"529\" width=\"940\" alt=\"Rados\u0142aw Majdan, Ma\u0142gorzata Rozenek-Majdan\" loading=\"lazy\" decoding=\"async\" class=\"ods-c-image__img ods-c-image__img--placeholder\"\/>     3\/7   <\/p>\n<p>https:\/\/www.instagram.com\/m_rozenek\/<\/p>\n<p class=\"ods-c-gallery__item__description\">Kolejna elegancka para w br\u0105zach, czyli Ma\u0142gorzata Rozenek-Majdan i Rados\u0142aw Majdan. Ma\u0142\u017ce\u0144stwo wygl\u0105da\u0142o \u015bwietnie w minimalistycznych stylizacjach. Rozenek-Majdan przyzwyczai\u0142a nas ju\u017c do podobnych look\u00f3w, co nie zmienia faktu, \u017ce za ka\u017cdym razem wygl\u0105da w nich fenomenalnie. Taka sp\u00f3jno\u015b\u0107 w kreowaniu w\u0142asnego wizerunku to du\u017cy plus, kt\u00f3ry podkre\u015bla tylko, \u017ce prezenterka doskonale wie, w czym wygl\u0105da dobrze. Tutaj stworzy\u0142a pi\u0119kn\u0105 baz\u0119, z kt\u00f3rej mo\u017cna stworzy\u0107 wiele stylizacji. Na br\u0105zow\u0105 sukienk\u0119 mo\u017cna narzuci\u0107 praktycznie wszystko: ramonesk\u0119, trencz czy marynark\u0119. Kozaki zmieni\u0107 na eleganckie szpilki i doda\u0107 naszyjnik albo zdobne kolczyki \u2014 wersja wieczorowa gotowa.\n<\/p>\n<p>Ocena: 10\/10<\/p>\n<p>    Ma\u0142gorzata Ko\u017cuchowska    <img src=\"https:\/\/www.europesays.com\/pl\/wp-content\/uploads\/2025\/12\/vtrk9lBaHR0cHM6Ly9vY2RuLmV1L3B1bHNjbXMvTURBXy9iZjUxZTBlZjNjMTE5YzYxZDcxODU4ZTExODlhZDhlYS5qcGeRlQLNB.jpeg\" height=\"529\" width=\"940\" alt=\"Ma\u0142gorzata Ko\u017cuchowska\" loading=\"lazy\" decoding=\"async\" class=\"ods-c-image__img ods-c-image__img--placeholder\"\/>     4\/7   <\/p>\n<p>https:\/\/www.instagram.com\/malgorzatakozuchowska_\/?hl=pl<\/p>\n<p class=\"ods-c-gallery__item__description\">Ma\u0142gorzata Ko\u017cuchowska od st\u00f3p do g\u0142\u00f3w w kolorze roku 2026, czyli Cloud Dancer. Taka z\u0142amana ciep\u0142a biel zosta\u0142a wybrana przez Pantone barw\u0105, kt\u00f3ra b\u0119dzie dominowa\u0142a w nadchodz\u0105cym roku. Aktorka od lat pokazuje, jak modnie mog\u0105 ubiera\u0107 si\u0119 dojrza\u0142e kobiety, nie rezygnuj\u0105c z najnowszych trend\u00f3w. W filmiku udost\u0119pnionym na profilu Ko\u017cuchowskiej na Instagramie mo\u017cemy zobaczy\u0107 aktork\u0119 w jasnym kombinezonie, ca\u0142ym obszytym fr\u0119dzlami. Do tego dobra\u0142a kremowy p\u0142aszcz, bia\u0142e szpilki i eleganck\u0105 torebk\u0119. To trudna stylizacja, w kt\u00f3rej ma\u0142o kto wygl\u0105da\u0142by dobrze. Fr\u0119dzle, szczeg\u00f3lnie w tak du\u017cej ilo\u015bci bardzo powi\u0119kszaj\u0105 sylwetk\u0119, do tego \u0142atwo wygl\u0105da\u0107 jak mi\u015b z Krup\u00f3wek&#8230; Ko\u017cuchowska jednak obroni\u0142a ten mocny element, przez co wygl\u0105da\u0142a jak bohaterka &#8222;Seksu w wielkim mie\u015bcie&#8221; przemierzaj\u0105ca zimowy Nowy Jork.\n<\/p>\n<p>Ocena: 10\/10<\/p>\n<p>       Marcin Prokop    <img src=\"https:\/\/www.europesays.com\/pl\/wp-content\/uploads\/2025\/12\/tUbk9lBaHR0cHM6Ly9vY2RuLmV1L3B1bHNjbXMvTURBXy82MzM5M2Q4MjZiZWQ3YWYyNWM2YTk1Y2Y0OTY2NDE1Yy5qcGeRlQLNB.jpeg\" height=\"628\" width=\"940\" alt=\"Marcin Prokop\" loading=\"lazy\" decoding=\"async\" class=\"ods-c-image__img ods-c-image__img--placeholder\"\/>     5\/7   <\/p>\n<p>Piotr Andrzejczak \/ MW Media<\/p>\n<p class=\"ods-c-gallery__item__description\">Marcin Prokop prawie zawsze wygl\u0105da nienagannie, szczeg\u00f3lnie gdy prowadzi wa\u017cne gale i koncerty. Tutaj podczas nagra\u0144 \u015bwi\u0105tecznego odcinka &#8222;Mam talent!&#8221; pokaza\u0142, jak w bardzo prosty spos\u00f3b wynie\u015b\u0107 m\u0119sk\u0105 stylizacj\u0119 na wy\u017cszy, bardzo elegancki poziom. Przez wybranie ciemnozielonej welurowej smokingowej marynarki oraz dobranie do niej muchy w typie du\u017cy motyl, Prokop wygl\u0105da\u0142 bardzo od\u015bwi\u0119tnie. Dobrane do zestawu buty &#8222;lakierki&#8221; i zdobna przypinka w klapie to kolejne drobne akcenty, kt\u00f3re dodawa\u0142y outfitowi klasy.\n<\/p>\n<p>Ocena: 10\/10<\/p>\n<p>    Damian Micha\u0142owski, Marcin Prokop     <\/p>\n<p class=\"ods-c-gallery__item__description\">Damian Micha\u0142owski i Marcin Prokop byli duetem prowadz\u0105cych, kt\u00f3ry absolutnie zachwyci\u0142 serca widz\u00f3w &#8222;Dzie\u0144 dobry TVN&#8221;. Panowie przerzucali si\u0119 \u017cartami, a atmosfera w studiu by\u0142a wybitnie weso\u0142a, co nie umkn\u0119\u0142o uwadz\u0119 fan\u00f3w show. Jedynym minusem by\u0142y ich stylizacje. Programy \u015bniadaniowe rz\u0105dz\u0105 si\u0119 swoimi prawami i prowadz\u0105cy na og\u00f3\u0142 ubrani s\u0105 w lu\u017ane casualowe stroje, kt\u00f3re idealnie nadaj\u0105 si\u0119 na pierwsz\u0105 po\u0142ow\u0119 dnia. Mimo wszystko w tym wypadku oczekiwa\u0142oby si\u0119 odrobin\u0119 wi\u0119cej. Wystarczy\u0142oby zast\u0105pi\u0107 bardzo sportow\u0105 bluz\u0119 Micha\u0142owskiego golfem albo koszul\u0105 z d\u0142ugim r\u0119kawem, narzucon\u0105 na T-shirt. Nie wystawimy klapy tygodnia za te stylizacje, ale by\u0142y to stroje, kt\u00f3re nasuwa\u0142y do g\u0142owy my\u015bl: mo\u017ce Prokop i Micha\u0142owski zostali wyznaczeni do poprowadzenia &#8222;DDTVN&#8221; w ostatniej chwili?\n<\/p>\n<p>Ocena: pozostawimy to wam.<\/p>\n<p>       Agnieszka Chyli\u0144ska    <img src=\"https:\/\/www.europesays.com\/pl\/wp-content\/uploads\/2025\/12\/zh2k9lBaHR0cHM6Ly9vY2RuLmV1L3B1bHNjbXMvTURBXy9kZDRlNDRkODNiYzg5NWRmYjA4NGY2NWU1Njk0N2Y2OC5qcGeRlQLNA.jpeg\" height=\"529\" width=\"940\" alt=\"Agnieszka Chyli\u0144ska\" loading=\"lazy\" decoding=\"async\" class=\"ods-c-image__img ods-c-image__img--placeholder\"\/>     7\/7   <\/p>\n<p>Pawel Wodzynski\/East News \/ East News<\/p>\n<p class=\"ods-c-gallery__item__description\">Agnieszka Chyli\u0144ska ma rockow\u0105 dusz\u0119, ale tak\u017ce ducha pe\u0142nego poczucia humoru. Wokalistka cz\u0119sto wybiera spodnie i rzadko pojawia si\u0119 w bardzo kobiecych i seksownych stylizacjach. Podczas nagra\u0144 &#8222;Mam talent!&#8221; zrobi\u0142a jednak wyj\u0105tek i pokaza\u0142a si\u0119 w sk\u00f3rzanej mini. To jest stylizacja, kt\u00f3r\u0105 doskonale pami\u0119taj\u0105 nasze mamy \u2014 kwintesencja prze\u0142omu lat 80. i 90. Niby elegancko, ale troch\u0119 tandetnie (w dobry spos\u00f3b). Cudnie i z dystansem do siebie! Chyli\u0144ska pokaza\u0142a swoje d\u0142ugie i zgrabne nogi, a szpilki w &#8222;zeberk\u0119&#8221; to ju\u017c wisienka na torcie. Jednocze\u015bnie wokalistka nie przesadzi\u0142a i nie wygl\u0105da\u0142a jak w kostiumie na przebieran\u0105 imprez\u0119. Marynarka mia\u0142a tak\u017ce wstawki z tego samego materia\u0142u co sp\u00f3dnica, tworz\u0105c charakterystyczn\u0105 dla tamtej epoki lini\u0119 szerokich ramion. Absolutnie fantastyczne!\n<\/p>\n<p>Ocena: 10\/10 i hit modowy tygodnia.<\/p>\n<p>Dzi\u0119kujemy, \u017ce przeczyta\u0142a\u015b\/e\u015b nasz artyku\u0142 do ko\u0144ca. W serwisie Plejada.pl ka\u017cdego dnia piszemy o najwa\u017cniejszych wydarzeniach show-biznesowych. B\u0105d\u017a na bie\u017c\u0105co i obserwuj Plejad\u0119 w <a href=\"http:\/\/news.google.com\/publications\/CAAiEF0PeAlb7W1llpV_mwV2rL4qFAgKIhBdD3gJW-1tZZaVf5sFdqy-?hl=pl&amp;gl=PL&amp;ceid=PL%3Apl\" rel=\"nofollow noopener\" target=\"_blank\">Wiadomo\u015bciach Google<\/a>. Odwied\u017a nas tak\u017ce na <a href=\"http:\/\/facebook.com\/plejadapl\" rel=\"nofollow noopener\" target=\"_blank\">Facebooku<\/a> , <a href=\"http:\/\/instagram.com\/plejadapl\/\" rel=\"nofollow noopener\" target=\"_blank\">Instagramie<\/a>, <a href=\"http:\/\/youtube.com\/c\/plejada\" rel=\"nofollow noopener\" target=\"_blank\">YouTubie<\/a> i <a href=\"http:\/\/tiktok.com\/@plejada_pl\" rel=\"nofollow noopener\" target=\"_blank\">TikToku<\/a>. <\/p>\n<p>Chcesz podzieli\u0107 si\u0119 ciekawym newsem lub zaproponowa\u0107 temat? Skontaktuj si\u0119 z nami, pisz\u0105c maila na adres: plejada@redakcjaonet.pl. <\/p>\n<p>  <script async src=\"\/\/www.instagram.com\/embed.js\"><\/script><script async src=\"\/\/www.tiktok.com\/embed.js\"><\/script><\/p>\n","protected":false},"excerpt":{"rendered":"W nowym roku \u015bwiat b\u0119dzie nosi\u0142 biel. Czemu? Bo jej z\u0142amany ciep\u0142y odcie\u0144 zosta\u0142 kolorem roku 2026 Pantone.&hellip;\n","protected":false},"author":2,"featured_media":162352,"comment_status":"","ping_status":"","sticky":false,"template":"","format":"standard","meta":{"footnotes":""},"categories":[22],"tags":[13014,172,32156,122,3765,3561,6576,5221,2956,48,46,42,38,40,39,41,123,47,9130,9131,804],"class_list":{"0":"post-162351","1":"post","2":"type-post","3":"status-publish","4":"format-standard","5":"has-post-thumbnail","7":"category-rozrywka","8":"tag-agnieszka_chylinska","9":"tag-agnieszka_kaczorowska","10":"tag-damian_michalowski","11":"tag-entertainment","12":"tag-janja_lesar","13":"tag-katarzyna_zillmann","14":"tag-malgorzata_kozuchowska","15":"tag-malgorzata_rozenek_majdan","16":"tag-marcin_prokop","17":"tag-nat_styl","18":"tag-omp","19":"tag-pl","20":"tag-poland","21":"tag-polish","22":"tag-polska","23":"tag-polski","24":"tag-rozrywka","25":"tag-screening_general","26":"tag-sukcesy_i_porazki_modowe","27":"tag-sukcesy_i_porazki_modowe_gwiazd","28":"tag-zdjecia_gwiazd"},"share_on_mastodon":{"url":"https:\/\/pubeurope.com\/@pl\/115754214987832070","error":""},"_links":{"self":[{"href":"https:\/\/www.europesays.com\/pl\/wp-json\/wp\/v2\/posts\/162351","targetHints":{"allow":["GET"]}}],"collection":[{"href":"https:\/\/www.europesays.com\/pl\/wp-json\/wp\/v2\/posts"}],"about":[{"href":"https:\/\/www.europesays.com\/pl\/wp-json\/wp\/v2\/types\/post"}],"author":[{"embeddable":true,"href":"https:\/\/www.europesays.com\/pl\/wp-json\/wp\/v2\/users\/2"}],"replies":[{"embeddable":true,"href":"https:\/\/www.europesays.com\/pl\/wp-json\/wp\/v2\/comments?post=162351"}],"version-history":[{"count":0,"href":"https:\/\/www.europesays.com\/pl\/wp-json\/wp\/v2\/posts\/162351\/revisions"}],"wp:featuredmedia":[{"embeddable":true,"href":"https:\/\/www.europesays.com\/pl\/wp-json\/wp\/v2\/media\/162352"}],"wp:attachment":[{"href":"https:\/\/www.europesays.com\/pl\/wp-json\/wp\/v2\/media?parent=162351"}],"wp:term":[{"taxonomy":"category","embeddable":true,"href":"https:\/\/www.europesays.com\/pl\/wp-json\/wp\/v2\/categories?post=162351"},{"taxonomy":"post_tag","embeddable":true,"href":"https:\/\/www.europesays.com\/pl\/wp-json\/wp\/v2\/tags?post=162351"}],"curies":[{"name":"wp","href":"https:\/\/api.w.org\/{rel}","templated":true}]}}