{"id":162394,"date":"2025-12-20T23:18:21","date_gmt":"2025-12-20T23:18:21","guid":{"rendered":"https:\/\/www.europesays.com\/pl\/162394\/"},"modified":"2025-12-20T23:18:21","modified_gmt":"2025-12-20T23:18:21","slug":"pozar-hali-z-paliwami-alternatywnymi-w-stalowej-woli","status":"publish","type":"post","link":"https:\/\/www.europesays.com\/pl\/162394\/","title":{"rendered":"Po\u017car hali z paliwami alternatywnymi w Stalowej Woli"},"content":{"rendered":"<p>W pi\u0105tkowy wiecz\u00f3r po\u017car hali magazynowej z paliwami alternatywnymi wybuch\u0142 w strefie przemys\u0142owej w Stalowej Woli &#8211; informowa\u0142 serwis stalowka.net. Prezydent miasta Lucjusz Nadbere\u017cny apelowa\u0142 do mieszka\u0144c\u00f3w, by w zwi\u0105zku z obawami dotycz\u0105cymi ska\u017cenia \u015brodowiska prewencyjnie nie wychodzili z dom\u00f3w do czasu uzyskania wynik\u00f3w bada\u0144 powietrza. Po p\u00f3\u0142nocy poinformowa\u0142, \u017ce &#8222;wyniki bada\u0144 jako\u015bci powietrza nie wskazuj\u0105 na jakiekolwiek zagro\u017cenie dla mieszka\u0144c\u00f3w&#8221;. Odwo\u0142a\u0142 w zwi\u0105zku z tym zalecenie aby nie opuszcza\u0107 dom\u00f3w. Zapewni\u0142, \u017ce pomiary b\u0119d\u0105 powtarzane. Prawdopodobnie ca\u0142\u0105 sobot\u0119 stra\u017cacy b\u0119d\u0105 dogasza\u0107 po\u017car. Ogie\u0144 zlokalizowano &#8211; poinformowa\u0142 RMF FM rzecznik miejscowej stra\u017cy starszy kapitan Krystian B\u0105k.<\/p>\n<p>                         &#13;<br \/>\n        &#13;<\/p>\n<p>                                        &#13;<br \/>\n                        &#13;<br \/>\n                            <img decoding=\"async\" src=\"https:\/\/www.europesays.com\/pl\/wp-content\/uploads\/2025\/12\/000M3SLGSTSH3XIS-C123-F4.jpg\" title=\"Trwa dogaszanie po\u017caru hali w Stalowej Woli\" alt=\"\/Fot. Stalowka.NET \/ Jacek Rodecki \/\" class=\"img-responsive\"\/>&#13;<\/p>\n<p>                            &#13;<\/p>\n<p>      &#13;<br \/>\n                            &#13;<br \/>\n                                    \/Fot. Stalowka.NET \/ Jacek Rodecki \/   &#13;\n                                    <\/p>\n<p>&#13;<\/p>\n<ul class=\"bullet\">\n<li>Oko\u0142o 20:30 zg\u0142oszono po\u017car hali magazynowej na ul. Zdzis\u0142awa Malickiego w Stalowej Woli.<\/li>\n<li>W akcji bra\u0142o udzia\u0142 8 jednostek stra\u017cy po\u017carnej, specjalistyczny sprz\u0119t oraz policja.<\/li>\n<li>P\u0142on\u0119\u0142a hala o powierzchni 1000 m\u00b2, wype\u0142niona paliwami alternatywnymi.<\/li>\n<li>W\u0142adze apelowa\u0142y do mieszka\u0144c\u00f3w o pozostanie w domach i niewietrzenie pomieszcze\u0144. Po p\u00f3\u0142nocy apel odwo\u0142ano.<\/li>\n<li>Nadal trwa dogaszanie hali, ale zlokalizowano ju\u017c ogie\u0144.<\/li>\n<li>Po ugaszeniu ognia stra\u017cacy przyst\u0105pi\u0105 do rozbi\u00f3rki hali.<\/li>\n<li>Wi\u0119cej informacji z\u00a0Polski i\u00a0\u015bwiata znajdziesz na\u00a0<a href=\"https:\/\/www.rmf24.pl\/\" target=\"_blank\" rel=\"noreferrer noopener nofollow\">RMF24.pl<\/a>.<\/li>\n<\/ul>\n<p>  W pi\u0105tek 19 grudnia 2025 roku oko\u0142o godziny 20:30 s\u0142u\u017cby ratunkowe otrzyma\u0142y zg\u0142oszenie o po\u017carze hali magazynowej przy ulicy Zdzis\u0142awa Malickiego w Stalowej Woli. Ogie\u0144 obj\u0105\u0142 budynek o wymiarach oko\u0142o 50 na 20 metr\u00f3w, w kt\u00f3rym sk\u0142adowane by\u0142y paliwa alternatywne. Ze wzgl\u0119du na specyfik\u0119 przechowywanych materia\u0142\u00f3w, sytuacja od pocz\u0105tku by\u0142a bardzo powa\u017cna.<\/p>\n<p>Na miejsce natychmiast skierowano a\u017c osiem jednostek stra\u017cy po\u017carnej, w tym specjalistyczny sprz\u0119t &#8211; wysoko\u015bciow\u0105 drabin\u0119, cystern\u0119 z 25 tysi\u0105cami litr\u00f3w wody oraz samoch\u00f3d Renault Kerax z 10 tysi\u0105cami litr\u00f3w wody. Dzia\u0142ania ratownicze wspiera\u0142a r\u00f3wnie\u017c policja, kt\u00f3ra zabezpiecza\u0142a teren i kierowa\u0142a ruchem.<\/p>\n<p>    &#13;<br \/>\n        &#13;<\/p>\n<p>                                        &#13;<br \/>\n                        &#13;<br \/>\n                            <img decoding=\"async\" src=\"https:\/\/www.europesays.com\/pl\/wp-content\/uploads\/2025\/12\/000M3SLV8NKUML62-C123-F4.jpg\" title=\"Trwa dogaszanie po\u017caru hali w Stalowej Woli\" alt=\"\/Fot. Stalowka.NET \/ Jacek Rodecki \/\" class=\"img-responsive\"\/>&#13;<\/p>\n<p>                            &#13;<\/p>\n<p>      &#13;<br \/>\n                            &#13;<br \/>\n                                    \/Fot. Stalowka.NET \/ Jacek Rodecki \/   &#13;\n                                    <\/p>\n<p>&#13;<\/p>\n<p>    &#13;<br \/>\n        &#13;<\/p>\n<p>                                        &#13;<br \/>\n                        &#13;<br \/>\n                            <img decoding=\"async\" src=\"https:\/\/www.europesays.com\/pl\/wp-content\/uploads\/2025\/12\/000M3SLWG45GUX5W-C123-F4.jpg\" title=\"Trwa dogaszanie po\u017caru hali w Stalowej Woli\" alt=\"\/Fot. Stalowka.NET \/ Jacek Rodecki \/\" class=\"img-responsive\"\/>&#13;<\/p>\n<p>                            &#13;<\/p>\n<p>      &#13;<br \/>\n                            &#13;<br \/>\n                                    \/Fot. Stalowka.NET \/ Jacek Rodecki \/   &#13;\n                                    <\/p>\n<p>&#13;<\/p>\n<p>Stra\u017cacy, wyposa\u017ceni w aparaty powietrzne, prowadzili dzia\u0142ania ga\u015bnicze z ka\u017cdej strony p\u0142on\u0105cej hali. Akcj\u0119 utrudnia\u0142a bardzo du\u017ca mg\u0142a, kt\u00f3ra ogranicza\u0142a widoczno\u015b\u0107 i spowalnia\u0142a dzia\u0142ania ratownik\u00f3w. Sytuacj\u0119 komplikowa\u0142a r\u00f3wnie\u017c specyfika po\u017caru &#8211; p\u0142on\u0105ce paliwa alternatywne mog\u0142y wydziela\u0107 toksyczne substancje, co zwi\u0119ksza\u0142o ryzyko dla zdrowia zar\u00f3wno stra\u017cak\u00f3w, jak i okolicznych mieszka\u0144c\u00f3w.<\/p>\n<p>    &#13;<br \/>\n        &#13;<\/p>\n<p>                                        &#13;<br \/>\n                        &#13;<br \/>\n                            <img decoding=\"async\" src=\"https:\/\/www.europesays.com\/pl\/wp-content\/uploads\/2025\/12\/000M3SLY9LBQQIEG-C123-F4.jpg\" title=\"Trwa dogaszanie po\u017caru hali w Stalowej Woli\" alt=\"\/Fot. Stalowka.NET \/ Jacek Rodecki \/\" class=\"img-responsive\"\/>&#13;<\/p>\n<p>                            &#13;<\/p>\n<p>      &#13;<br \/>\n                            &#13;<br \/>\n                                    \/Fot. Stalowka.NET \/ Jacek Rodecki \/   &#13;\n                                    <\/p>\n<p>&#13;<\/p>\n<p>W zwi\u0105zku z po\u017carem pojawi\u0142y si\u0119 powa\u017cne obawy dotycz\u0105ce potencjalnego ska\u017cenia \u015brodowiska. P\u0142on\u0105ce paliwa alternatywne mog\u0105 uwalnia\u0107 niebezpieczne zwi\u0105zki chemiczne do atmosfery. Na miejscu zosta\u0142y przeprowadzone badania jako\u015bci powietrza.<\/p>\n<p>    &#13;<br \/>\n        &#13;<\/p>\n<p>                                        &#13;<br \/>\n                        &#13;<br \/>\n                            <img decoding=\"async\" src=\"https:\/\/www.europesays.com\/pl\/wp-content\/uploads\/2025\/12\/000M3SM0MM88JYAJ-C123-F4.jpg\" title=\"Trwa dogaszanie po\u017caru hali w Stalowej Woli\" alt=\"\/Fot. Stalowka.NET \/ Jacek Rodecki \/\" class=\"img-responsive\"\/>&#13;<\/p>\n<p>                            &#13;<\/p>\n<p>      &#13;<br \/>\n                            &#13;<br \/>\n                                    \/Fot. Stalowka.NET \/ Jacek Rodecki \/   &#13;\n                                    <\/p>\n<p>&#13;<\/p>\n<p>  Prezydent Stalowej Woli, Lucjusz Nadbere\u017cny apelowa\u0142 wieczorem w pi\u0105tek do mieszka\u0144c\u00f3w o zachowanie szczeg\u00f3lnej ostro\u017cno\u015bci. Zaleca\u0142, by prewencyjnie ograniczy\u0107 wychodzenie na zewn\u0105trz oraz nie wietrzy\u0107 pomieszcze\u0144 do czasu uzyskania wynik\u00f3w bada\u0144 powietrza.\u00a0<\/p>\n<p>Po p\u00f3\u0142nocy prezydent Nadbere\u017cny poinformowa\u0142 na swoim profilu na portalu spo\u0142eczno\u015bciowym, \u017ce &#8222;wyniki bada\u0144 jako\u015bci powietrza nie wskazuj\u0105 na jakiekolwiek zagro\u017cenie dla mieszka\u0144c\u00f3w&#8221;. Odwo\u0142a\u0142 w zwi\u0105zku z tym zalecenie aby nie opuszcza\u0107 dom\u00f3w. Zapewni\u0142, \u017ce pomiary b\u0119d\u0105 powtarzane.\u00a0<\/p>\n<p>Prawdopodobnie ca\u0142\u0105 sobot\u0119 stra\u017cacy b\u0119d\u0105 dogasza\u0107 po\u017car. Ogie\u0144 zlokalizowano &#8211; poinformowa\u0142 o poranku RMF FM rzecznik miejscowej stra\u017cy po\u017carnej Krystian B\u0105k. Po ugaszeniu ognia stra\u017cacy przyst\u0105pi\u0105 do rozbi\u00f3rki hali.<\/p>\n","protected":false},"excerpt":{"rendered":"W pi\u0105tkowy wiecz\u00f3r po\u017car hali magazynowej z paliwami alternatywnymi wybuch\u0142 w strefie przemys\u0142owej w Stalowej Woli &#8211; informowa\u0142&hellip;\n","protected":false},"author":2,"featured_media":162395,"comment_status":"","ping_status":"","sticky":false,"template":"","format":"standard","meta":{"footnotes":""},"categories":[12],"tags":[32,33,36,37,27,34,35,28,31,25,42,38,40,39,41,29,30,26],"class_list":{"0":"post-162394","1":"post","2":"type-post","3":"status-publish","4":"format-standard","5":"has-post-thumbnail","7":"category-polska","8":"tag-breaking-news","9":"tag-breakingnews","10":"tag-featured-news","11":"tag-featurednews","12":"tag-headlines","13":"tag-latest-news","14":"tag-latestnews","15":"tag-naglowki","16":"tag-najwazniejsze-artykuly","17":"tag-news","18":"tag-pl","19":"tag-poland","20":"tag-polish","21":"tag-polska","22":"tag-polski","23":"tag-top-stories","24":"tag-topstories","25":"tag-wiadomosci"},"share_on_mastodon":{"url":"https:\/\/pubeurope.com\/@pl\/115754455190335393","error":""},"_links":{"self":[{"href":"https:\/\/www.europesays.com\/pl\/wp-json\/wp\/v2\/posts\/162394","targetHints":{"allow":["GET"]}}],"collection":[{"href":"https:\/\/www.europesays.com\/pl\/wp-json\/wp\/v2\/posts"}],"about":[{"href":"https:\/\/www.europesays.com\/pl\/wp-json\/wp\/v2\/types\/post"}],"author":[{"embeddable":true,"href":"https:\/\/www.europesays.com\/pl\/wp-json\/wp\/v2\/users\/2"}],"replies":[{"embeddable":true,"href":"https:\/\/www.europesays.com\/pl\/wp-json\/wp\/v2\/comments?post=162394"}],"version-history":[{"count":0,"href":"https:\/\/www.europesays.com\/pl\/wp-json\/wp\/v2\/posts\/162394\/revisions"}],"wp:featuredmedia":[{"embeddable":true,"href":"https:\/\/www.europesays.com\/pl\/wp-json\/wp\/v2\/media\/162395"}],"wp:attachment":[{"href":"https:\/\/www.europesays.com\/pl\/wp-json\/wp\/v2\/media?parent=162394"}],"wp:term":[{"taxonomy":"category","embeddable":true,"href":"https:\/\/www.europesays.com\/pl\/wp-json\/wp\/v2\/categories?post=162394"},{"taxonomy":"post_tag","embeddable":true,"href":"https:\/\/www.europesays.com\/pl\/wp-json\/wp\/v2\/tags?post=162394"}],"curies":[{"name":"wp","href":"https:\/\/api.w.org\/{rel}","templated":true}]}}