{"id":162442,"date":"2025-12-21T00:30:13","date_gmt":"2025-12-21T00:30:13","guid":{"rendered":"https:\/\/www.europesays.com\/pl\/162442\/"},"modified":"2025-12-21T00:30:13","modified_gmt":"2025-12-21T00:30:13","slug":"robert-lewandowski-moze-wrocic-do-skladu-barcelony-zdecydowana-opinia-flicka-jest-gotowy-sport-tvp-pl","status":"publish","type":"post","link":"https:\/\/www.europesays.com\/pl\/162442\/","title":{"rendered":"Robert Lewandowski mo\u017ce wr\u00f3ci\u0107 do sk\u0142adu Barcelony. Zdecydowana opinia Flicka. &quot;Jest gotowy&quot; &#8211; sport.tvp.pl"},"content":{"rendered":"<ol>\n<li><a href=\"https:\/\/news.google.com\/rss\/articles\/CBMisgFBVV95cUxNNGZxM3RUeFB1dUFzVVdwRGJ4S2lPNWNFbEdPYnZXUHY3UE1IVExmeDd3SXlJN1pWT3BfSUVmUUFPeXQ4NXRTbm11QXBBRFRUa2Ezb3dKMVJFYWhWaERiT09OZ3RNYmNwanRHczlVVnNsNDFGNWwxODk5Q1pVSlhuX2gwRHltdFFjbDM2OGJBeWIzRGtBN0c0NERVYldwdGRZak5mcGJudDZsaVVveUVyQlRn0gG3AUFVX3lxTE5Ybzg0NFBkTGxOb1h6Tl82TVhTNEVXY0ZUSXRtdmNjbUlLUGg4ZWxOcVBBRFJjRzhBbjBZOUdudFhoNXVRLV9lNnJmUEdQNTF5ZHdkaGZ0VU1zcHRpenk2YnNKY1JPam5nVS11alpjeUFmazJSRmk4WnRYOGdRZnlrVG1pcTR5NTNQcDd4UHViRmd1OGFkeEc2RjJPTWFiYVUxZU9YNGdRUUJ6VTFMNXVFM3RGeDM5QQ?oc=5\" target=\"_blank\" rel=\"nofollow noopener\">Robert Lewandowski mo\u017ce wr\u00f3ci\u0107 do sk\u0142adu Barcelony. Zdecydowana opinia Flicka. &#8222;Jest gotowy&#8221;<\/a>&nbsp;&nbsp;sport.tvp.pl<\/li>\n<li><a href=\"https:\/\/news.google.com\/rss\/articles\/CBMiwwFBVV95cUxPZDJjZXVzaWp4UkhBQ3FvSHpCVW8tYmFRZHEzWTE2Qi1MTTdLNGM5ek1RQk9vS3pfTHNVWEVuOWdVVG1qeG9pbVlES0ZfNWdXVnYtVU5sQ1kxTE1IM3c2WnB4Tmd3OWV1Zm15UEQzVFowQzdEQk1PeVNieWhwZ2ZSSGRWSk1XbVZHdVNnUkZYX1dXVkVWZXk3WWFJdjB5NExVR3dOYVRvS25WNnFDSVVQLUZqZGlXMHhPcnZvSy1qVU9EVVE?oc=5\" target=\"_blank\" rel=\"nofollow noopener\">Hansi Flick rozwiewa w\u0105tpliwo\u015bci w sprawie Roberta Lewandowskiego!<\/a>&nbsp;&nbsp;Przegl\u0105d Sportowy Onet<\/li>\n<li><a href=\"https:\/\/news.google.com\/rss\/articles\/CBMikwFBVV95cUxNbUNwWUxRLVh1Ql9kQnJEblZwRDdKRHJlVTBTSmtKbFF3X1c5S2R6NzdtQ0tKWGdSdXEzcm9sUm1mc3JhYTE0MUtCOWNEaVZfZjhwR1ZXUHdfT01WVXdkT3Q3V291NFZyd3pyNU83M09FUFJMVTdDbTJvRV9wbzdKa2E5ekFONTZXSWVsVW1jT1hjcmc?oc=5\" target=\"_blank\" rel=\"nofollow noopener\">Lewandowski wraca do gry. Flick potwierdza<\/a>&nbsp;&nbsp;SportoweFakty<\/li>\n<li><a href=\"https:\/\/news.google.com\/rss\/articles\/CBMivwFBVV95cUxNVWlQNWRVYUZ5TEFvWEpvVjJfemliWkJsaEh6T3BmMWlkdFdSVzNibkxoVEcxeUlUSnRSamZqNkF3RHR4WjlXb0o3cEkySV9JaEROeWZPdnhWekUzdXFJREI2dW1UWnEyUmxXM04tVkpmVzIyaDc0MFhsVGVnNUxrc3lYeWZ2dk1QS1pDNXFOaGx3QnVaa0xmMk1FOGktNnJDWUFYRmpWNVJBSWxTS1ZzZjJQVGZlelZ6dGFlM1l2TQ?oc=5\" target=\"_blank\" rel=\"nofollow noopener\">Flick informuje ws. Lewandowskiego, zmiana statusu Polaka. Ale\u017c s\u0142owa<\/a>&nbsp;&nbsp;Sport w INTERIA.PL<\/li>\n<li><a href=\"https:\/\/news.google.com\/rss\/articles\/CBMiqwFBVV95cUxOUmI5RWk0SHBQdDBpdkNXemUtM1VzdHdwNVVQQW94Z1piQXcybWRuWWtPSFFuTnNlQUd3RG9tRVVpNmJhMjdaRFd6WXowdW5GR0Flc3NqZVhGaEtaVm94cEpndU41aEk5ZkF6TTFwTU9aQ2dpTHJaWWMtSVBJU1Bab2dnQXEwbnU1TVNjNzNpeDhkZFBSS0I3RTFpLTNkUFBzbEFyTUNTWEZCV2M?oc=5\" target=\"_blank\" rel=\"nofollow noopener\">Flick wypali\u0142 prosto z mostu. Rozwia\u0142 wszelkie w\u0105tpliwo\u015bci ws. Lewandowskiego<\/a>&nbsp;&nbsp;Sport.pl<\/li>\n<\/ol>\n","protected":false},"excerpt":{"rendered":"Robert Lewandowski mo\u017ce wr\u00f3ci\u0107 do sk\u0142adu Barcelony. Zdecydowana opinia Flicka. &#8222;Jest gotowy&#8221;&nbsp;&nbsp;sport.tvp.pl Hansi Flick rozwiewa w\u0105tpliwo\u015bci w sprawie&hellip;\n","protected":false},"author":2,"featured_media":162443,"comment_status":"","ping_status":"","sticky":false,"template":"","format":"standard","meta":{"footnotes":""},"categories":[24],"tags":[272,2600,538,269,42,38,40,39,41,273,127,334,126],"class_list":{"0":"post-162442","1":"post","2":"type-post","3":"status-publish","4":"format-standard","5":"has-post-thumbnail","7":"category-sport","8":"tag-fc-barcelona","9":"tag-hansi-flick","10":"tag-la-liga","11":"tag-pilka-nozna","12":"tag-pl","13":"tag-poland","14":"tag-polish","15":"tag-polska","16":"tag-polski","17":"tag-robert-lewandowski","18":"tag-sport","19":"tag-sport-tvp-pl","20":"tag-sports"},"share_on_mastodon":{"url":"https:\/\/pubeurope.com\/@pl\/115754737748142823","error":""},"_links":{"self":[{"href":"https:\/\/www.europesays.com\/pl\/wp-json\/wp\/v2\/posts\/162442","targetHints":{"allow":["GET"]}}],"collection":[{"href":"https:\/\/www.europesays.com\/pl\/wp-json\/wp\/v2\/posts"}],"about":[{"href":"https:\/\/www.europesays.com\/pl\/wp-json\/wp\/v2\/types\/post"}],"author":[{"embeddable":true,"href":"https:\/\/www.europesays.com\/pl\/wp-json\/wp\/v2\/users\/2"}],"replies":[{"embeddable":true,"href":"https:\/\/www.europesays.com\/pl\/wp-json\/wp\/v2\/comments?post=162442"}],"version-history":[{"count":0,"href":"https:\/\/www.europesays.com\/pl\/wp-json\/wp\/v2\/posts\/162442\/revisions"}],"wp:featuredmedia":[{"embeddable":true,"href":"https:\/\/www.europesays.com\/pl\/wp-json\/wp\/v2\/media\/162443"}],"wp:attachment":[{"href":"https:\/\/www.europesays.com\/pl\/wp-json\/wp\/v2\/media?parent=162442"}],"wp:term":[{"taxonomy":"category","embeddable":true,"href":"https:\/\/www.europesays.com\/pl\/wp-json\/wp\/v2\/categories?post=162442"},{"taxonomy":"post_tag","embeddable":true,"href":"https:\/\/www.europesays.com\/pl\/wp-json\/wp\/v2\/tags?post=162442"}],"curies":[{"name":"wp","href":"https:\/\/api.w.org\/{rel}","templated":true}]}}