{"id":162478,"date":"2025-12-21T01:19:09","date_gmt":"2025-12-21T01:19:09","guid":{"rendered":"https:\/\/www.europesays.com\/pl\/162478\/"},"modified":"2025-12-21T01:19:09","modified_gmt":"2025-12-21T01:19:09","slug":"krystian-bielik-przedwczesnie-opuscil-boisko-w-meczu-west-bromwich-hull-city-sport-tvp-pl","status":"publish","type":"post","link":"https:\/\/www.europesays.com\/pl\/162478\/","title":{"rendered":"Krystian Bielik przedwcze\u015bnie opu\u015bci\u0142 boisko w meczu West Bromwich \u2013 Hull City &#8211; sport.tvp.pl"},"content":{"rendered":"<ol>\n<li><a href=\"https:\/\/news.google.com\/rss\/articles\/CBMiuwFBVV95cUxObW5FaUJMSHQ4NWN6ZFFjU3lFbmE0TEpGajY2THo2MVlsYm42akRBMDg5RWlzVThmdjNzSmg4NDFFNExLLWhGSktZcDJCTWMzZ29DWEFxcGhtUS1jQXk0RzdkTzd0X3BRSlBiQVBiSndiS290Z2JmM1hDb2tqS054a2pwWWlmcjJnZlZTdGxFXzlCZlFpa2FsR1kteF9YQi10dmtHakdKWkhOcm1McUdseUdHNHJnQ1RsN0Jr0gHAAUFVX3lxTE1JQTZRLTQ5V0pIcEJjZHVVcFdwQVl0TUFaN05uWWRIMEw1U3hteWJyOFYtQ2pIb2xFS0l0VXBoY21wTE01VWplcHQ2ZEU1OXRaVmQ0VlJDRmdwSEpQOUk1MXJORHMxQ2VkSFFVTmg2QzJKMUEwWlo1YXh2UVhOYm5UZUlIQlR4d29oUGF6akQyWVVPVGZXa25qb1dxVkM2Zlhsck9vUlhaOUU1VVlEaU5uWlZCc1RQQVYtR2ZTaldsUA?oc=5\" target=\"_blank\" rel=\"nofollow noopener\">Krystian Bielik przedwcze\u015bnie opu\u015bci\u0142 boisko w meczu West Bromwich \u2013 Hull City<\/a>&nbsp;&nbsp;sport.tvp.pl<\/li>\n<li><a href=\"https:\/\/news.google.com\/rss\/articles\/CBMipAFBVV95cUxQRjNsUWRxeGdtZ0xiNWktNU5EVVpHVlJNR3pLMjhOTkR4QkV4ZWpvUmF3dVlhN0VpZWVYRFZ3dU5lLUhlRW13a1dwY2I5SkhYWFZBS3pkNkpDQ1pzUk42TnVEci1CcmIxVHEyeVZGa0MyZ1NmOEY5SHBVYURCM2tzRGx0Ymg0a2FkeGdzVHdubkRjNm83RUd4d0ZFLW54WTAzZDVFUQ?oc=5\" target=\"_blank\" rel=\"nofollow noopener\">Przekaza\u0142 z\u0142e wie\u015bci ws. Bielika. &#8222;To nie jest dobry znak&#8221;<\/a>&nbsp;&nbsp;SportoweFakty<\/li>\n<li><a href=\"https:\/\/news.google.com\/rss\/articles\/CBMixwFBVV95cUxPVkhOeURtamNxODZySVpYRjdsbGlnczdwcldleUdQa1lJZE5sa0tGYnJHQ0o5eU1RaklIX0xqdTVkOVhFUk5DZE9leWp3VU4xc1MyLTRhWE1GU3FVMlVwNy1jNXJiblBrSXluREgyZUVmR3dMRUtHNVpOSmdSUmw3WGhsMXZnMDZBcFZLVlpDanBtQXNkTjY3RTFaSnN5Nm1lbXFoWkh6RVdKQWNrSEdYODRKdkVkclVkSWhnOXluSUp2R21tUEM4?oc=5\" target=\"_blank\" rel=\"nofollow noopener\">Koszmar reprezentanta Polski! Zn\u00f3w zszed\u0142 z boiska z kontuzj\u0105<\/a>&nbsp;&nbsp;Przegl\u0105d Sportowy Onet<\/li>\n<li><a href=\"https:\/\/news.google.com\/rss\/articles\/CBMiggFBVV95cUxQLU5FWVp3N2I4WlFoM0JLTkEtdjJDSEQ1UlU0aFpsMkFMYm44cG5wdElMTkktMkJnNU1UTnY4MHhZTGg3T0VSdzh4TzMyMUM0YTJVc2hDVXVxX2tOcFBDX2NBT24tWE5OT0RidWtkSndzQjRVXzhkZ1Zlc1VER2sxNFB3?oc=5\" target=\"_blank\" rel=\"nofollow noopener\">Pechowa sytuacja Krystiana Bielika<\/a>&nbsp;&nbsp;Transfery.info<\/li>\n<li><a href=\"https:\/\/news.google.com\/rss\/articles\/CBMipgFBVV95cUxPUndycmRkNGpGOGpQRnNXRk9Ra1NJNnl2TWQtdzloUDRIVnh3aDlnYm9Ieks2UUNaZ1I5N1ZDMTZaRThtSno4TmxPUmZuNXNHSmJyRG9fZDFOajgxRnJWVVlMOUVDTHVsWmY1enBBb3JQWTNyTW5uLW44OUR1clNrR2RBU0NQYTNTV0dxRXg1ZG9jQ0ZUMVROUG9qMkdwVm5JcHZlWWhn?oc=5\" target=\"_blank\" rel=\"nofollow noopener\">Krystian Bielik zn\u00f3w kontuzjowany. Pech pomocnika West Bromwich Albion<\/a>&nbsp;&nbsp;Goal.pl<\/li>\n<\/ol>\n","protected":false},"excerpt":{"rendered":"Krystian Bielik przedwcze\u015bnie opu\u015bci\u0142 boisko w meczu West Bromwich \u2013 Hull City&nbsp;&nbsp;sport.tvp.pl Przekaza\u0142 z\u0142e wie\u015bci ws. Bielika. &#8222;To&hellip;\n","protected":false},"author":2,"featured_media":162479,"comment_status":"","ping_status":"","sticky":false,"template":"","format":"standard","meta":{"footnotes":""},"categories":[24],"tags":[26607,32179,32177,42,38,40,39,41,127,334,126,32178],"class_list":{"0":"post-162478","1":"post","2":"type-post","3":"status-publish","4":"format-standard","5":"has-post-thumbnail","7":"category-sport","8":"tag-championship","9":"tag-hull-city","10":"tag-krystian-bielik","11":"tag-pl","12":"tag-poland","13":"tag-polish","14":"tag-polska","15":"tag-polski","16":"tag-sport","17":"tag-sport-tvp-pl","18":"tag-sports","19":"tag-west-bromwich-albion"},"share_on_mastodon":{"url":"https:\/\/pubeurope.com\/@pl\/115754930232297896","error":""},"_links":{"self":[{"href":"https:\/\/www.europesays.com\/pl\/wp-json\/wp\/v2\/posts\/162478","targetHints":{"allow":["GET"]}}],"collection":[{"href":"https:\/\/www.europesays.com\/pl\/wp-json\/wp\/v2\/posts"}],"about":[{"href":"https:\/\/www.europesays.com\/pl\/wp-json\/wp\/v2\/types\/post"}],"author":[{"embeddable":true,"href":"https:\/\/www.europesays.com\/pl\/wp-json\/wp\/v2\/users\/2"}],"replies":[{"embeddable":true,"href":"https:\/\/www.europesays.com\/pl\/wp-json\/wp\/v2\/comments?post=162478"}],"version-history":[{"count":0,"href":"https:\/\/www.europesays.com\/pl\/wp-json\/wp\/v2\/posts\/162478\/revisions"}],"wp:featuredmedia":[{"embeddable":true,"href":"https:\/\/www.europesays.com\/pl\/wp-json\/wp\/v2\/media\/162479"}],"wp:attachment":[{"href":"https:\/\/www.europesays.com\/pl\/wp-json\/wp\/v2\/media?parent=162478"}],"wp:term":[{"taxonomy":"category","embeddable":true,"href":"https:\/\/www.europesays.com\/pl\/wp-json\/wp\/v2\/categories?post=162478"},{"taxonomy":"post_tag","embeddable":true,"href":"https:\/\/www.europesays.com\/pl\/wp-json\/wp\/v2\/tags?post=162478"}],"curies":[{"name":"wp","href":"https:\/\/api.w.org\/{rel}","templated":true}]}}