{"id":162507,"date":"2025-12-21T02:42:09","date_gmt":"2025-12-21T02:42:09","guid":{"rendered":"https:\/\/www.europesays.com\/pl\/162507\/"},"modified":"2025-12-21T02:42:09","modified_gmt":"2025-12-21T02:42:09","slug":"jest-ostrzezenie-imgw-dla-naszego-regionu","status":"publish","type":"post","link":"https:\/\/www.europesays.com\/pl\/162507\/","title":{"rendered":"Jest ostrze\u017cenie IMGW dla naszego regionu!"},"content":{"rendered":"<p>    Mo\u017ce by\u0107 niebezpiecznie na drogach.<\/p>\n<p>Ostrze\u017cenie IMGW pierwszego stopnia o g\u0119stej mgle obejmuje do godziny 9:00 w niedziel\u0119 21 grudnia powiaty: grodziski, ko\u015bcia\u0144ski, leszczy\u0144ski, Leszno i wolszty\u0144ski.<\/p>\n<p>&#8222;Miejscami wyst\u0119puj\u0105 i b\u0119d\u0105 si\u0119 utrzymywa\u0107 g\u0119ste mg\u0142y z widzialno\u015bci\u0105 poni\u017cej 200 m&#8221; &#8211; informuje IMGW.<\/p>\n<p>Prawdopodobie\u0144stwo wyst\u0105pienia zjawiska to 80 procent.<\/p>\n<p>W dw\u00f3ch powiatach &#8211; pilskim i z\u0142otowskim ostrze\u017cenie zacznie obowi\u0105zywa\u0107 od 20:00 w sobot\u0119, 20 grudnia, i trwa\u0107 b\u0119dzie do niedzieli 21 grudnia do godziny 9:00.<\/p>\n<p>&#8222;Prognozuje si\u0119 miejscami g\u0119ste mg\u0142y, w zasi\u0119gu kt\u00f3rych widzialno\u015b\u0107 mo\u017ce wynosi\u0107 poni\u017cej 200 m&#8221; &#8211; czytamy w komunikacie IMGW.<\/p>\n<p>Prawdopodobie\u0144stwo wyst\u0105pienia zjawiska to 70 procent. <\/p>\n<p style=\"margin-bottom: 6px;\">Autor: <a href=\"https:\/\/epoznan.pl\/newsListAuthor-j\" rel=\"nofollow noopener\" target=\"_blank\">j<\/a><\/p>\n<p>Dodano: 20 grudnia 2025 r. godz. 18:02<\/p>\n","protected":false},"excerpt":{"rendered":"Mo\u017ce by\u0107 niebezpiecznie na drogach. Ostrze\u017cenie IMGW pierwszego stopnia o g\u0119stej mgle obejmuje do godziny 9:00 w niedziel\u0119&hellip;\n","protected":false},"author":2,"featured_media":162508,"comment_status":"","ping_status":"","sticky":false,"template":"","format":"standard","meta":{"footnotes":""},"categories":[12],"tags":[32,33,36,37,27,34,35,10372,28,31,25,32181,42,78,38,40,39,41,29,30,26],"class_list":{"0":"post-162507","1":"post","2":"type-post","3":"status-publish","4":"format-standard","5":"has-post-thumbnail","7":"category-polska","8":"tag-breaking-news","9":"tag-breakingnews","10":"tag-featured-news","11":"tag-featurednews","12":"tag-headlines","13":"tag-latest-news","14":"tag-latestnews","15":"tag-mgla","16":"tag-naglowki","17":"tag-najwazniejsze-artykuly","18":"tag-news","19":"tag-ostrzezenie-imgw","20":"tag-pl","21":"tag-pogoda","22":"tag-poland","23":"tag-polish","24":"tag-polska","25":"tag-polski","26":"tag-top-stories","27":"tag-topstories","28":"tag-wiadomosci"},"share_on_mastodon":{"url":"https:\/\/pubeurope.com\/@pl\/115755256613449730","error":""},"_links":{"self":[{"href":"https:\/\/www.europesays.com\/pl\/wp-json\/wp\/v2\/posts\/162507","targetHints":{"allow":["GET"]}}],"collection":[{"href":"https:\/\/www.europesays.com\/pl\/wp-json\/wp\/v2\/posts"}],"about":[{"href":"https:\/\/www.europesays.com\/pl\/wp-json\/wp\/v2\/types\/post"}],"author":[{"embeddable":true,"href":"https:\/\/www.europesays.com\/pl\/wp-json\/wp\/v2\/users\/2"}],"replies":[{"embeddable":true,"href":"https:\/\/www.europesays.com\/pl\/wp-json\/wp\/v2\/comments?post=162507"}],"version-history":[{"count":0,"href":"https:\/\/www.europesays.com\/pl\/wp-json\/wp\/v2\/posts\/162507\/revisions"}],"wp:featuredmedia":[{"embeddable":true,"href":"https:\/\/www.europesays.com\/pl\/wp-json\/wp\/v2\/media\/162508"}],"wp:attachment":[{"href":"https:\/\/www.europesays.com\/pl\/wp-json\/wp\/v2\/media?parent=162507"}],"wp:term":[{"taxonomy":"category","embeddable":true,"href":"https:\/\/www.europesays.com\/pl\/wp-json\/wp\/v2\/categories?post=162507"},{"taxonomy":"post_tag","embeddable":true,"href":"https:\/\/www.europesays.com\/pl\/wp-json\/wp\/v2\/tags?post=162507"}],"curies":[{"name":"wp","href":"https:\/\/api.w.org\/{rel}","templated":true}]}}