{"id":162519,"date":"2025-12-21T03:05:10","date_gmt":"2025-12-21T03:05:10","guid":{"rendered":"https:\/\/www.europesays.com\/pl\/162519\/"},"modified":"2025-12-21T03:05:10","modified_gmt":"2025-12-21T03:05:10","slug":"zbigniew-boniek-zabral-glos-w-glosnej-sprawie-kamila-grosickiego-strasznie-sie-ceni","status":"publish","type":"post","link":"https:\/\/www.europesays.com\/pl\/162519\/","title":{"rendered":"Zbigniew Boniek zabra\u0142 g\u0142os w g\u0142o\u015bnej sprawie Kamila Grosickiego. &#8222;Strasznie si\u0119 ceni&#8221;"},"content":{"rendered":"<p class=\"article-p\" data-section=\"detail-body\">Pocz\u0105tek sezonu w wykonaniu Pogoni Szczecin nie nale\u017ca\u0142 do udanych. Wyniki dru\u017cyny rozczarowywa\u0142y kibic\u00f3w, co we wrze\u015bniu doprowadzi\u0142o do zwolnienia trenera Roberta Kolendowicza. Jego nast\u0119pc\u0105 zosta\u0142 Thomas Thomasberg, a zesp\u00f3\u0142 zako\u0144czy\u0142 rund\u0119 jesienn\u0105 na 10. pozycji w lidze.<\/p>\n<p class=\"article-p\" data-section=\"detail-body\"><a href=\"https:\/\/sport.fakt.pl\/pilka-nozna\/nie-maja-jaj-tak-pilkarze-legii-warszawa-odebrali-slowa-frediego-bobica\/sj4yvg3\" id=\"6f1326e5-cec2-4bc1-a55a-aef5ce97599d\" rel=\"nofollow noopener\" target=\"_blank\">&#8222;Nie maj\u0105 jaj&#8221;. Tak pi\u0142karze Legii Warszawa odebrali s\u0142owa Frediego Bobica<\/a><\/p>\n<p>        Zbigniew Boniek skomentowa\u0142 spraw\u0119 z Kamilem Grosickm w roli g\u0142\u00f3wnej<\/p>\n<p class=\"article-p\" data-section=\"detail-body\">Po przej\u0119ciu klubu przez Alexa Haditaghiego dosz\u0142o do wielu zmian personalnych, a rozmowy dotycz\u0105ce nowej umowy dla Grosickiego sta\u0142y si\u0119 jednym z najwa\u017cniejszych temat\u00f3w wok\u00f3\u0142 zespo\u0142u.<\/p>\n<p class=\"article-p\" data-section=\"detail-body\">Z medialnych informacji wynika, \u017ce oferta zaproponowana przez klub by\u0142a znacznie ni\u017csza od finansowych oczekiwa\u0144 pi\u0142karza. Prezes Haditaghi nie kry\u0142 irytacji, \u017ce negocjacje kontraktowe przenios\u0142y si\u0119 do przestrzeni publicznej i sta\u0142y si\u0119 przedmiotem szerokiej dyskusji.<\/p>\n<p class=\"article-p\" data-section=\"detail-body\">Do sprawy odni\u00f3s\u0142 si\u0119 tak\u017ce Zbigniew Boniek w felietonie opublikowanym na \u0142amach &#8222;Wesz\u0142o&#8221;. By\u0142y prezes PZPN zaznaczy\u0142, \u017ce nag\u0142a\u015bnianie wewn\u0119trznych kwestii klubu nie jest, jego zdaniem, najlepszym rozwi\u0105zaniem.<\/p>\n<p class=\"article-p\" data-section=\"detail-body\">&#8222;Nie uwa\u017cam, by roztrz\u0105sanie wewn\u0119trznych spraw na forum publicznym by\u0142o najlepszym posuni\u0119ciem. Ale z drugiej strony, mo\u017cna powiedzie\u0107, \u017ce Kamil poprzez swoich ludzi tak\u017ce stara\u0142 si\u0119, aby by\u0142o g\u0142o\u015bno na temat ewentualnego przed\u0142u\u017cenia kontraktu&#8221; \u2014 pisze Boniek.<\/p>\n<p class=\"article-p\" data-section=\"detail-body\">&#8222;Obiektywnie musz\u0119 powiedzie\u0107: je\u015bli przytoczone przez Haditaghiego liczby s\u0105 prawdziwe, to\u2026 Kamil strasznie si\u0119 ceni (z u\u015bmiechem). Mo\u017ce to i dobrze, nie mnie jest tutaj wystawia\u0107 ocen\u0119. Mam nadziej\u0119, \u017ce si\u0119 dogadaj\u0105!&#8221; \u2014 dodaje Boniek.<\/p>\n<p class=\"article-p\" data-section=\"detail-body\">Mimo kontraktowych zawirowa\u0144 Grosicki pozostaje wa\u017cnym elementem zespo\u0142u. W trwaj\u0105cych rozgrywkach zdoby\u0142 sze\u015b\u0107 goli i zaliczy\u0142 cztery asysty, co potwierdza jego sportow\u0105 przydatno\u015b\u0107. Problemem pozostaj\u0105 jednak oczekiwania finansowe. Wed\u0142ug s\u0142\u00f3w prezesa Haditaghiego pi\u0142karz liczy na wynagrodzenie rz\u0119du 250 tys. z\u0142 miesi\u0119cznie oraz wysokie premie. Dodatkowo chcia\u0142by podpisa\u0107 dwuletni\u0105 umow\u0119, obowi\u0105zuj\u0105c\u0105 do momentu uko\u0144czenia przez niego 40 lat.<\/p>\n<p class=\"article-p\" data-section=\"detail-body\">W kontek\u015bcie ewentualnego transferu Grosickiego pojawia si\u0119 m.in. Widzew \u0141\u00f3d\u017a, dla kt\u00f3rego sprostanie takim warunkom finansowym nie powinno by\u0107 du\u017cym wyzwaniem.<\/p>\n","protected":false},"excerpt":{"rendered":"Pocz\u0105tek sezonu w wykonaniu Pogoni Szczecin nie nale\u017ca\u0142 do udanych. Wyniki dru\u017cyny rozczarowywa\u0142y kibic\u00f3w, co we wrze\u015bniu doprowadzi\u0142o&hellip;\n","protected":false},"author":2,"featured_media":162520,"comment_status":"","ping_status":"","sticky":false,"template":"","format":"standard","meta":{"footnotes":""},"categories":[24],"tags":[42,38,40,39,41,127,126],"class_list":{"0":"post-162519","1":"post","2":"type-post","3":"status-publish","4":"format-standard","5":"has-post-thumbnail","7":"category-sport","8":"tag-pl","9":"tag-poland","10":"tag-polish","11":"tag-polska","12":"tag-polski","13":"tag-sport","14":"tag-sports"},"share_on_mastodon":{"url":"https:\/\/pubeurope.com\/@pl\/115755347019864226","error":""},"_links":{"self":[{"href":"https:\/\/www.europesays.com\/pl\/wp-json\/wp\/v2\/posts\/162519","targetHints":{"allow":["GET"]}}],"collection":[{"href":"https:\/\/www.europesays.com\/pl\/wp-json\/wp\/v2\/posts"}],"about":[{"href":"https:\/\/www.europesays.com\/pl\/wp-json\/wp\/v2\/types\/post"}],"author":[{"embeddable":true,"href":"https:\/\/www.europesays.com\/pl\/wp-json\/wp\/v2\/users\/2"}],"replies":[{"embeddable":true,"href":"https:\/\/www.europesays.com\/pl\/wp-json\/wp\/v2\/comments?post=162519"}],"version-history":[{"count":0,"href":"https:\/\/www.europesays.com\/pl\/wp-json\/wp\/v2\/posts\/162519\/revisions"}],"wp:featuredmedia":[{"embeddable":true,"href":"https:\/\/www.europesays.com\/pl\/wp-json\/wp\/v2\/media\/162520"}],"wp:attachment":[{"href":"https:\/\/www.europesays.com\/pl\/wp-json\/wp\/v2\/media?parent=162519"}],"wp:term":[{"taxonomy":"category","embeddable":true,"href":"https:\/\/www.europesays.com\/pl\/wp-json\/wp\/v2\/categories?post=162519"},{"taxonomy":"post_tag","embeddable":true,"href":"https:\/\/www.europesays.com\/pl\/wp-json\/wp\/v2\/tags?post=162519"}],"curies":[{"name":"wp","href":"https:\/\/api.w.org\/{rel}","templated":true}]}}