{"id":162560,"date":"2025-12-21T05:47:11","date_gmt":"2025-12-21T05:47:11","guid":{"rendered":"https:\/\/www.europesays.com\/pl\/162560\/"},"modified":"2025-12-21T05:47:11","modified_gmt":"2025-12-21T05:47:11","slug":"adam-konkol-po-latach-ujawnil-dlaczego-rozstal-sie-z-paulla","status":"publish","type":"post","link":"https:\/\/www.europesays.com\/pl\/162560\/","title":{"rendered":"Adam Konkol po latach ujawni\u0142, dlaczego rozsta\u0142 si\u0119 z Paull\u0105"},"content":{"rendered":"<p><a href=\"https:\/\/jastrzabpost.pl\/adam-konkol-wyjawil-ile-zarabia-padla-konkretna-kwota,7234113793489408a\" rel=\"noopener noreferrer nofollow\" target=\"_blank\">Adam Konkol niedawno udzieli\u0142 wywiadu redakcji Plotka<\/a>, w\u00a0kt\u00f3rym zosta\u0142 zapytany m.in. o\u00a0wsp\u00f3\u0142pracy z\u00a0Ani\u0105 Wyszkoni w\u00a0zespole \u0141ez i\u00a0zaatakowa\u0142 by\u0142ych koleg\u00f3w z\u00a0formacji. W\u00a0pewnym momencie zosta\u0142 zapytany o\u00a0sw\u00f3j dawny zwi\u0105zek z\u00a0<a href=\"https:\/\/jastrzabpost.pl\/paulla-glodowala-i-spala-na-lawce-parku-trudna-przeszlosc-gwiazdy,6983906961086593a\" rel=\"noopener noreferrer nofollow\" target=\"_blank\">Paull\u0105<\/a>, z\u00a0kt\u00f3r\u0105 w\u00a0kwietniu 2008 roku powita\u0142 na \u015bwiecie syna, ale ju\u017c rok p\u00f3\u017aniej, po trzech tygodniach znajomo\u015bci, o\u017ceni\u0142 si\u0119 z\u00a0Angelin\u0105 Kwiatek. Zapewni\u0142, \u017ce z\u00a0by\u0142\u0105 ukochan\u0105 dzi\u015b ma dobre relacje.<\/p>\n<p>Muzyk \u0141ez wspomnia\u0142 te\u017c o\u00a0dzi\u015b ju\u017c 17-letnim synu, kt\u00f3rego ma z\u00a0Paull\u0105. &#8222;Mamy wspania\u0142ego, kochanego i\u00a0bardzo m\u0105drego syna. Ma ju\u017c 17 lat i\u00a0cz\u0119sto mnie odwiedza&#8221; \u2013 powiedzia\u0142 Adam Konkol.<\/p>\n<p>49-latek przypomnia\u0142, \u017ce napisa\u0142 dla Paulli dwie p\u0142yty, a\u00a0druga z\u00a0nich by\u0142a dla niego szczeg\u00f3lnie bliska. Wyja\u015bni\u0142:<\/p>\n<p>Adam Konkol ujawni\u0142, \u017ce niedawno nagra\u0142 z\u00a0Paull\u0105 wsp\u00f3ln\u0105 piosenk\u0119, a\u00a0przy okazji zachwali\u0142 swoj\u0105 by\u0142\u0105 dziewczyn\u0119. &#8222;Z ni\u0105 jest taka sytuacja, \u017ce mo\u017cna by\u0142oby sprawi\u0107, aby wr\u00f3ci\u0142a na szczyt, z\u00a0tym \u017ce jest ona trudn\u0105 osob\u0105 do wsp\u00f3\u0142pracy. Mimo to, takie osoby szybko osi\u0105gaj\u0105 sukces, bo s\u0105 \u00bbjakie\u015b\u00ab, ale problem w\u00a0tym, \u017ce szybko spadaj\u0105 w\u00a0d\u00f3\u0142&#8221; \u2013\u00a0powiedzia\u0142.<\/p>\n","protected":false},"excerpt":{"rendered":"Adam Konkol niedawno udzieli\u0142 wywiadu redakcji Plotka, w\u00a0kt\u00f3rym zosta\u0142 zapytany m.in. o\u00a0wsp\u00f3\u0142pracy z\u00a0Ani\u0105 Wyszkoni w\u00a0zespole \u0141ez i\u00a0zaatakowa\u0142 by\u0142ych&hellip;\n","protected":false},"author":2,"featured_media":162561,"comment_status":"","ping_status":"","sticky":false,"template":"","format":"standard","meta":{"footnotes":""},"categories":[22],"tags":[122,42,38,40,39,41,123],"class_list":{"0":"post-162560","1":"post","2":"type-post","3":"status-publish","4":"format-standard","5":"has-post-thumbnail","7":"category-rozrywka","8":"tag-entertainment","9":"tag-pl","10":"tag-poland","11":"tag-polish","12":"tag-polska","13":"tag-polski","14":"tag-rozrywka"},"share_on_mastodon":{"url":"https:\/\/pubeurope.com\/@pl\/115755984058530674","error":""},"_links":{"self":[{"href":"https:\/\/www.europesays.com\/pl\/wp-json\/wp\/v2\/posts\/162560","targetHints":{"allow":["GET"]}}],"collection":[{"href":"https:\/\/www.europesays.com\/pl\/wp-json\/wp\/v2\/posts"}],"about":[{"href":"https:\/\/www.europesays.com\/pl\/wp-json\/wp\/v2\/types\/post"}],"author":[{"embeddable":true,"href":"https:\/\/www.europesays.com\/pl\/wp-json\/wp\/v2\/users\/2"}],"replies":[{"embeddable":true,"href":"https:\/\/www.europesays.com\/pl\/wp-json\/wp\/v2\/comments?post=162560"}],"version-history":[{"count":0,"href":"https:\/\/www.europesays.com\/pl\/wp-json\/wp\/v2\/posts\/162560\/revisions"}],"wp:featuredmedia":[{"embeddable":true,"href":"https:\/\/www.europesays.com\/pl\/wp-json\/wp\/v2\/media\/162561"}],"wp:attachment":[{"href":"https:\/\/www.europesays.com\/pl\/wp-json\/wp\/v2\/media?parent=162560"}],"wp:term":[{"taxonomy":"category","embeddable":true,"href":"https:\/\/www.europesays.com\/pl\/wp-json\/wp\/v2\/categories?post=162560"},{"taxonomy":"post_tag","embeddable":true,"href":"https:\/\/www.europesays.com\/pl\/wp-json\/wp\/v2\/tags?post=162560"}],"curies":[{"name":"wp","href":"https:\/\/api.w.org\/{rel}","templated":true}]}}