{"id":162606,"date":"2025-12-21T06:50:13","date_gmt":"2025-12-21T06:50:13","guid":{"rendered":"https:\/\/www.europesays.com\/pl\/162606\/"},"modified":"2025-12-21T06:50:13","modified_gmt":"2025-12-21T06:50:13","slug":"kubicka-wyprowadzila-sie-z-domu-tak-ozdobila-mieszkanie-na-swieta","status":"publish","type":"post","link":"https:\/\/www.europesays.com\/pl\/162606\/","title":{"rendered":"Kubicka wyprowadzi\u0142a si\u0119 z domu. Tak ozdobi\u0142a mieszkanie na \u015bwi\u0119ta"},"content":{"rendered":"<p class=\"Paragraph_desktopParagraph__U31Gm\">10 grudnia media obieg\u0142a informacja, \u017ce w listopadzie do warszawskiego s\u0105du trafi\u0142 kolejny pozew rozwodowy <a href=\"https:\/\/plejada.pl\/temat\/sandra-kubicka\/cdfldwm\" id=\"f9b56373-a6e7-41d4-8e34-8533655a422f\" rel=\"nofollow noopener\" target=\"_blank\">Sandry Kubickiej<\/a> i <a href=\"https:\/\/plejada.pl\/temat\/aleksander-milwiw-baron\/gl690tt\" id=\"427c10e9-b0d0-4bac-a1b1-453850cecfdf\" rel=\"nofollow noopener\" target=\"_blank\">Aleksandra Milwiw-Barona<\/a>. Pomimo wcze\u015bniejszych pr\u00f3b ratowania ma\u0142\u017ce\u0144stwa, w tym wycofania jednego z wniosk\u00f3w rozwodowych, celebrytka zdecydowa\u0142a si\u0119 ponownie podj\u0105\u0107 t\u0119 decyzj\u0119.<\/p>\n<p class=\"Paragraph_desktopParagraph__U31Gm\">Nied\u0142ugo p\u00f3\u017aniej celebrytka poinformowa\u0142a swoich obserwator\u00f3w, \u017ce opu\u015bci\u0142a wsp\u00f3lny dom, kt\u00f3ry dzieli\u0142a z m\u0119\u017cem i dzieckiem, decyduj\u0105c si\u0119 na przeprowadzk\u0119 do nowego mieszkania. &#8222;(&#8230;) To jest moje nowe mieszkanie. <a href=\"https:\/\/plejada.pl\/newsy\/sandra-kubicka-zmienia-miejsce-zamieszkania-nikt-nikogo-nie-wyrzucil\/453sbyz\" id=\"786248cb-b373-4934-9d77-6ef66900ea88\" rel=\"nofollow noopener\" target=\"_blank\">Nikt nikogo nie wyrzuci\u0142, od razu tutaj ucinam wszystkie spekulacje<\/a>, jakie\u015b wymys\u0142y, Wszystko jest okej. Nadal jeste\u015bmy w\u0142a\u015bcicielami domu&#8221; \u2014 powiedzia\u0142a na InstaStories.<\/p>\n<p class=\"Paragraph_desktopParagraph__U31Gm\">Jak wyja\u015bni\u0142a, na razie kursuje mi\u0119dzy nowym mieszkaniem, kt\u00f3re wymaga jeszcze pewnych prac wyko\u0144czeniowych, a dotychczasowym adresem, przygotowuj\u0105c pok\u00f3j dla syna i rozpakowuj\u0105c rzeczy.<\/p>\n<ul class=\"OchatFollowUps_wrapper__1ry7X\">\n<li class=\"OchatFollowUps_item__Dhyly OchatFollowUps_itemDesktop__R6aBv\">Dlaczego Sandra Kubicka si\u0119 wyprowadzi\u0142a?<\/li>\n<li class=\"OchatFollowUps_item__Dhyly OchatFollowUps_itemDesktop__R6aBv\">Jakie dekoracje wybra\u0142a Sandra na \u015bwi\u0119ta?<\/li>\n<li class=\"OchatFollowUps_item__Dhyly OchatFollowUps_itemDesktop__R6aBv\">Z jakiego materia\u0142u jest choinka Sandry Kubickiej?<\/li>\n<li class=\"OchatFollowUps_item__Dhyly OchatFollowUps_itemDesktop__R6aBv\">Jak Sandra Kubicka opisuje swoje nowe mieszkanie?<\/li>\n<\/ul>\n<p>Kubicka ozdobi\u0142a mieszkanie na \u015bwi\u0119ta  <\/p>\n<p class=\"Paragraph_desktopParagraph__U31Gm\">Mimo trudnych chwil Sandra Kubicka postanowi\u0142a wprowadzi\u0107 do swojego nowego mieszkania \u015bwi\u0105teczn\u0105 atmosfer\u0119. Celebrytka podzieli\u0142a si\u0119 z fanami zdj\u0119ciem choinki, zwracaj\u0105c przy tym uwag\u0119, \u017ce tym razem wyj\u0105tkowo postawi\u0142a na \u017cywe drzewko. &#8222;To, \u017ce pierwszy raz mam \u017cyw\u0105 choink\u0119, to ju\u017c wiecie. Widzicie, pi\u0119knie zamykam ten rok. Trudny dla mnie rok zamykam takimi pierwszymi razami i takimi wspomnieniami&#8221; \u2014 przyzna\u0142a na Instagramie.<\/p>\n<p><img decoding=\"async\" class=\"Image_image__0tuHp Image_autoHeight__f2n87 \" height=\"587\" width=\"345\" src=\"https:\/\/www.europesays.com\/pl\/wp-content\/uploads\/2025\/12\/xsDk9kpTURBXy83YmNmMTg4YTY0N2FkNWM3MjVjNjczNGIyMzgyZmExYi5qcGeSlQLNA6wAwsOVAgDNAkvCw94AA6EwAaExAaEzw.jpeg\" alt=\"Sandra Kubicka przyozdobi\u0142a mieszkanie na \u015bwi\u0119ta\" loading=\"lazy\" \/>Instagram\/sandrakubicka<\/p>\n<p>Sandra Kubicka przyozdobi\u0142a mieszkanie na \u015bwi\u0119ta<\/p>\n<p class=\"Paragraph_desktopParagraph__U31Gm\">Sandra Kubicka, zachwycona efektem ko\u0144cowym, doda\u0142a, \u017ce jej mieszkanie sta\u0142o si\u0119 wyj\u0105tkowo przytulne, a ona sama nie ma ochoty z niego wychodzi\u0107. &#8222;Szczerze? To mi si\u0119 nawet nie chce wychodzi\u0107, tak tu jest przytulnie&#8221; \u2014 napisa\u0142a na InstaStories.<\/p>\n<p><img decoding=\"async\" class=\"Image_image__0tuHp Image_autoHeight__f2n87 \" height=\"587\" width=\"331\" src=\"https:\/\/www.europesays.com\/pl\/wp-content\/uploads\/2025\/12\/XNAk9kpTURBXy81Y2EzZTdmNGJlNGFhNTQ5NjlhYzliN2Q4MjhiOWRhNC5qcGeSlQLNA6wAwsOVAgDNAkvCw94AA6EwAaExAaEzw.jpeg\" alt=\"Sandra Kubicka przyozdobi\u0142a mieszkanie na \u015bwi\u0119ta\" loading=\"lazy\" \/>Instagram\/sandrakubicka<\/p>\n<p>Sandra Kubicka przyozdobi\u0142a mieszkanie na \u015bwi\u0119ta<\/p>\n<p class=\"Paragraph_desktopParagraph__U31Gm\">Poza przyozdobieniem choinki celebrytka zadba\u0142a tak\u017ce o dekoracje w ca\u0142ym mieszkaniu, w tym \u015bwi\u0105teczne poduszki, kt\u00f3re ozdobi\u0142y jej bia\u0142\u0105 kanap\u0119.<\/p>\n<p class=\"Paragraph_desktopParagraph__U31Gm\">W\u015br\u00f3d dekoracji zdecydowanie dominuj\u0105 czerwie\u0144 i biel, kt\u00f3re wprowadzaj\u0105 ciep\u0142y, \u015bwi\u0105teczny nastr\u00f3j.<\/p>\n<p><img decoding=\"async\" class=\"Image_image__0tuHp Image_autoHeight__f2n87 \" height=\"587\" width=\"675\" src=\"https:\/\/www.europesays.com\/pl\/wp-content\/uploads\/2025\/12\/NXkk9kpTURBXy80YTIzMDZlZmJiN2U3OWJkNmUyZmYxZTQxYmYxNjhmNy5wbmeSlQLNA6wAwsOVAgDNAkvCw94AA6EwAaExAaEzw.jpeg\" alt=\"Sandra Kubicka przyozdobi\u0142a mieszkanie na \u015bwi\u0119ta\" loading=\"lazy\" \/>Instagram\/sandrakubicka<\/p>\n<p>Sandra Kubicka przyozdobi\u0142a mieszkanie na \u015bwi\u0119ta<\/p>\n<p class=\"Paragraph_desktopParagraph__U31Gm\">Dzi\u0119kujemy, \u017ce przeczyta\u0142a\u015b\/e\u015b nasz artyku\u0142 do ko\u0144ca. W serwisie Plejada.pl ka\u017cdego dnia piszemy o najwa\u017cniejszych wydarzeniach show-biznesowych. <\/p>\n<p class=\"Paragraph_desktopParagraph__U31Gm\">B\u0105d\u017a na bie\u017c\u0105co! <a rel=\"nofollow noopener\" href=\"https:\/\/news.google.com\/publications\/CAAiEF0PeAlb7W1llpV_mwV2rL4qFAgKIhBdD3gJW-1tZZaVf5sFdqy-?hl=pl&amp;gl=PL&amp;ceid=PL%3Apl\" id=\"73ba5f44-3369-4b2c-ae24-a8edbe91bc69\" target=\"_blank\">Obserwuj<\/a> Plejad\u0119 w Wiadomo\u015bciach Google. Odwied\u017a nas tak\u017ce na <a rel=\"nofollow noopener\" href=\"https:\/\/www.facebook.com\/plejadapl\" id=\"6ec36d2d-e381-4e8b-b6d3-ee202ec5e6c6\" target=\"_blank\">Facebooku<\/a>, <a rel=\"nofollow noopener\" href=\"https:\/\/www.instagram.com\/plejadapl\/\" id=\"cea9732c-f298-4d6f-a1b5-a42183d8157e\" target=\"_blank\">Instagramie<\/a>, <a rel=\"nofollow noopener\" href=\"https:\/\/www.youtube.com\/c\/plejada\" id=\"523a88f1-c4b8-4b8b-9d7c-5c84df07d853\" target=\"_blank\">YouTubie<\/a> oraz <a rel=\"nofollow noopener\" href=\"https:\/\/www.tiktok.com\/@plejada_pl\" id=\"ff5c7294-776d-49cb-bc5c-d16dbacf13e1\" target=\"_blank\">TikToku<\/a>.<\/p>\n<p class=\"Paragraph_desktopParagraph__U31Gm\">Chcesz podzieli\u0107 si\u0119 ciekawym newsem lub zaproponowa\u0107 temat? Skontaktuj si\u0119 z nami, pisz\u0105c maila na adres: <a href=\"https:\/\/www.onet.pl\/styl-zycia\/plejada\/kubicka-wyprowadzila-sie-z-domu-tak-ozdobila-mieszkanie-na-swieta\/mailto:plejada@redakcjaonet.pl\" id=\"25da2311-c5ed-443b-8298-ed5a398ea460\" rel=\"nofollow noopener\" target=\"_blank\">plejada@redakcjaonet.pl<\/a>.<\/p>\n<p><script async src=\"\/\/www.instagram.com\/embed.js\"><\/script><script async src=\"\/\/www.tiktok.com\/embed.js\"><\/script><\/p>\n","protected":false},"excerpt":{"rendered":"10 grudnia media obieg\u0142a informacja, \u017ce w listopadzie do warszawskiego s\u0105du trafi\u0142 kolejny pozew rozwodowy Sandry Kubickiej i&hellip;\n","protected":false},"author":2,"featured_media":162607,"comment_status":"","ping_status":"","sticky":false,"template":"","format":"standard","meta":{"footnotes":""},"categories":[22],"tags":[122,67,53,52,68,51,55,42,38,40,39,41,123,2992,47,196,1607,65,50],"class_list":{"0":"post-162606","1":"post","2":"type-post","3":"status-publish","4":"format-standard","5":"has-post-thumbnail","7":"category-rozrywka","8":"tag-entertainment","9":"tag-intextvideo_splayer","10":"tag-new_header","11":"tag-onet3","12":"tag-onet3d","13":"tag-onet3d_2i","14":"tag-phx","15":"tag-pl","16":"tag-poland","17":"tag-polish","18":"tag-polska","19":"tag-polski","20":"tag-rozrywka","21":"tag-sandra_kubicka","22":"tag-screening_general","23":"tag-styl_zycia","24":"tag-time_limited","25":"tag-update_me","26":"tag-v2021"},"share_on_mastodon":{"url":"https:\/\/pubeurope.com\/@pl\/115756231902292119","error":""},"_links":{"self":[{"href":"https:\/\/www.europesays.com\/pl\/wp-json\/wp\/v2\/posts\/162606","targetHints":{"allow":["GET"]}}],"collection":[{"href":"https:\/\/www.europesays.com\/pl\/wp-json\/wp\/v2\/posts"}],"about":[{"href":"https:\/\/www.europesays.com\/pl\/wp-json\/wp\/v2\/types\/post"}],"author":[{"embeddable":true,"href":"https:\/\/www.europesays.com\/pl\/wp-json\/wp\/v2\/users\/2"}],"replies":[{"embeddable":true,"href":"https:\/\/www.europesays.com\/pl\/wp-json\/wp\/v2\/comments?post=162606"}],"version-history":[{"count":0,"href":"https:\/\/www.europesays.com\/pl\/wp-json\/wp\/v2\/posts\/162606\/revisions"}],"wp:featuredmedia":[{"embeddable":true,"href":"https:\/\/www.europesays.com\/pl\/wp-json\/wp\/v2\/media\/162607"}],"wp:attachment":[{"href":"https:\/\/www.europesays.com\/pl\/wp-json\/wp\/v2\/media?parent=162606"}],"wp:term":[{"taxonomy":"category","embeddable":true,"href":"https:\/\/www.europesays.com\/pl\/wp-json\/wp\/v2\/categories?post=162606"},{"taxonomy":"post_tag","embeddable":true,"href":"https:\/\/www.europesays.com\/pl\/wp-json\/wp\/v2\/tags?post=162606"}],"curies":[{"name":"wp","href":"https:\/\/api.w.org\/{rel}","templated":true}]}}